{"id":97092,"date":"2019-07-25T18:00:00","date_gmt":"2019-07-25T21:00:00","guid":{"rendered":"http:\/\/www.hoymercedes.com.ar\/principal\/?p=97092"},"modified":"2019-07-25T18:00:16","modified_gmt":"2019-07-25T21:00:16","slug":"en-general-rodriguez-se-presentaron-los-equipos-de-futbol-inclusivo","status":"publish","type":"post","link":"https:\/\/www.hoymercedes.com.ar\/principal\/2019\/07\/25\/en-general-rodriguez-se-presentaron-los-equipos-de-futbol-inclusivo\/","title":{"rendered":"En General Rodr\u00edguez se presentaron los equipos de F\u00fatbol Inclusivo"},"content":{"rendered":"\n<p>El F\u00fatbol Inclusivo volvi\u00f3 a tener actividad luego de varias suspensiones y la cuarta fecha se llev\u00f3 adelante. La Escuela Municipal, conocida como \u00abLa Academia Inclusiva\u00bb, viaj\u00f3 a General Rodr\u00edguez para jugar dos partidos.<\/p>\n\n\n\n<figure class=\"wp-block-image\"><img loading=\"lazy\" decoding=\"async\" width=\"650\" height=\"356\" data-attachment-id=\"97093\" data-permalink=\"https:\/\/www.hoymercedes.com.ar\/principal\/2019\/07\/25\/en-general-rodriguez-se-presentaron-los-equipos-de-futbol-inclusivo\/inclusivo\/#main\" data-orig-file=\"https:\/\/www.hoymercedes.com.ar\/principal\/wp-content\/uploads\/2019\/07\/inclusivo.jpg\" data-orig-size=\"650,356\" data-comments-opened=\"0\" data-image-meta=\"{&quot;aperture&quot;:&quot;0&quot;,&quot;credit&quot;:&quot;&quot;,&quot;camera&quot;:&quot;&quot;,&quot;caption&quot;:&quot;&quot;,&quot;created_timestamp&quot;:&quot;0&quot;,&quot;copyright&quot;:&quot;&quot;,&quot;focal_length&quot;:&quot;0&quot;,&quot;iso&quot;:&quot;0&quot;,&quot;shutter_speed&quot;:&quot;0&quot;,&quot;title&quot;:&quot;&quot;,&quot;orientation&quot;:&quot;0&quot;}\" data-image-title=\"inclusivo\" data-image-description=\"\" data-image-caption=\"\" data-large-file=\"https:\/\/www.hoymercedes.com.ar\/principal\/wp-content\/uploads\/2019\/07\/inclusivo.jpg\" src=\"https:\/\/www.hoymercedes.com.ar\/principal\/wp-content\/uploads\/2019\/07\/inclusivo.jpg\" alt=\"\" class=\"wp-image-97093\" srcset=\"https:\/\/www.hoymercedes.com.ar\/principal\/wp-content\/uploads\/2019\/07\/inclusivo.jpg 650w, https:\/\/www.hoymercedes.com.ar\/principal\/wp-content\/uploads\/2019\/07\/inclusivo-150x82.jpg 150w, https:\/\/www.hoymercedes.com.ar\/principal\/wp-content\/uploads\/2019\/07\/inclusivo-630x345.jpg 630w\" sizes=\"auto, (max-width: 650px) 100vw, 650px\" \/><\/figure>\n\n\n\n<p>El equipo que est\u00e1 en la Zona D empat\u00f3 1 a 1 con Dolores. El gol lo marc\u00f3 Jonatan Camba. En tanto el elenco de Zona H tuvo un traspi\u00e9 por 5 a 1 frente al a Nueva Esperanza (General Rodr\u00edguez), el gol fue convertido por Braian Valdez.<\/p>\n\n\n\n<p>Los dos conjuntos est\u00e1n en buenas ubicaciones en la tabla de sus grupos, la pr\u00f3xima fecha ser\u00e1 en el mes de agosto con una doble jornada. En la ocasi\u00f3n, en la jornada del s\u00e1bado 20 estuvieron con los planteles los profesores Rodrigo B\u00e1ez, Maximiliano Gim\u00e9nez y Sebasti\u00e1n Adorno que vienen trabajando en entrenamientos y torneos.<\/p>\n","protected":false},"excerpt":{"rendered":"<p>El F\u00fatbol Inclusivo volvi\u00f3 a tener actividad luego de varias suspensiones y la cuarta fecha se llev\u00f3 adelante. La Escuela &#8230; <a title=\"En General Rodr\u00edguez se presentaron los equipos de F\u00fatbol Inclusivo\" class=\"read-more\" href=\"https:\/\/www.hoymercedes.com.ar\/principal\/2019\/07\/25\/en-general-rodriguez-se-presentaron-los-equipos-de-futbol-inclusivo\/\" aria-label=\"Leer m\u00e1s sobre En General Rodr\u00edguez se presentaron los equipos de F\u00fatbol Inclusivo\">Leer m\u00e1s<\/a><\/p>\n","protected":false},"author":1,"featured_media":97093,"comment_status":"closed","ping_status":"open","sticky":false,"template":"","format":"standard","meta":{"_monsterinsights_skip_tracking":false,"_monsterinsights_sitenote_active":false,"_monsterinsights_sitenote_note":"","_monsterinsights_sitenote_category":0,"jetpack_post_was_ever_published":false,"_jetpack_newsletter_access":"","_jetpack_dont_email_post_to_subs":false,"_jetpack_newsletter_tier_id":0,"_jetpack_memberships_contains_paywalled_content":false,"_jetpack_memberships_contains_paid_content":false,"footnotes":"","jetpack_publicize_message":"","jetpack_publicize_feature_enabled":true,"jetpack_social_post_already_shared":false,"jetpack_social_options":{"image_generator_settings":{"template":"highway","default_image_id":0,"font":"","enabled":false},"version":2},"_wpas_customize_per_network":false},"categories":[21],"tags":[15244,15245],"class_list":["post-97092","post","type-post","status-publish","format-standard","has-post-thumbnail","hentry","category-deportes","tag-futbol-inclusivo","tag-liga-de-futbol-inclusiva","generate-columns","tablet-grid-50","mobile-grid-100","grid-parent","grid-50"],"jetpack_publicize_connections":[],"jetpack_featured_media_url":"https:\/\/www.hoymercedes.com.ar\/principal\/wp-content\/uploads\/2019\/07\/inclusivo.jpg","wps_subtitle":"F\u00fatbol Inclusivo","jetpack_sharing_enabled":true,"_links":{"self":[{"href":"https:\/\/www.hoymercedes.com.ar\/principal\/wp-json\/wp\/v2\/posts\/97092","targetHints":{"allow":["GET"]}}],"collection":[{"href":"https:\/\/www.hoymercedes.com.ar\/principal\/wp-json\/wp\/v2\/posts"}],"about":[{"href":"https:\/\/www.hoymercedes.com.ar\/principal\/wp-json\/wp\/v2\/types\/post"}],"author":[{"embeddable":true,"href":"https:\/\/www.hoymercedes.com.ar\/principal\/wp-json\/wp\/v2\/users\/1"}],"replies":[{"embeddable":true,"href":"https:\/\/www.hoymercedes.com.ar\/principal\/wp-json\/wp\/v2\/comments?post=97092"}],"version-history":[{"count":0,"href":"https:\/\/www.hoymercedes.com.ar\/principal\/wp-json\/wp\/v2\/posts\/97092\/revisions"}],"wp:featuredmedia":[{"embeddable":true,"href":"https:\/\/www.hoymercedes.com.ar\/principal\/wp-json\/wp\/v2\/media\/97093"}],"wp:attachment":[{"href":"https:\/\/www.hoymercedes.com.ar\/principal\/wp-json\/wp\/v2\/media?parent=97092"}],"wp:term":[{"taxonomy":"category","embeddable":true,"href":"https:\/\/www.hoymercedes.com.ar\/principal\/wp-json\/wp\/v2\/categories?post=97092"},{"taxonomy":"post_tag","embeddable":true,"href":"https:\/\/www.hoymercedes.com.ar\/principal\/wp-json\/wp\/v2\/tags?post=97092"}],"curies":[{"name":"wp","href":"https:\/\/api.w.org\/{rel}","templated":true}]}}