{"id":97134,"date":"2019-07-25T11:40:31","date_gmt":"2019-07-25T14:40:31","guid":{"rendered":"http:\/\/www.hoymercedes.com.ar\/principal\/?p=97134"},"modified":"2019-07-25T09:46:45","modified_gmt":"2019-07-25T12:46:45","slug":"avanza-el-centro-de-diagnostico-municipal","status":"publish","type":"post","link":"https:\/\/www.hoymercedes.com.ar\/principal\/2019\/07\/25\/avanza-el-centro-de-diagnostico-municipal\/","title":{"rendered":"Avanza el Centro de Diagn\u00f3stico Municipal"},"content":{"rendered":"\n<p>El intendente Juan Ignacio Ustarroz recorri\u00f3 lo que prontamente ser\u00e1 el primer Centro de Diagn\u00f3stico Municipal. El edificio ubicado en calle 24 y 43 avanza . Tendr\u00e1 radiolog\u00eda digital, ecograf\u00edas 4D y un mam\u00f3grafo. A\u00fan no confirmaron la fecha de inauguraci\u00f3n. <\/p>\n\n\n\n<figure class=\"wp-block-image\"><img loading=\"lazy\" decoding=\"async\" width=\"750\" height=\"500\" data-attachment-id=\"97135\" data-permalink=\"https:\/\/www.hoymercedes.com.ar\/principal\/2019\/07\/25\/avanza-el-centro-de-diagnostico-municipal\/25-muni-diagn-1\/#main\" data-orig-file=\"https:\/\/www.hoymercedes.com.ar\/principal\/wp-content\/uploads\/2019\/07\/25-muni-diagn-1.jpg\" data-orig-size=\"750,500\" data-comments-opened=\"0\" data-image-meta=\"{&quot;aperture&quot;:&quot;0&quot;,&quot;credit&quot;:&quot;&quot;,&quot;camera&quot;:&quot;&quot;,&quot;caption&quot;:&quot;&quot;,&quot;created_timestamp&quot;:&quot;0&quot;,&quot;copyright&quot;:&quot;&quot;,&quot;focal_length&quot;:&quot;0&quot;,&quot;iso&quot;:&quot;0&quot;,&quot;shutter_speed&quot;:&quot;0&quot;,&quot;title&quot;:&quot;&quot;,&quot;orientation&quot;:&quot;0&quot;}\" data-image-title=\"25 muni diagn 1\" data-image-description=\"\" data-image-caption=\"\" data-large-file=\"https:\/\/www.hoymercedes.com.ar\/principal\/wp-content\/uploads\/2019\/07\/25-muni-diagn-1.jpg\" src=\"https:\/\/www.hoymercedes.com.ar\/principal\/wp-content\/uploads\/2019\/07\/25-muni-diagn-1.jpg\" alt=\"\" class=\"wp-image-97135\" srcset=\"https:\/\/www.hoymercedes.com.ar\/principal\/wp-content\/uploads\/2019\/07\/25-muni-diagn-1.jpg 750w, https:\/\/www.hoymercedes.com.ar\/principal\/wp-content\/uploads\/2019\/07\/25-muni-diagn-1-150x100.jpg 150w, https:\/\/www.hoymercedes.com.ar\/principal\/wp-content\/uploads\/2019\/07\/25-muni-diagn-1-630x420.jpg 630w, https:\/\/www.hoymercedes.com.ar\/principal\/wp-content\/uploads\/2019\/07\/25-muni-diagn-1-720x480.jpg 720w, https:\/\/www.hoymercedes.com.ar\/principal\/wp-content\/uploads\/2019\/07\/25-muni-diagn-1-360x240.jpg 360w\" sizes=\"auto, (max-width: 750px) 100vw, 750px\" \/><\/figure>\n\n\n\n<p>\u201cEstamos muy contentos con la obra, ac\u00e1 hay una excelente articulaci\u00f3n entre la secretar\u00eda de salud y la de obra p\u00fablica que consideramos lo m\u00e1s importante, trabajar todos con el mismo objetivo, las mismas ganas y entusiasmo por el bienestar de todos los mercedinos\u201d subray\u00f3 el intendente Juan Ignacio Ustarroz.<\/p>\n\n\n\n<p>\u201cEste es un dispositivo nuevo y una obra necesaria para nuestra ciudad que viene a brindar\u00a0\u00a0mejoras el servicio de salud\u201d destac\u00f3 Ustarroz. A lo que agreg\u00f3: \u201cDesde el Municipio continuamos invirtiendo sabiendo la importancia y el beneficio que esto conllevar\u00e1 para nuestros vecinos, entendiendo la demanda\u00bb.<\/p>\n\n\n\n<p>La obra requiere una inversi\u00f3n de $5.104.081 providentes de fondos de los mercedinos, y la moratoria efectuada que ha dado excelentes resultados, sin tomar deuda y pagando en t\u00e9rmino. <\/p>\n\n\n\n<figure class=\"wp-block-image\"><img loading=\"lazy\" decoding=\"async\" width=\"750\" height=\"500\" data-attachment-id=\"97135\" data-permalink=\"https:\/\/www.hoymercedes.com.ar\/principal\/2019\/07\/25\/avanza-el-centro-de-diagnostico-municipal\/25-muni-diagn-1\/#main\" data-orig-file=\"https:\/\/www.hoymercedes.com.ar\/principal\/wp-content\/uploads\/2019\/07\/25-muni-diagn-1.jpg\" data-orig-size=\"750,500\" data-comments-opened=\"0\" data-image-meta=\"{&quot;aperture&quot;:&quot;0&quot;,&quot;credit&quot;:&quot;&quot;,&quot;camera&quot;:&quot;&quot;,&quot;caption&quot;:&quot;&quot;,&quot;created_timestamp&quot;:&quot;0&quot;,&quot;copyright&quot;:&quot;&quot;,&quot;focal_length&quot;:&quot;0&quot;,&quot;iso&quot;:&quot;0&quot;,&quot;shutter_speed&quot;:&quot;0&quot;,&quot;title&quot;:&quot;&quot;,&quot;orientation&quot;:&quot;0&quot;}\" data-image-title=\"25 muni diagn 1\" data-image-description=\"\" data-image-caption=\"\" data-large-file=\"https:\/\/www.hoymercedes.com.ar\/principal\/wp-content\/uploads\/2019\/07\/25-muni-diagn-1.jpg\" src=\"https:\/\/www.hoymercedes.com.ar\/principal\/wp-content\/uploads\/2019\/07\/25-muni-diagn-1.jpg\" alt=\"\" class=\"wp-image-97135\" srcset=\"https:\/\/www.hoymercedes.com.ar\/principal\/wp-content\/uploads\/2019\/07\/25-muni-diagn-1.jpg 750w, https:\/\/www.hoymercedes.com.ar\/principal\/wp-content\/uploads\/2019\/07\/25-muni-diagn-1-150x100.jpg 150w, https:\/\/www.hoymercedes.com.ar\/principal\/wp-content\/uploads\/2019\/07\/25-muni-diagn-1-630x420.jpg 630w, https:\/\/www.hoymercedes.com.ar\/principal\/wp-content\/uploads\/2019\/07\/25-muni-diagn-1-720x480.jpg 720w, https:\/\/www.hoymercedes.com.ar\/principal\/wp-content\/uploads\/2019\/07\/25-muni-diagn-1-360x240.jpg 360w\" sizes=\"auto, (max-width: 750px) 100vw, 750px\" \/><\/figure>\n\n\n\n<p>Por su parte, el secretario de salud, el m\u00e9dico Pablo Cassiani dijo \u201cvimos la necesidad que ten\u00eda la poblaci\u00f3n\u201dque viaja a ciudades vecinas a realizarse estos estudios, por lo que tener un centro de estas caracter\u00edsticas es sumamente beneficioso\u201d.\u00a0<\/p>\n\n\n\n<p>\u201cLa idea es que los vecinos se puedan atender, tanto con obra social como sin ella, y despu\u00e9s lo que nosotros haremos es a trav\u00e9s del SAMO recuperar esos costos y reinvertirlos en el sistema de salud.\u00bb agreg\u00f3 Cassiani. <\/p>\n\n\n\n<p>Los servicios que brindar\u00e1 el centro ser\u00e1 radiolog\u00eda digital (radiograf\u00edas de \u00faltima generaci\u00f3n), ecograf\u00edas 4D, y un mam\u00f3grafo. <\/p>\n","protected":false},"excerpt":{"rendered":"<p>El intendente Juan Ignacio Ustarroz recorri\u00f3 lo que prontamente ser\u00e1 el primer Centro de Diagn\u00f3stico Municipal. El edificio ubicado en &#8230; <a title=\"Avanza el Centro de Diagn\u00f3stico Municipal\" class=\"read-more\" href=\"https:\/\/www.hoymercedes.com.ar\/principal\/2019\/07\/25\/avanza-el-centro-de-diagnostico-municipal\/\" aria-label=\"Leer m\u00e1s sobre Avanza el Centro de Diagn\u00f3stico Municipal\">Leer m\u00e1s<\/a><\/p>\n","protected":false},"author":1,"featured_media":97136,"comment_status":"closed","ping_status":"open","sticky":false,"template":"","format":"standard","meta":{"_monsterinsights_skip_tracking":false,"_monsterinsights_sitenote_active":false,"_monsterinsights_sitenote_note":"","_monsterinsights_sitenote_category":0,"jetpack_post_was_ever_published":false,"_jetpack_newsletter_access":"","_jetpack_dont_email_post_to_subs":false,"_jetpack_newsletter_tier_id":0,"_jetpack_memberships_contains_paywalled_content":false,"_jetpack_memberships_contains_paid_content":false,"footnotes":"","jetpack_publicize_message":"","jetpack_publicize_feature_enabled":true,"jetpack_social_post_already_shared":true,"jetpack_social_options":{"image_generator_settings":{"template":"highway","default_image_id":0,"font":"","enabled":false},"version":2},"_wpas_customize_per_network":false},"categories":[30],"tags":[13107,244,134],"class_list":["post-97134","post","type-post","status-publish","format-standard","has-post-thumbnail","hentry","category-municipio","tag-centro-de-diagnostico-por-imagenes","tag-municipio-2","tag-salud","generate-columns","tablet-grid-50","mobile-grid-100","grid-parent","grid-50"],"jetpack_publicize_connections":[],"jetpack_featured_media_url":"https:\/\/www.hoymercedes.com.ar\/principal\/wp-content\/uploads\/2019\/07\/25-muni-diagn-2.jpg","wps_subtitle":"","jetpack_sharing_enabled":true,"_links":{"self":[{"href":"https:\/\/www.hoymercedes.com.ar\/principal\/wp-json\/wp\/v2\/posts\/97134","targetHints":{"allow":["GET"]}}],"collection":[{"href":"https:\/\/www.hoymercedes.com.ar\/principal\/wp-json\/wp\/v2\/posts"}],"about":[{"href":"https:\/\/www.hoymercedes.com.ar\/principal\/wp-json\/wp\/v2\/types\/post"}],"author":[{"embeddable":true,"href":"https:\/\/www.hoymercedes.com.ar\/principal\/wp-json\/wp\/v2\/users\/1"}],"replies":[{"embeddable":true,"href":"https:\/\/www.hoymercedes.com.ar\/principal\/wp-json\/wp\/v2\/comments?post=97134"}],"version-history":[{"count":0,"href":"https:\/\/www.hoymercedes.com.ar\/principal\/wp-json\/wp\/v2\/posts\/97134\/revisions"}],"wp:featuredmedia":[{"embeddable":true,"href":"https:\/\/www.hoymercedes.com.ar\/principal\/wp-json\/wp\/v2\/media\/97136"}],"wp:attachment":[{"href":"https:\/\/www.hoymercedes.com.ar\/principal\/wp-json\/wp\/v2\/media?parent=97134"}],"wp:term":[{"taxonomy":"category","embeddable":true,"href":"https:\/\/www.hoymercedes.com.ar\/principal\/wp-json\/wp\/v2\/categories?post=97134"},{"taxonomy":"post_tag","embeddable":true,"href":"https:\/\/www.hoymercedes.com.ar\/principal\/wp-json\/wp\/v2\/tags?post=97134"}],"curies":[{"name":"wp","href":"https:\/\/api.w.org\/{rel}","templated":true}]}}