{"id":97146,"date":"2019-07-25T15:44:09","date_gmt":"2019-07-25T18:44:09","guid":{"rendered":"http:\/\/www.hoymercedes.com.ar\/principal\/?p=97146"},"modified":"2019-07-25T15:47:58","modified_gmt":"2019-07-25T18:47:58","slug":"dos-aprehendidos-por-hurto-con-uso-de-inhibidores","status":"publish","type":"post","link":"https:\/\/www.hoymercedes.com.ar\/principal\/2019\/07\/25\/dos-aprehendidos-por-hurto-con-uso-de-inhibidores\/","title":{"rendered":"Dos aprehendidos por hurto con uso de inhibidores"},"content":{"rendered":"\n<p>Durante la jornada del viernes 19 del corriente,\nuna vecina de la localidad de Mercedes sufri\u00f3 la sustracci\u00f3n de varios efectos\nde valor de su veh\u00edculo, tras dejarlo estacionado en calles 21 entre 12 y 14. Malvivientes\nlograron apropiarse de los mismos sin mediar ning\u00fan tipo de violencia.<\/p>\n\n\n\n<p>En una tarea coordinada entre la Unidad Funcional\nde Instrucci\u00f3n y Juicio N.\u00ba 3 del Ministerio P\u00fablico Fiscal Departamental\nMercedes \u2013 a cargo del dr. Pedro Illanes -, la Polic\u00eda Comunal Mercedes y el\n\u00e1rea de Seguridad de la Municipalidad de la ciudad se logr\u00f3 aprehender a dos\nsujetos en la jornada del \u00faltimo martes. Los captaron mediante las c\u00e1maras de\nseguridad comunales ingresando a la ciudad, y ten\u00edan en su poder un artefacto\nconocido como \u201cinhibidor\u201d que se utiliza para desactivar los cierres\ncentralizados de ciertos veh\u00edculos.<\/p>\n\n\n\n<p>De acuerdo a lo que pudo conocerse, el hecho se\nprodujo en horas del mediod\u00eda del viernes pr\u00f3ximo pasado, cuando la vecina dej\u00f3\naparcado su veh\u00edculo marca Toyota modelo Hilux, colocando alarma y cierre\ncentralizado, en la intersecci\u00f3n de la calle 21 entre 12 y 14. Al regresar se\nencontr\u00f3 con el faltante de una cartera con documentaci\u00f3n, lentes y dinero en\nefectivo, y realiz\u00f3 la correspondiente denuncia.<\/p>\n\n\n\n<p>Con la colaboraci\u00f3n del Centro de Operaciones Mercedes\n(COM), en una tarea encabezada por el director de Seguridad, Esteban Rossi, se\ncapt\u00f3 un auto sospechoso &#8211; que no era de Mercedes &#8211; en el lugar del hecho a la\nmisma hora. <\/p>\n\n\n\n<p>El autom\u00f3vil \u2013 un Fiat Uno &#8211;&nbsp; qued\u00f3 investigado y se inici\u00f3 una tarea para\npoder dar con el mismo. Se llevaron a cabo diversas actuaciones a fin de\nidentificar a los autores.<\/p>\n\n\n\n<p>El martes 23 de julio regres\u00f3 a la ciudad y fue\ncaptado nuevamente por las c\u00e1maras de seguridad. Desde el COM se dio el aviso\ncorrespondiente a la Polic\u00eda Comunal que procedi\u00f3 a la aprehensi\u00f3n de dos\nsujetos que iban a bordo. En su poder se encontr\u00f3, al momento del registro, un\ninhibidor de se\u00f1al de cierre centralizado.<\/p>\n\n\n\n<p>Los imputados de 34 y 42 a\u00f1os son oriundos de\nFlorencio Varela y de C\u00f3rdoba. Ambos poseen antecedentes penales.<\/p>\n\n\n\n<p>Este mi\u00e9rcoles 24 comparecieron ante el Agente\nFiscal a cargo de la Unidad Funcional de Instrucci\u00f3n N\u00ba 3, por el delito de\n\u201cHurto agravado por el uso de instrumento similar a llave falsa\u201d. Tras ello, se\nsolicit\u00f3 al Juzgado de Garant\u00edas N.\u00ba 2 &#8211; a cargo del dr. Facundo Oliva &#8211;&nbsp; la conversi\u00f3n de la aprehensi\u00f3n en detenci\u00f3n.<\/p>\n\n\n\n<p><strong>Precauci\u00f3n <\/strong><\/p>\n\n\n\n<p>Se recomienda a la ciudadan\u00eda extremar los\ncuidados y prestar especial atenci\u00f3n al momento de cerrar los veh\u00edculos. Es que\ncon esta modalidad en ascenso, los malhechores aprovechan la creencia por parte\ndel damnificado de que dejan seguras sus pertenencias. Estos inhibidores no\npermiten que el veh\u00edculo se cierre, garantizando su acceso al habit\u00e1culo una vez\nque su propietario se aleja del lugar. <\/p>\n\n\n\n<p>Ante cualquier se\u00f1al de dificultad al cerrar el autom\u00f3vil de forma centralizada, dar aviso a las autoridades correspondientes dado que la se\u00f1al pudo haber sido interrumpida por alguno de estos artefactos.<\/p>\n\n\n\n<p>Fuente: Prensa Ministerio P\u00fablico Bonaerense &#8211; Depto Judicial Mercedes<\/p>\n","protected":false},"excerpt":{"rendered":"<p>Durante la jornada del viernes 19 del corriente, una vecina de la localidad de Mercedes sufri\u00f3 la sustracci\u00f3n de varios &#8230; <a title=\"Dos aprehendidos por hurto con uso de inhibidores\" class=\"read-more\" href=\"https:\/\/www.hoymercedes.com.ar\/principal\/2019\/07\/25\/dos-aprehendidos-por-hurto-con-uso-de-inhibidores\/\" aria-label=\"Leer m\u00e1s sobre Dos aprehendidos por hurto con uso de inhibidores\">Leer m\u00e1s<\/a><\/p>\n","protected":false},"author":1,"featured_media":97147,"comment_status":"closed","ping_status":"open","sticky":false,"template":"","format":"standard","meta":{"_monsterinsights_skip_tracking":false,"_monsterinsights_sitenote_active":false,"_monsterinsights_sitenote_note":"","_monsterinsights_sitenote_category":0,"jetpack_post_was_ever_published":false,"_jetpack_newsletter_access":"","_jetpack_dont_email_post_to_subs":false,"_jetpack_newsletter_tier_id":0,"_jetpack_memberships_contains_paywalled_content":false,"_jetpack_memberships_contains_paid_content":false,"footnotes":"","jetpack_publicize_message":"","jetpack_publicize_feature_enabled":true,"jetpack_social_post_already_shared":true,"jetpack_social_options":{"image_generator_settings":{"template":"highway","default_image_id":0,"font":"","enabled":false},"version":2},"_wpas_customize_per_network":false},"categories":[85],"tags":[215,10775,96],"class_list":["post-97146","post","type-post","status-publish","format-standard","has-post-thumbnail","hentry","category-policial","tag-detenciones","tag-ministerio-publico-bonaerense","tag-policial-2","generate-columns","tablet-grid-50","mobile-grid-100","grid-parent","grid-50"],"jetpack_publicize_connections":[],"jetpack_featured_media_url":"https:\/\/www.hoymercedes.com.ar\/principal\/wp-content\/uploads\/2019\/07\/25-poli-inhibidor.jpg","wps_subtitle":"Detenciones","jetpack_sharing_enabled":true,"_links":{"self":[{"href":"https:\/\/www.hoymercedes.com.ar\/principal\/wp-json\/wp\/v2\/posts\/97146","targetHints":{"allow":["GET"]}}],"collection":[{"href":"https:\/\/www.hoymercedes.com.ar\/principal\/wp-json\/wp\/v2\/posts"}],"about":[{"href":"https:\/\/www.hoymercedes.com.ar\/principal\/wp-json\/wp\/v2\/types\/post"}],"author":[{"embeddable":true,"href":"https:\/\/www.hoymercedes.com.ar\/principal\/wp-json\/wp\/v2\/users\/1"}],"replies":[{"embeddable":true,"href":"https:\/\/www.hoymercedes.com.ar\/principal\/wp-json\/wp\/v2\/comments?post=97146"}],"version-history":[{"count":0,"href":"https:\/\/www.hoymercedes.com.ar\/principal\/wp-json\/wp\/v2\/posts\/97146\/revisions"}],"wp:featuredmedia":[{"embeddable":true,"href":"https:\/\/www.hoymercedes.com.ar\/principal\/wp-json\/wp\/v2\/media\/97147"}],"wp:attachment":[{"href":"https:\/\/www.hoymercedes.com.ar\/principal\/wp-json\/wp\/v2\/media?parent=97146"}],"wp:term":[{"taxonomy":"category","embeddable":true,"href":"https:\/\/www.hoymercedes.com.ar\/principal\/wp-json\/wp\/v2\/categories?post=97146"},{"taxonomy":"post_tag","embeddable":true,"href":"https:\/\/www.hoymercedes.com.ar\/principal\/wp-json\/wp\/v2\/tags?post=97146"}],"curies":[{"name":"wp","href":"https:\/\/api.w.org\/{rel}","templated":true}]}}