{"id":97154,"date":"2019-07-25T19:00:49","date_gmt":"2019-07-25T22:00:49","guid":{"rendered":"http:\/\/www.hoymercedes.com.ar\/principal\/?p=97154"},"modified":"2019-07-25T18:42:01","modified_gmt":"2019-07-25T21:42:01","slug":"recorren-obras-de-la-escuela-primaria-n-8","status":"publish","type":"post","link":"https:\/\/www.hoymercedes.com.ar\/principal\/2019\/07\/25\/recorren-obras-de-la-escuela-primaria-n-8\/","title":{"rendered":"Recorren obras de la Escuela Primaria N\u00b0 8"},"content":{"rendered":"\n<p>El intendente Juan Ignacio Ustarroz estuvo recorriendo la escuela n\u00b08, lugar se est\u00e1n llevando adelante obras de refacci\u00f3n en su patio, sumado a una salida y medidas de seguridad. Alli estuvo con su directora, Andrea Cestari y el Consejo Escolar Jos\u00e9 Pisano.\u00a0\u00a0\u201cLa verdad que es muy grato ingresar a una escuela en pleno receso invernal y ver a la directora y al personal que est\u00e1 trabajando ya pensando en c\u00f3mo recibir a los chicos despu\u00e9s de las vacaciones\u201d<\/p>\n\n\n\n<figure class=\"wp-block-image\"><img loading=\"lazy\" decoding=\"async\" width=\"789\" height=\"526\" data-attachment-id=\"97156\" data-permalink=\"https:\/\/www.hoymercedes.com.ar\/principal\/2019\/07\/25\/recorren-obras-de-la-escuela-primaria-n-8\/25-ep-8-1\/#main\" data-orig-file=\"https:\/\/www.hoymercedes.com.ar\/principal\/wp-content\/uploads\/2019\/07\/25-EP-8-1.jpg\" data-orig-size=\"789,526\" data-comments-opened=\"0\" data-image-meta=\"{&quot;aperture&quot;:&quot;0&quot;,&quot;credit&quot;:&quot;&quot;,&quot;camera&quot;:&quot;&quot;,&quot;caption&quot;:&quot;&quot;,&quot;created_timestamp&quot;:&quot;0&quot;,&quot;copyright&quot;:&quot;&quot;,&quot;focal_length&quot;:&quot;0&quot;,&quot;iso&quot;:&quot;0&quot;,&quot;shutter_speed&quot;:&quot;0&quot;,&quot;title&quot;:&quot;&quot;,&quot;orientation&quot;:&quot;0&quot;}\" data-image-title=\"25 EP 8 1\" data-image-description=\"\" data-image-caption=\"\" data-large-file=\"https:\/\/www.hoymercedes.com.ar\/principal\/wp-content\/uploads\/2019\/07\/25-EP-8-1.jpg\" src=\"https:\/\/www.hoymercedes.com.ar\/principal\/wp-content\/uploads\/2019\/07\/25-EP-8-1.jpg\" alt=\"\" class=\"wp-image-97156\" srcset=\"https:\/\/www.hoymercedes.com.ar\/principal\/wp-content\/uploads\/2019\/07\/25-EP-8-1.jpg 789w, https:\/\/www.hoymercedes.com.ar\/principal\/wp-content\/uploads\/2019\/07\/25-EP-8-1-150x100.jpg 150w, https:\/\/www.hoymercedes.com.ar\/principal\/wp-content\/uploads\/2019\/07\/25-EP-8-1-630x420.jpg 630w, https:\/\/www.hoymercedes.com.ar\/principal\/wp-content\/uploads\/2019\/07\/25-EP-8-1-720x480.jpg 720w, https:\/\/www.hoymercedes.com.ar\/principal\/wp-content\/uploads\/2019\/07\/25-EP-8-1-360x240.jpg 360w\" sizes=\"auto, (max-width: 789px) 100vw, 789px\" \/><\/figure>\n\n\n\n<p>Asimismo, Ustarroz destac\u00f3 \u201cesta es una comunidad educativa muy emprendedora, en este establecimiento ha crecido mucho la matricula por el profesionalismo que aqu\u00ed existe\u201d y remarc\u00f3 \u201cnosotros aportamos con peque\u00f1as cosas, obras, libros, pero lo importante es la labor educativa que hacen los docentes todos los d\u00edas\u201d.<\/p>\n\n\n\n<p>\u201cTenemos que ver esta vocaci\u00f3n de servicio que existe en todas las escuelas de la ciudad\u201d y agreg\u00f3 \u201ctratamos siempre de recorrer las escuelas y en todas nos encontramos con los directivos, la comunidad educativa, los docentes y las cooperadoras todos tirando para el mismo lado\u201d destac\u00f3 el intendente Ustarroz.<\/p>\n\n\n\n<p>Por otro lado, el jefe comunal manifest\u00f3 \u201calgo muy importante cuando hacemos obras es que se genere trabajo mercedino y tiene una ventaja enorme, porque quienes se ponen a cargo de las obras siempre agregan algo que no estaba dentro del presupuesto, pensando en el bienestar de la escuela y los chicos\u201d<\/p>\n\n\n\n<figure class=\"wp-block-image\"><img loading=\"lazy\" decoding=\"async\" width=\"750\" height=\"500\" data-attachment-id=\"97155\" data-permalink=\"https:\/\/www.hoymercedes.com.ar\/principal\/2019\/07\/25\/recorren-obras-de-la-escuela-primaria-n-8\/25-e8-2\/#main\" data-orig-file=\"https:\/\/www.hoymercedes.com.ar\/principal\/wp-content\/uploads\/2019\/07\/25-e8.2.jpg\" data-orig-size=\"750,500\" data-comments-opened=\"0\" data-image-meta=\"{&quot;aperture&quot;:&quot;0&quot;,&quot;credit&quot;:&quot;&quot;,&quot;camera&quot;:&quot;&quot;,&quot;caption&quot;:&quot;&quot;,&quot;created_timestamp&quot;:&quot;0&quot;,&quot;copyright&quot;:&quot;&quot;,&quot;focal_length&quot;:&quot;0&quot;,&quot;iso&quot;:&quot;0&quot;,&quot;shutter_speed&quot;:&quot;0&quot;,&quot;title&quot;:&quot;&quot;,&quot;orientation&quot;:&quot;0&quot;}\" data-image-title=\"25 e8.2\" data-image-description=\"\" data-image-caption=\"\" data-large-file=\"https:\/\/www.hoymercedes.com.ar\/principal\/wp-content\/uploads\/2019\/07\/25-e8.2.jpg\" src=\"https:\/\/www.hoymercedes.com.ar\/principal\/wp-content\/uploads\/2019\/07\/25-e8.2.jpg\" alt=\"\" class=\"wp-image-97155\" srcset=\"https:\/\/www.hoymercedes.com.ar\/principal\/wp-content\/uploads\/2019\/07\/25-e8.2.jpg 750w, https:\/\/www.hoymercedes.com.ar\/principal\/wp-content\/uploads\/2019\/07\/25-e8.2-150x100.jpg 150w, https:\/\/www.hoymercedes.com.ar\/principal\/wp-content\/uploads\/2019\/07\/25-e8.2-630x420.jpg 630w, https:\/\/www.hoymercedes.com.ar\/principal\/wp-content\/uploads\/2019\/07\/25-e8.2-720x480.jpg 720w, https:\/\/www.hoymercedes.com.ar\/principal\/wp-content\/uploads\/2019\/07\/25-e8.2-360x240.jpg 360w\" sizes=\"auto, (max-width: 750px) 100vw, 750px\" \/><\/figure>\n\n\n\n<p>El consejero escolar, Jos\u00e9 Pisano qui\u00e9n tambi\u00e9n fue parte de la recorrida, se\u00f1al\u00f3 \u201cera algo que hac\u00eda falta hace alrededor de un a\u00f1o y medio, que en el 2018 lo incorporamos al acta de acuerdo que se firm\u00f3 entre la Direcci\u00f3n de Escuelas y el Municipio. Dentro de los retrasos que generan las cuestiones burocr\u00e1ticas se pudieron terminar las obras del patio y la salida de emergencia\u201d y agreg\u00f3 \u201cuna escuela que tiene cada vez m\u00e1s matricula hace falta que tenga un espacio, por un lado cuidado, pero sobre todas las cosas seguro\u201d.<\/p>\n\n\n\n<p>Andrea Cestari, directora de la escuela se\u00f1al\u00f3 \u201cuno est\u00e1 atento a estas obras que brindar\u00e1n m\u00e1s comodidad a nuestra instituci\u00f3n, como lo es la terminaci\u00f3n del patio y la salida de emergencia\u201d sobre esta obra, la docente manifest\u00f3 \u201calgo que era nuestra preocupaci\u00f3n, que ahora contando con ella podemos tener nuestro programa de prevenci\u00f3n de riesgos y evacuaci\u00f3n en condiciones\u201d.<\/p>\n\n\n\n<p>Fuente: Prensa Municipal<\/p>\n","protected":false},"excerpt":{"rendered":"<p>El intendente Juan Ignacio Ustarroz estuvo recorriendo la escuela n\u00b08, lugar se est\u00e1n llevando adelante obras de refacci\u00f3n en su &#8230; <a title=\"Recorren obras de la Escuela Primaria N\u00b0 8\" class=\"read-more\" href=\"https:\/\/www.hoymercedes.com.ar\/principal\/2019\/07\/25\/recorren-obras-de-la-escuela-primaria-n-8\/\" aria-label=\"Leer m\u00e1s sobre Recorren obras de la Escuela Primaria N\u00b0 8\">Leer m\u00e1s<\/a><\/p>\n","protected":false},"author":1,"featured_media":97155,"comment_status":"closed","ping_status":"open","sticky":false,"template":"","format":"standard","meta":{"_monsterinsights_skip_tracking":false,"_monsterinsights_sitenote_active":false,"_monsterinsights_sitenote_note":"","_monsterinsights_sitenote_category":0,"jetpack_post_was_ever_published":false,"_jetpack_newsletter_access":"","_jetpack_dont_email_post_to_subs":false,"_jetpack_newsletter_tier_id":0,"_jetpack_memberships_contains_paywalled_content":false,"_jetpack_memberships_contains_paid_content":false,"footnotes":"","jetpack_publicize_message":"","jetpack_publicize_feature_enabled":true,"jetpack_social_post_already_shared":true,"jetpack_social_options":{"image_generator_settings":{"template":"highway","default_image_id":0,"font":"","enabled":false},"version":2},"_wpas_customize_per_network":false},"categories":[30],"tags":[47,244,15545],"class_list":["post-97154","post","type-post","status-publish","format-standard","has-post-thumbnail","hentry","category-municipio","tag-educacion-2","tag-municipio-2","tag-primaria-8","generate-columns","tablet-grid-50","mobile-grid-100","grid-parent","grid-50"],"jetpack_publicize_connections":[],"jetpack_featured_media_url":"https:\/\/www.hoymercedes.com.ar\/principal\/wp-content\/uploads\/2019\/07\/25-e8.2.jpg","wps_subtitle":"","jetpack_sharing_enabled":true,"_links":{"self":[{"href":"https:\/\/www.hoymercedes.com.ar\/principal\/wp-json\/wp\/v2\/posts\/97154","targetHints":{"allow":["GET"]}}],"collection":[{"href":"https:\/\/www.hoymercedes.com.ar\/principal\/wp-json\/wp\/v2\/posts"}],"about":[{"href":"https:\/\/www.hoymercedes.com.ar\/principal\/wp-json\/wp\/v2\/types\/post"}],"author":[{"embeddable":true,"href":"https:\/\/www.hoymercedes.com.ar\/principal\/wp-json\/wp\/v2\/users\/1"}],"replies":[{"embeddable":true,"href":"https:\/\/www.hoymercedes.com.ar\/principal\/wp-json\/wp\/v2\/comments?post=97154"}],"version-history":[{"count":0,"href":"https:\/\/www.hoymercedes.com.ar\/principal\/wp-json\/wp\/v2\/posts\/97154\/revisions"}],"wp:featuredmedia":[{"embeddable":true,"href":"https:\/\/www.hoymercedes.com.ar\/principal\/wp-json\/wp\/v2\/media\/97155"}],"wp:attachment":[{"href":"https:\/\/www.hoymercedes.com.ar\/principal\/wp-json\/wp\/v2\/media?parent=97154"}],"wp:term":[{"taxonomy":"category","embeddable":true,"href":"https:\/\/www.hoymercedes.com.ar\/principal\/wp-json\/wp\/v2\/categories?post=97154"},{"taxonomy":"post_tag","embeddable":true,"href":"https:\/\/www.hoymercedes.com.ar\/principal\/wp-json\/wp\/v2\/tags?post=97154"}],"curies":[{"name":"wp","href":"https:\/\/api.w.org\/{rel}","templated":true}]}}