{"id":97158,"date":"2019-07-25T20:00:03","date_gmt":"2019-07-25T23:00:03","guid":{"rendered":"http:\/\/www.hoymercedes.com.ar\/principal\/?p=97158"},"modified":"2019-07-25T18:42:37","modified_gmt":"2019-07-25T21:42:37","slug":"respetemos-los-simbolos-patrios-honremos-nuestra-bandera-nacional","status":"publish","type":"post","link":"https:\/\/www.hoymercedes.com.ar\/principal\/2019\/07\/25\/respetemos-los-simbolos-patrios-honremos-nuestra-bandera-nacional\/","title":{"rendered":"Respetemos los s\u00edmbolos patrios, honremos nuestra Bandera Nacional"},"content":{"rendered":"\n<p>Por el Instituto Belgraniano de Mercedes* &#8211; En estos d\u00edas hemos tenido a la vista un desagradable hecho. Aquellos que promovemos el amor a nuestra tierra y a nuestro pasado como v\u00eda hacia una sociedad mejor, somos testigos consternados, tristes y, por qu\u00e9 no, enojados, de una ofensa, un agravio a nuestra Bandera Nacional.<\/p>\n\n\n\n<p>En el m\u00e1stil de la\nPlaza Rivadavia, frente a la Iglesia San Luis y a la Escuela Primaria N\u00ba 1, y a\nmetros de una placita de juegos por la cual pasan centenares de ni\u00f1os en estas\nvacaciones a causa de su reciente remodelaci\u00f3n,&nbsp;\nen el m\u00e1stil \u2013repetimos- se encuentra izado el pabell\u00f3n nacional y\ndebajo suyo la bandera wiphala (aquella multicolor que representa a los pueblos\noriginarios inca y aymar\u00e1).<\/p>\n\n\n\n<p>Nos preguntamos, \u00bftiene\nque estar all\u00ed la wiphala? \u00bfPuede estar izada en el mismo m\u00e1stil que la\nnacional? NO. NO a ambas preguntas. <\/p>\n\n\n\n<p>Tristemente pareciera\nque hemos olvidado el significado de \u201cs\u00edmbolo patrio\u201d. Hagamos memoria\nentonces. La Bandera Nacional \u2013creada por Manuel Belgrano el 27 de febrero de\n1812- es la m\u00e1xima expresi\u00f3n de argentinidad. Es la mayor representaci\u00f3n\nargentina en el concierto de naciones del mundo. Ning\u00fan otro pa\u00eds tiene una\nbandera igual. Miles y miles de argentinos han dado su vida por su grandeza y defensa\nlo largo de 200 a\u00f1os, han trabajado por ella, por el pa\u00eds que representa. Y lo\nsiguen haciendo por supuesto. Es por ello, que las leyes (porque esto est\u00e1\nlegislado a nivel nacional y provincial, no es un capricho de un vecino\npatriota) establecen que en el m\u00e1stil de izamiento de la bandera nacional s\u00f3lo\npuede haber una: la celeste y blanca. Ninguna otra que la acompa\u00f1e, ni siquiera\nla bandera provincial, \u00e9sta debe estar en otro m\u00e1stil a su lado. <\/p>\n\n\n\n<p>Si el izar la bandera\nwiphala debajo de la nacional fue un gesto de inclusi\u00f3n, en realidad fue\nbastante discriminatorio. La wiphala representa a los descendientes de los\npueblos andinos, quedan fuera de ella los descendientes de guaran\u00edes, mapuches,\nranqueles, tobas y otras naciones ind\u00edgenas que a\u00fan habitan suelo argentino.\nAdem\u00e1s, si consideramos que desde 2008 la wiphala es s\u00edmbolo nacional de\nBolivia, ello significa que con nuestra bandera estamos izando la de un estado\nvecino. Por ende, si de descendencia se trata, y teniendo en cuenta que por\nnuestras venas corre sangre espa\u00f1ola, italiana, francesa, inglesa, etc, etc,\n\u00bfdeber\u00edamos promover tambi\u00e9n izar todas estas banderas junto a la celeste y\nblanca en cada plaza? Sencillamente descabellado.<\/p>\n\n\n\n<p>Sabemos que este hecho\nha ocurrido en simult\u00e1neo en otras plazas de la ciudad. Entonces, \u00bfqui\u00e9n es el\nresponsable? \u00bfDe qui\u00e9n fue esta desafortunada idea? \u00bfVan a seguir haci\u00e9ndolo?\nEstamos seguros que el izamiento no fue realizado por un mercedino que\ncasualmente pasaba por all\u00ed. Imposible. <\/p>\n\n\n\n<p>Hace apenas un mes que\nlos ni\u00f1os y ni\u00f1as de cuarto grado hicieron su promesa a la Bandera Nacional, en\nuna Plaza San Mart\u00edn plena de celeste y blanco, frente al Municipio. \u00bfAcaso\nborramos con el codo lo que escribimos con la mano? \u00bfQu\u00e9 mensaje, qu\u00e9 imagen le\ndamos cuando ellos ven otra tela que no es la nacional confundida con el\nverdadero s\u00edmbolo de argentinidad? No olvidamos que en esa misma plaza se us\u00f3\nla estatua de San Mart\u00edn para atar guirnaldas de luces en las noches del \u00faltimo\ncorso. Hubo quejas de vecinos, pero las luces siguieron inamovibles. Y ahora\nesto\u2026 justo teniendo frente a la plaza Rivadavia una escuela primaria.<\/p>\n\n\n\n<p>Como miembros del\nInstituto Belgraniano de esta ciudad solicitamos a quien corresponda, dos\ncosas: en primer lugar, leer las leyes sobre nuestros s\u00edmbolos patrios, en\nespecial sobre la Bandera Nacional (por ej. Decreto Poder Ejecutivo Nacional N\u00ba\n10.302\/ 1944, Ley Nacional N\u00ba 23.208\/ 1985, Decreto PEN N\u00ba 824\/ 2011, y Ley\nProvincial N\u00ba 14.438\/ 2012). <\/p>\n\n\n\n<p>En segundo lugar, y m\u00e1s\nimportante, honrar y respetar nuestro pabell\u00f3n nacional permiti\u00e9ndole ser el\nUNICO en todos los m\u00e1stiles, como debe ser, como nunca debi\u00f3 dejar de ser.\nPorque la Bandera Nacional es nuestro emblema de libertad, paz, honor y trabajo\npara todos los habitantes de esta tierra argentina. No lo olvidemos.<\/p>\n\n\n\n<p>*El Instituto\nBelgraniano de Mercedes est\u00e1 presidido por Mar\u00eda M\u00f3nica Brown y su secretario\nes Alejandro Molle. &nbsp;&nbsp;&nbsp;&nbsp;&nbsp;&nbsp;&nbsp;&nbsp;<\/p>\n","protected":false},"excerpt":{"rendered":"<p>Por el Instituto Belgraniano de Mercedes* &#8211; En estos d\u00edas hemos tenido a la vista un desagradable hecho. Aquellos que &#8230; <a title=\"Respetemos los s\u00edmbolos patrios, honremos nuestra Bandera Nacional\" class=\"read-more\" href=\"https:\/\/www.hoymercedes.com.ar\/principal\/2019\/07\/25\/respetemos-los-simbolos-patrios-honremos-nuestra-bandera-nacional\/\" aria-label=\"Leer m\u00e1s sobre Respetemos los s\u00edmbolos patrios, honremos nuestra Bandera Nacional\">Leer m\u00e1s<\/a><\/p>\n","protected":false},"author":1,"featured_media":97159,"comment_status":"closed","ping_status":"open","sticky":false,"template":"","format":"standard","meta":{"_monsterinsights_skip_tracking":false,"_monsterinsights_sitenote_active":false,"_monsterinsights_sitenote_note":"","_monsterinsights_sitenote_category":0,"jetpack_post_was_ever_published":false,"_jetpack_newsletter_access":"","_jetpack_dont_email_post_to_subs":false,"_jetpack_newsletter_tier_id":0,"_jetpack_memberships_contains_paywalled_content":false,"_jetpack_memberships_contains_paid_content":false,"footnotes":"","jetpack_publicize_message":"","jetpack_publicize_feature_enabled":true,"jetpack_social_post_already_shared":true,"jetpack_social_options":{"image_generator_settings":{"template":"highway","default_image_id":0,"font":"","enabled":false},"version":2},"_wpas_customize_per_network":false},"categories":[1],"tags":[566,2020,421,8748],"class_list":["post-97158","post","type-post","status-publish","format-standard","has-post-thumbnail","hentry","category-opinion","tag-alejandro-molle","tag-instituto-belgraniano","tag-monica-brown","tag-opinion","generate-columns","tablet-grid-50","mobile-grid-100","grid-parent","grid-50"],"jetpack_publicize_connections":[],"jetpack_featured_media_url":"https:\/\/www.hoymercedes.com.ar\/principal\/wp-content\/uploads\/2019\/07\/25-bandera-belgraniano.jpg","wps_subtitle":"","jetpack_sharing_enabled":true,"_links":{"self":[{"href":"https:\/\/www.hoymercedes.com.ar\/principal\/wp-json\/wp\/v2\/posts\/97158","targetHints":{"allow":["GET"]}}],"collection":[{"href":"https:\/\/www.hoymercedes.com.ar\/principal\/wp-json\/wp\/v2\/posts"}],"about":[{"href":"https:\/\/www.hoymercedes.com.ar\/principal\/wp-json\/wp\/v2\/types\/post"}],"author":[{"embeddable":true,"href":"https:\/\/www.hoymercedes.com.ar\/principal\/wp-json\/wp\/v2\/users\/1"}],"replies":[{"embeddable":true,"href":"https:\/\/www.hoymercedes.com.ar\/principal\/wp-json\/wp\/v2\/comments?post=97158"}],"version-history":[{"count":0,"href":"https:\/\/www.hoymercedes.com.ar\/principal\/wp-json\/wp\/v2\/posts\/97158\/revisions"}],"wp:featuredmedia":[{"embeddable":true,"href":"https:\/\/www.hoymercedes.com.ar\/principal\/wp-json\/wp\/v2\/media\/97159"}],"wp:attachment":[{"href":"https:\/\/www.hoymercedes.com.ar\/principal\/wp-json\/wp\/v2\/media?parent=97158"}],"wp:term":[{"taxonomy":"category","embeddable":true,"href":"https:\/\/www.hoymercedes.com.ar\/principal\/wp-json\/wp\/v2\/categories?post=97158"},{"taxonomy":"post_tag","embeddable":true,"href":"https:\/\/www.hoymercedes.com.ar\/principal\/wp-json\/wp\/v2\/tags?post=97158"}],"curies":[{"name":"wp","href":"https:\/\/api.w.org\/{rel}","templated":true}]}}