{"id":97161,"date":"2019-07-26T10:45:23","date_gmt":"2019-07-26T13:45:23","guid":{"rendered":"http:\/\/www.hoymercedes.com.ar\/principal\/?p=97161"},"modified":"2019-07-26T09:33:11","modified_gmt":"2019-07-26T12:33:11","slug":"libros-si-botas-no-digamos-no-a-la-vuelta-de-la-colimba-servicio-voluntario-en-mercedes-y-en-todo-el-pais","status":"publish","type":"post","link":"https:\/\/www.hoymercedes.com.ar\/principal\/2019\/07\/26\/libros-si-botas-no-digamos-no-a-la-vuelta-de-la-colimba-servicio-voluntario-en-mercedes-y-en-todo-el-pais\/","title":{"rendered":"Libros s\u00ed, botas no\u2026 Digamos no a la vuelta de la colimba (servicio voluntario) en Mercedes y en todo el pa\u00eds!."},"content":{"rendered":"\n<p>Por Pablo Demarco* &#8211; La resoluci\u00f3n del Ministerio de\nSeguridad, que crea el Servicio Voluntario bajo la \u00f3rbita de la gendarmer\u00eda\npara adolescentes de 16 a 20 a\u00f1os, debe ser objeto de un fuerte rechazo, y en\nparticular en nuestra ciudad, puesto que seg\u00fan el articulado de dicha resoluci\u00f3nel\ninstituto de Capacitaci\u00f3n Especializada \u201cCabo Juan Adolfo Romero\u201d, ser\u00eda una de\nlas sedes.<\/p>\n\n\n\n<p>La constataci\u00f3n de un fracaso.<\/p>\n\n\n\n<p>&nbsp;El planteo miliquero\nde Burllich y Macri, tiende a remplazar el lugar del&nbsp; sistema educativo, por una formaci\u00f3n en\n\u201cvalores republicanos\u201d dictados en los cuarteles, por personal formado en la\ninstrucci\u00f3n militar. <\/p>\n\n\n\n<p>En primer t\u00e9rmino, y si miramos bien, lo que vemos es el fracaso\nde un sistema educativo y un r\u00e9gimen social, construido a partir de las\npremisas de las elites que dominan las estructuras econ\u00f3micos-culturales y que\nhan reformulado la educaci\u00f3n por lo menos tres veces en los \u00faltimos 20 a\u00f1os, y\nque no han logrado contener a los j\u00f3venes en las aulas (la deserci\u00f3n ronda el\n60 de los j\u00f3venes matriculados), ni asegurarles trabajo.<\/p>\n\n\n\n<p>&nbsp;&nbsp; El fracaso de la\neducaci\u00f3n orientada por los par\u00e1metros del capital a trav\u00e9s de sus\norganismos&nbsp; especializados, es fruto de\nuna crisis mucho m\u00e1s profunda. La idea fuerza que debiera movilizar y orientar\nel sistema de aprendizaje es la potencialidad creadora del sujeto. Sin embargo\nel sistema econ\u00f3mico capitalista tiene miras m\u00e1s estrechas. El capital busca agrandar\nsus m\u00e1rgenes de ganancia, y en ese af\u00e1n depreda las fuerzas productivas,\nincluido el \u201ccapital\u201d humano.<\/p>\n\n\n\n<p>Una empresa de producci\u00f3n de papel en lugar de plantar los\n\u00e1rboles que utilizar\u00e1 50 a\u00f1os despu\u00e9s,depreda miles de hect\u00e1reas sin\nremplazarlas. Con el ser humano se comporta igual. La fuerza de trabajo (creadora)\ndel hombre es tambi\u00e9n un recurso que el capital depreda descalific\u00e1ndola,\nform\u00e1ndola en funci\u00f3n de su estrecho objetivo de lucro.<\/p>\n\n\n\n<p><strong>Colimba new age \u00bfpara\nqu\u00e9?<\/strong><\/p>\n\n\n\n<p>Frente al fracaso que mencionamos anteriormente, el gobierno\nnacional ha resuelto conformar \u201c\u00e1mbito de cohesi\u00f3n e integraci\u00f3n social,\ndirigido a j\u00f3venes de DIECIS\u00c9IS (16) a VEINTE (20) a\u00f1os de edad que se\ninscriban voluntariamente\u201d (art n 1). Apunta a lo que se conoce como la generaci\u00f3n\nNINI por no trabajar ni estudiar. Este sector, que ha sido marginado del propio\nsistema, se presenta como una preocupaci\u00f3n para el mismo, y la forma de remediarlo\nes tir\u00e1ndole encima el Ministerio de Seguridad. Un mensaje bastante claro de la\norientaci\u00f3n de los que gobiernan, teniendo en cuenta el lugar que ocupan las fuerzas\nde seguridad en nuestro pa\u00eds. No se trata de una instituci\u00f3n ligada con los\nvalores republicanos y mucho menos democr\u00e1ticos, sino de una corporaci\u00f3n que\nincluso actu\u00f3 con intereses propios y ligados a intereses capitalistas, derribando\ntodo tipo de estructuras que hab\u00edan sido erigidas en nombre de la democracia.<\/p>\n\n\n\n<p>Este planteo s\u00f3lo busca reforzar el andamiaje represivo\nsobre toda la sociedad y regimentar a esa juventud subordin\u00e1ndola a sus\nrepresores. Macri cumple el sue\u00f1o de Ishii y de Olmedo; cumple el anhelo de\nBerni o de Espinoza.Mientras estos \u00faltimos piden \u201cllevar la gendarmer\u00eda a las\nbarriadas\u201d Macri lleva las barriadas a la gendarmer\u00eda. La ciudadan\u00eda debe tomar\nnota que tampoco en este tema (\u00bfhabr\u00e1 alguno?) Fern\u00e1ndez-Fern\u00e1ndez se han\ndelimitado de Macri. Todo lo contario, Fern\u00e1ndez salud\u00f3 la iniciativa como \u201cuna\nbuena idea\u201d. Tampoco se puede perder de vista que su lista&nbsp; de diputados la encabeza Sergio Massa, un\npartidario de la mano dura en los barrios y \u201cdisc\u00edpulo\u201d del exalcalde\nneoyorquino Giuliani, conocido por su impronta represiva.<\/p>\n\n\n\n<p>La fuerza a la que se le encarga capacitar \u201cen valores\ndemocr\u00e1ticos y republicanos, fomento del compromiso personal y para con la\ncomunidad\u201dest\u00e1 fuertemente cuestionada por la desaparici\u00f3n y asesinato de\nSantiago Maldonado, de la misma forma que lo est\u00e1 la prefectura por el\nasesinato de Rafael Nahuel y ambas, atravesadas por casos de narcotr\u00e1fico (hace\nsemanas polic\u00edas federales y bonaerense se enfrentaron a los tiros por &nbsp;ese motivo)<\/p>\n\n\n\n<p>El intento de Macri de volver a reinstalar a las fuerzas\nArmadas en el escenario pol\u00edtico no es nuevo. Como indicamos antes, los barones\ndel conurbado&nbsp; han sido lobistas de la\ngendarmer\u00eda durante todos estos a\u00f1os, sin que esto haya frenado el ascenso del\nnarcotr\u00e1fico en la Argentina. Pero el inicio de esta campa\u00f1a hay que colocarlo\nbajo el gobierno de CFK, cuando en un acto junto a las altas esferas del\nEjercito intento reflotar el \u201coperativo Dorrego\u201d, que, nuevamente, unir\u00eda a\nmilitantes del campo popular (La Camparaahora, Montos, JTP en los 70) con el ej\u00e9rcito\nArgentino. La experiencia fue desgraciada, ese ej\u00e9rcito aprovecho la maniobra\npara cargarse toda una generaci\u00f3n. Acierta el sentir popular cuando niega que\nlas fuerzas represivas pueden cumplir un papel de \u201cdemocratizaci\u00f3n\u201d.<\/p>\n\n\n\n<p>Es por esto que desde el Frente de Izquierda y el Partido\nObrero de Mercedes rechazamos el intento de militarizaci\u00f3n de la juventud.\nLuchamos por una educaci\u00f3n de car\u00e1cter nacional, con presupuestos para desarrollarla\ny colocarla como la herramienta fundamental para la formaci\u00f3n de los pibes y\npibas de nuestro pa\u00eds, por becas, por edificios acordes a las necesidades de\nlos estudiantes, por el boleto educativo en todos los niveles!<\/p>\n\n\n\n<p>Este es el compromiso de los candidatos del PO en las listas\ndel Frente de Izquierda.<\/p>\n\n\n\n<p>*Pablo Demarco. Candidato a Intendente por el Frente de Izquierda-Unidad.<\/p>\n","protected":false},"excerpt":{"rendered":"<p>Por Pablo Demarco* &#8211; La resoluci\u00f3n del Ministerio de Seguridad, que crea el Servicio Voluntario bajo la \u00f3rbita de la &#8230; <a title=\"Libros s\u00ed, botas no\u2026 Digamos no a la vuelta de la colimba (servicio voluntario) en Mercedes y en todo el pa\u00eds!.\" class=\"read-more\" href=\"https:\/\/www.hoymercedes.com.ar\/principal\/2019\/07\/26\/libros-si-botas-no-digamos-no-a-la-vuelta-de-la-colimba-servicio-voluntario-en-mercedes-y-en-todo-el-pais\/\" aria-label=\"Leer m\u00e1s sobre Libros s\u00ed, botas no\u2026 Digamos no a la vuelta de la colimba (servicio voluntario) en Mercedes y en todo el pa\u00eds!.\">Leer m\u00e1s<\/a><\/p>\n","protected":false},"author":1,"featured_media":97167,"comment_status":"closed","ping_status":"open","sticky":false,"template":"","format":"standard","meta":{"_monsterinsights_skip_tracking":false,"_monsterinsights_sitenote_active":false,"_monsterinsights_sitenote_note":"","_monsterinsights_sitenote_category":0,"jetpack_post_was_ever_published":false,"_jetpack_newsletter_access":"","_jetpack_dont_email_post_to_subs":false,"_jetpack_newsletter_tier_id":0,"_jetpack_memberships_contains_paywalled_content":false,"_jetpack_memberships_contains_paid_content":false,"footnotes":"","jetpack_publicize_message":"","jetpack_publicize_feature_enabled":true,"jetpack_social_post_already_shared":true,"jetpack_social_options":{"image_generator_settings":{"template":"highway","default_image_id":0,"font":"","enabled":false},"version":2},"_wpas_customize_per_network":false},"categories":[5],"tags":[1054,8748,5319],"class_list":["post-97161","post","type-post","status-publish","format-standard","has-post-thumbnail","hentry","category-politica","tag-frente-de-izquierda","tag-opinion","tag-politica-2","generate-columns","tablet-grid-50","mobile-grid-100","grid-parent","grid-50"],"jetpack_publicize_connections":[],"jetpack_featured_media_url":"https:\/\/www.hoymercedes.com.ar\/principal\/wp-content\/uploads\/2019\/07\/26-Frente-Izquierda.jpg","wps_subtitle":"","jetpack_sharing_enabled":true,"_links":{"self":[{"href":"https:\/\/www.hoymercedes.com.ar\/principal\/wp-json\/wp\/v2\/posts\/97161","targetHints":{"allow":["GET"]}}],"collection":[{"href":"https:\/\/www.hoymercedes.com.ar\/principal\/wp-json\/wp\/v2\/posts"}],"about":[{"href":"https:\/\/www.hoymercedes.com.ar\/principal\/wp-json\/wp\/v2\/types\/post"}],"author":[{"embeddable":true,"href":"https:\/\/www.hoymercedes.com.ar\/principal\/wp-json\/wp\/v2\/users\/1"}],"replies":[{"embeddable":true,"href":"https:\/\/www.hoymercedes.com.ar\/principal\/wp-json\/wp\/v2\/comments?post=97161"}],"version-history":[{"count":0,"href":"https:\/\/www.hoymercedes.com.ar\/principal\/wp-json\/wp\/v2\/posts\/97161\/revisions"}],"wp:featuredmedia":[{"embeddable":true,"href":"https:\/\/www.hoymercedes.com.ar\/principal\/wp-json\/wp\/v2\/media\/97167"}],"wp:attachment":[{"href":"https:\/\/www.hoymercedes.com.ar\/principal\/wp-json\/wp\/v2\/media?parent=97161"}],"wp:term":[{"taxonomy":"category","embeddable":true,"href":"https:\/\/www.hoymercedes.com.ar\/principal\/wp-json\/wp\/v2\/categories?post=97161"},{"taxonomy":"post_tag","embeddable":true,"href":"https:\/\/www.hoymercedes.com.ar\/principal\/wp-json\/wp\/v2\/tags?post=97161"}],"curies":[{"name":"wp","href":"https:\/\/api.w.org\/{rel}","templated":true}]}}