{"id":97168,"date":"2019-07-26T10:00:04","date_gmt":"2019-07-26T13:00:04","guid":{"rendered":"http:\/\/www.hoymercedes.com.ar\/principal\/?p=97168"},"modified":"2019-07-26T09:33:37","modified_gmt":"2019-07-26T12:33:37","slug":"presentaron-maquinaria-para-demarcacion-vial","status":"publish","type":"post","link":"https:\/\/www.hoymercedes.com.ar\/principal\/2019\/07\/26\/presentaron-maquinaria-para-demarcacion-vial\/","title":{"rendered":"Presentaron maquinaria para demarcaci\u00f3n vial"},"content":{"rendered":"\n<p>El Municipio de Mercedes viene realizando inversiones de manera planificada en lo que refiere la problem\u00e1tica vial, motivo por el cual, adquiri\u00f3 nueva maquinaria que tiene como funci\u00f3n la demarcaci\u00f3n vial. Esta nueva compra viene a reforzar todo el trabajo que desde la comuna se est\u00e1 desarrollando. La misma puede pintar en fr\u00edo y permitir\u00e1 demarcar l\u00edneas, cordones, reservados, etc. Adem\u00e1s, se hizo la presentaci\u00f3n de un veh\u00edculo que fue recuperado para ponerse a disposici\u00f3n de los trabajadores del \u00e1rea. <\/p>\n\n\n\n<figure class=\"wp-block-image\"><img loading=\"lazy\" decoding=\"async\" width=\"750\" height=\"500\" data-attachment-id=\"97169\" data-permalink=\"https:\/\/www.hoymercedes.com.ar\/principal\/2019\/07\/26\/presentaron-maquinaria-para-demarcacion-vial\/26-seguridadvial-1\/#main\" data-orig-file=\"https:\/\/www.hoymercedes.com.ar\/principal\/wp-content\/uploads\/2019\/07\/26-SeguridadVial-1.jpg\" data-orig-size=\"750,500\" data-comments-opened=\"0\" data-image-meta=\"{&quot;aperture&quot;:&quot;0&quot;,&quot;credit&quot;:&quot;&quot;,&quot;camera&quot;:&quot;&quot;,&quot;caption&quot;:&quot;&quot;,&quot;created_timestamp&quot;:&quot;0&quot;,&quot;copyright&quot;:&quot;&quot;,&quot;focal_length&quot;:&quot;0&quot;,&quot;iso&quot;:&quot;0&quot;,&quot;shutter_speed&quot;:&quot;0&quot;,&quot;title&quot;:&quot;&quot;,&quot;orientation&quot;:&quot;0&quot;}\" data-image-title=\"26 SeguridadVial-1\" data-image-description=\"\" data-image-caption=\"\" data-large-file=\"https:\/\/www.hoymercedes.com.ar\/principal\/wp-content\/uploads\/2019\/07\/26-SeguridadVial-1.jpg\" src=\"https:\/\/www.hoymercedes.com.ar\/principal\/wp-content\/uploads\/2019\/07\/26-SeguridadVial-1.jpg\" alt=\"\" class=\"wp-image-97169\" srcset=\"https:\/\/www.hoymercedes.com.ar\/principal\/wp-content\/uploads\/2019\/07\/26-SeguridadVial-1.jpg 750w, https:\/\/www.hoymercedes.com.ar\/principal\/wp-content\/uploads\/2019\/07\/26-SeguridadVial-1-150x100.jpg 150w, https:\/\/www.hoymercedes.com.ar\/principal\/wp-content\/uploads\/2019\/07\/26-SeguridadVial-1-630x420.jpg 630w, https:\/\/www.hoymercedes.com.ar\/principal\/wp-content\/uploads\/2019\/07\/26-SeguridadVial-1-720x480.jpg 720w, https:\/\/www.hoymercedes.com.ar\/principal\/wp-content\/uploads\/2019\/07\/26-SeguridadVial-1-360x240.jpg 360w\" sizes=\"auto, (max-width: 750px) 100vw, 750px\" \/><\/figure>\n\n\n\n<p>\u00abEste es un gran avance en un \u00e1rea compleja y dif\u00edcil como es la seguridad vial donde se est\u00e1n haciendo todos los esfuerzos. Son herramientas para nuestros trabajadores municipales que desde el primer d\u00eda han demostrado un gran compromiso con cada una de las propuestas que hemos hecho desde el ejecutivo\u201d, expres\u00f3 el Jefe Comunal Juan Ustarroz.<\/p>\n\n\n\n<p>\u201cNo solamente contar\u00e1n con esta nueva m\u00e1quina sino que adem\u00e1s desde los talleres municipales se recuper\u00f3 una camioneta que se pone a disposici\u00f3n del \u00e1rea\u201d agreg\u00f3 el intendente.<\/p>\n\n\n\n<p>Por su parte, la Sub Secretaria de Control Urbano Clara Zunino explic\u00f3 que es una nueva inversi\u00f3n del municipio en infraestructura vial. \u201cEsto se viene a sumar al equipo que ya ten\u00edamos ya que tenemos la de pintura termopl\u00e1stica con la cual se est\u00e1n pintando las sendas peatonales\u201d.<\/p>\n\n\n\n<figure class=\"wp-block-image\"><img loading=\"lazy\" decoding=\"async\" width=\"750\" height=\"500\" data-attachment-id=\"97170\" data-permalink=\"https:\/\/www.hoymercedes.com.ar\/principal\/2019\/07\/26\/presentaron-maquinaria-para-demarcacion-vial\/26-seguridadvial-2\/#main\" data-orig-file=\"https:\/\/www.hoymercedes.com.ar\/principal\/wp-content\/uploads\/2019\/07\/26-SeguridadVial-2.jpg\" data-orig-size=\"750,500\" data-comments-opened=\"0\" data-image-meta=\"{&quot;aperture&quot;:&quot;0&quot;,&quot;credit&quot;:&quot;&quot;,&quot;camera&quot;:&quot;&quot;,&quot;caption&quot;:&quot;&quot;,&quot;created_timestamp&quot;:&quot;0&quot;,&quot;copyright&quot;:&quot;&quot;,&quot;focal_length&quot;:&quot;0&quot;,&quot;iso&quot;:&quot;0&quot;,&quot;shutter_speed&quot;:&quot;0&quot;,&quot;title&quot;:&quot;&quot;,&quot;orientation&quot;:&quot;0&quot;}\" data-image-title=\"26 SeguridadVial-2\" data-image-description=\"\" data-image-caption=\"\" data-large-file=\"https:\/\/www.hoymercedes.com.ar\/principal\/wp-content\/uploads\/2019\/07\/26-SeguridadVial-2.jpg\" src=\"https:\/\/www.hoymercedes.com.ar\/principal\/wp-content\/uploads\/2019\/07\/26-SeguridadVial-2.jpg\" alt=\"\" class=\"wp-image-97170\" srcset=\"https:\/\/www.hoymercedes.com.ar\/principal\/wp-content\/uploads\/2019\/07\/26-SeguridadVial-2.jpg 750w, https:\/\/www.hoymercedes.com.ar\/principal\/wp-content\/uploads\/2019\/07\/26-SeguridadVial-2-150x100.jpg 150w, https:\/\/www.hoymercedes.com.ar\/principal\/wp-content\/uploads\/2019\/07\/26-SeguridadVial-2-630x420.jpg 630w, https:\/\/www.hoymercedes.com.ar\/principal\/wp-content\/uploads\/2019\/07\/26-SeguridadVial-2-720x480.jpg 720w, https:\/\/www.hoymercedes.com.ar\/principal\/wp-content\/uploads\/2019\/07\/26-SeguridadVial-2-360x240.jpg 360w\" sizes=\"auto, (max-width: 750px) 100vw, 750px\" \/><\/figure>\n","protected":false},"excerpt":{"rendered":"<p>El Municipio de Mercedes viene realizando inversiones de manera planificada en lo que refiere la problem\u00e1tica vial, motivo por el &#8230; <a title=\"Presentaron maquinaria para demarcaci\u00f3n vial\" class=\"read-more\" href=\"https:\/\/www.hoymercedes.com.ar\/principal\/2019\/07\/26\/presentaron-maquinaria-para-demarcacion-vial\/\" aria-label=\"Leer m\u00e1s sobre Presentaron maquinaria para demarcaci\u00f3n vial\">Leer m\u00e1s<\/a><\/p>\n","protected":false},"author":1,"featured_media":97170,"comment_status":"closed","ping_status":"open","sticky":false,"template":"","format":"standard","meta":{"_monsterinsights_skip_tracking":false,"_monsterinsights_sitenote_active":false,"_monsterinsights_sitenote_note":"","_monsterinsights_sitenote_category":0,"jetpack_post_was_ever_published":false,"_jetpack_newsletter_access":"","_jetpack_dont_email_post_to_subs":false,"_jetpack_newsletter_tier_id":0,"_jetpack_memberships_contains_paywalled_content":false,"_jetpack_memberships_contains_paid_content":false,"footnotes":"","jetpack_publicize_message":"","jetpack_publicize_feature_enabled":true,"jetpack_social_post_already_shared":true,"jetpack_social_options":{"image_generator_settings":{"template":"highway","default_image_id":0,"font":"","enabled":false},"version":2},"_wpas_customize_per_network":false},"categories":[30],"tags":[15547,244,626],"class_list":["post-97168","post","type-post","status-publish","format-standard","has-post-thumbnail","hentry","category-municipio","tag-maquinaria","tag-municipio-2","tag-seguridad-vial","generate-columns","tablet-grid-50","mobile-grid-100","grid-parent","grid-50"],"jetpack_publicize_connections":[],"jetpack_featured_media_url":"https:\/\/www.hoymercedes.com.ar\/principal\/wp-content\/uploads\/2019\/07\/26-SeguridadVial-2.jpg","wps_subtitle":"","jetpack_sharing_enabled":true,"_links":{"self":[{"href":"https:\/\/www.hoymercedes.com.ar\/principal\/wp-json\/wp\/v2\/posts\/97168","targetHints":{"allow":["GET"]}}],"collection":[{"href":"https:\/\/www.hoymercedes.com.ar\/principal\/wp-json\/wp\/v2\/posts"}],"about":[{"href":"https:\/\/www.hoymercedes.com.ar\/principal\/wp-json\/wp\/v2\/types\/post"}],"author":[{"embeddable":true,"href":"https:\/\/www.hoymercedes.com.ar\/principal\/wp-json\/wp\/v2\/users\/1"}],"replies":[{"embeddable":true,"href":"https:\/\/www.hoymercedes.com.ar\/principal\/wp-json\/wp\/v2\/comments?post=97168"}],"version-history":[{"count":0,"href":"https:\/\/www.hoymercedes.com.ar\/principal\/wp-json\/wp\/v2\/posts\/97168\/revisions"}],"wp:featuredmedia":[{"embeddable":true,"href":"https:\/\/www.hoymercedes.com.ar\/principal\/wp-json\/wp\/v2\/media\/97170"}],"wp:attachment":[{"href":"https:\/\/www.hoymercedes.com.ar\/principal\/wp-json\/wp\/v2\/media?parent=97168"}],"wp:term":[{"taxonomy":"category","embeddable":true,"href":"https:\/\/www.hoymercedes.com.ar\/principal\/wp-json\/wp\/v2\/categories?post=97168"},{"taxonomy":"post_tag","embeddable":true,"href":"https:\/\/www.hoymercedes.com.ar\/principal\/wp-json\/wp\/v2\/tags?post=97168"}],"curies":[{"name":"wp","href":"https:\/\/api.w.org\/{rel}","templated":true}]}}