{"id":97173,"date":"2019-07-26T12:34:28","date_gmt":"2019-07-26T15:34:28","guid":{"rendered":"http:\/\/www.hoymercedes.com.ar\/principal\/?p=97173"},"modified":"2019-07-26T09:38:03","modified_gmt":"2019-07-26T12:38:03","slug":"las-vacaciones-de-invierno-tambien-se-viven-en-la-cem","status":"publish","type":"post","link":"https:\/\/www.hoymercedes.com.ar\/principal\/2019\/07\/26\/las-vacaciones-de-invierno-tambien-se-viven-en-la-cem\/","title":{"rendered":"Las vacaciones de invierno tambi\u00e9n se viven en la CEM"},"content":{"rendered":"\n<p><em>El s\u00e1bado 3 de agosto, entre las 10 y las 17\nhoras, la sede de Avenida 29 de la C\u00e1mara Econ\u00f3mica propone actividades para\nlas familias. Habr\u00e1 manualidades, juegos y yoga para los m\u00e1s peque\u00f1os y un\ntaller de estampado textil para los m\u00e1s grandes. <\/em><\/p>\n\n\n\n<figure class=\"wp-block-image\"><img loading=\"lazy\" decoding=\"async\" width=\"750\" height=\"563\" data-attachment-id=\"97166\" data-permalink=\"https:\/\/www.hoymercedes.com.ar\/principal\/2019\/07\/26\/libros-si-botas-no-digamos-no-a-la-vuelta-de-la-colimba-servicio-voluntario-en-mercedes-y-en-todo-el-pais\/26-cem-invierno\/#main\" data-orig-file=\"https:\/\/www.hoymercedes.com.ar\/principal\/wp-content\/uploads\/2019\/07\/26-CEM-invierno.jpg\" data-orig-size=\"750,563\" data-comments-opened=\"0\" data-image-meta=\"{&quot;aperture&quot;:&quot;0&quot;,&quot;credit&quot;:&quot;&quot;,&quot;camera&quot;:&quot;&quot;,&quot;caption&quot;:&quot;&quot;,&quot;created_timestamp&quot;:&quot;0&quot;,&quot;copyright&quot;:&quot;&quot;,&quot;focal_length&quot;:&quot;0&quot;,&quot;iso&quot;:&quot;0&quot;,&quot;shutter_speed&quot;:&quot;0&quot;,&quot;title&quot;:&quot;&quot;,&quot;orientation&quot;:&quot;0&quot;}\" data-image-title=\"26 CEM invierno\" data-image-description=\"\" data-image-caption=\"\" data-large-file=\"https:\/\/www.hoymercedes.com.ar\/principal\/wp-content\/uploads\/2019\/07\/26-CEM-invierno.jpg\" src=\"https:\/\/www.hoymercedes.com.ar\/principal\/wp-content\/uploads\/2019\/07\/26-CEM-invierno.jpg\" alt=\"\" class=\"wp-image-97166\" srcset=\"https:\/\/www.hoymercedes.com.ar\/principal\/wp-content\/uploads\/2019\/07\/26-CEM-invierno.jpg 750w, https:\/\/www.hoymercedes.com.ar\/principal\/wp-content\/uploads\/2019\/07\/26-CEM-invierno-150x113.jpg 150w, https:\/\/www.hoymercedes.com.ar\/principal\/wp-content\/uploads\/2019\/07\/26-CEM-invierno-630x473.jpg 630w, https:\/\/www.hoymercedes.com.ar\/principal\/wp-content\/uploads\/2019\/07\/26-CEM-invierno-320x240.jpg 320w, https:\/\/www.hoymercedes.com.ar\/principal\/wp-content\/uploads\/2019\/07\/26-CEM-invierno-100x75.jpg 100w\" sizes=\"auto, (max-width: 750px) 100vw, 750px\" \/><\/figure>\n\n\n\n<p>La C\u00e1mara\nEcon\u00f3mica Mercedina abrir\u00e1 sus puertas con una actividad para la comunidad, en\nespecial para los m\u00e1s peque\u00f1os que est\u00e1n disfrutando de sus vacaciones de\ninvierno. El s\u00e1bado 3 de agosto, la CEM propone talleres de manualidades,\njuegos y yoga para chicos. Para los m\u00e1s grandes habr\u00e1 un taller de estampado\ntextil durante la ma\u00f1ana. <\/p>\n\n\n\n<p>La\npropuesta para las vacaciones de invierno que nace de las Mujeres CEM, son\nactividades para diferentes edades. El Gerente de la CEM, Ariel Pietrucha y la\ncoordinadora de las mujeres asociadas a la C\u00e1mara, Natalia Facciolo, explicaron\ne invitaron a la comunidad mercedina a compartir una jornada para la familia. <\/p>\n\n\n\n<p>\u201cEl d\u00eda 3\nde agosto la C\u00e1mara abrir\u00e1 su sede para que la comunidad conozca las\nactividades de los socios. Desde la Comisi\u00f3n sumamos propuestas e ideas para los\nsocios en particular y para las familias de Mercedes en general e impulsamos a\nque otros socios a que se sumen a esta apertura a la comunidad\u201d, expres\u00f3\nPietrucha. A su lado, Natalia Facciolo cont\u00f3 que desde que se iniciaron las\nreuniones de las Mujeres CEM todos los meses se hacen jornadas de capacitaci\u00f3n\ny reuniones para organizar diferentes actividades. <\/p>\n\n\n\n<p>\u201cCada vez\nque nos reunimos con las Mujeres CEM nos ayudamos mutuamente en nuestros\nemprendimientos, y surgen nuevas tem\u00e1ticas, capacitaciones que necesitamos las\ny los emprendedores mercedinos y propuestas desde la C\u00e1mara para la comunidad.\nAs\u00ed surgi\u00f3 la idea de tener una actividad para estas vacaciones de invierno\nabierta a las familias, en especial para los m\u00e1s peque\u00f1os\u201d, cont\u00f3 Natalia. <\/p>\n\n\n\n<p>\u201cEl \u00faltimo\ns\u00e1bado de las vacaciones de invierno planeamos actividades desde las 10 hasta\nla hora 17. Por la ma\u00f1ana hay una capacitaci\u00f3n de estampado de tela que la dar\u00e1\nnuestra socia Hilen Peisino de Pangea. Desde el CEIM proponen yoga para ni\u00f1os a\nlas 11. A partir de las 14 desde Giro Did\u00e1ctico, La Placita Delivery y el\nTaller de los Sentidos habr\u00e1 propuestas de juegos, lecturas, y manualidades\npara los ni\u00f1os y ni\u00f1as que vengan. Adem\u00e1s, Mar\u00eda Cretella estar\u00e1 sacando fotos\ny un refrigerio de Ludmarc para los adultos, mientras los nenes juegan.\nNecesitamos que los padres est\u00e9n durante las actividades para compartirlas y\nque nos ayuden a cuidarlos. Al final, habr\u00e1 sorpresitas y podr\u00e1n tener unos\nvouchers de descuentos para utilizar en los distintos comercios en las compras\npara el D\u00eda del Ni\u00f1o\u201d, agreg\u00f3 Facciolo, quien coordina a las socias nucleadas\nen las Mujeres CEM. &nbsp;&nbsp;<\/p>\n\n\n\n<p>Tal como se\ndijo con antelaci\u00f3n, las puertas estar\u00e1n abiertas para que las familias vengan\na la casona de la Avenida 29 para jugar, hacer manualidades, compartir un\nmomento distintos con los m\u00e1s peque\u00f1os. Las actividades para los ni\u00f1os son\ngratuitas. <\/p>\n\n\n\n<p>Cabe destacar que el taller de estampado textil con la t\u00e9cnica Shibori es el \u00fanico que requiere una inscripci\u00f3n previa ya que el cupo es acotado y que tiene un costo para los materiales que luego se llevar\u00e1n. Para anotarse en este taller deber\u00e1n acercarse en la sede de la C\u00e1mara Econ\u00f3mica o comunicarse por tel\u00e9fono al 420502. <\/p>\n\n\n\n<p>Fuente: Prensa CEM<\/p>\n","protected":false},"excerpt":{"rendered":"<p>El s\u00e1bado 3 de agosto, entre las 10 y las 17 horas, la sede de Avenida 29 de la C\u00e1mara &#8230; <a title=\"Las vacaciones de invierno tambi\u00e9n se viven en la CEM\" class=\"read-more\" href=\"https:\/\/www.hoymercedes.com.ar\/principal\/2019\/07\/26\/las-vacaciones-de-invierno-tambien-se-viven-en-la-cem\/\" aria-label=\"Leer m\u00e1s sobre Las vacaciones de invierno tambi\u00e9n se viven en la CEM\">Leer m\u00e1s<\/a><\/p>\n","protected":false},"author":1,"featured_media":97166,"comment_status":"closed","ping_status":"open","sticky":false,"template":"","format":"standard","meta":{"_monsterinsights_skip_tracking":false,"_monsterinsights_sitenote_active":false,"_monsterinsights_sitenote_note":"","_monsterinsights_sitenote_category":0,"jetpack_post_was_ever_published":false,"_jetpack_newsletter_access":"","_jetpack_dont_email_post_to_subs":false,"_jetpack_newsletter_tier_id":0,"_jetpack_memberships_contains_paywalled_content":false,"_jetpack_memberships_contains_paid_content":false,"footnotes":"","jetpack_publicize_message":"","jetpack_publicize_feature_enabled":true,"jetpack_social_post_already_shared":true,"jetpack_social_options":{"image_generator_settings":{"template":"highway","default_image_id":0,"font":"","enabled":false},"version":2},"_wpas_customize_per_network":false},"categories":[8],"tags":[682,7629],"class_list":["post-97173","post","type-post","status-publish","format-standard","has-post-thumbnail","hentry","category-sociedad","tag-cem","tag-vacaciones-de-invierno","generate-columns","tablet-grid-50","mobile-grid-100","grid-parent","grid-50"],"jetpack_publicize_connections":[],"jetpack_featured_media_url":"https:\/\/www.hoymercedes.com.ar\/principal\/wp-content\/uploads\/2019\/07\/26-CEM-invierno.jpg","wps_subtitle":"Actividades abiertas a la comunidad","jetpack_sharing_enabled":true,"_links":{"self":[{"href":"https:\/\/www.hoymercedes.com.ar\/principal\/wp-json\/wp\/v2\/posts\/97173","targetHints":{"allow":["GET"]}}],"collection":[{"href":"https:\/\/www.hoymercedes.com.ar\/principal\/wp-json\/wp\/v2\/posts"}],"about":[{"href":"https:\/\/www.hoymercedes.com.ar\/principal\/wp-json\/wp\/v2\/types\/post"}],"author":[{"embeddable":true,"href":"https:\/\/www.hoymercedes.com.ar\/principal\/wp-json\/wp\/v2\/users\/1"}],"replies":[{"embeddable":true,"href":"https:\/\/www.hoymercedes.com.ar\/principal\/wp-json\/wp\/v2\/comments?post=97173"}],"version-history":[{"count":0,"href":"https:\/\/www.hoymercedes.com.ar\/principal\/wp-json\/wp\/v2\/posts\/97173\/revisions"}],"wp:featuredmedia":[{"embeddable":true,"href":"https:\/\/www.hoymercedes.com.ar\/principal\/wp-json\/wp\/v2\/media\/97166"}],"wp:attachment":[{"href":"https:\/\/www.hoymercedes.com.ar\/principal\/wp-json\/wp\/v2\/media?parent=97173"}],"wp:term":[{"taxonomy":"category","embeddable":true,"href":"https:\/\/www.hoymercedes.com.ar\/principal\/wp-json\/wp\/v2\/categories?post=97173"},{"taxonomy":"post_tag","embeddable":true,"href":"https:\/\/www.hoymercedes.com.ar\/principal\/wp-json\/wp\/v2\/tags?post=97173"}],"curies":[{"name":"wp","href":"https:\/\/api.w.org\/{rel}","templated":true}]}}