{"id":97184,"date":"2019-07-26T17:00:59","date_gmt":"2019-07-26T20:00:59","guid":{"rendered":"http:\/\/www.hoymercedes.com.ar\/principal\/?p=97184"},"modified":"2019-07-26T17:40:36","modified_gmt":"2019-07-26T20:40:36","slug":"prosane-continua-trabajando-en-el-receso-invernal","status":"publish","type":"post","link":"https:\/\/www.hoymercedes.com.ar\/principal\/2019\/07\/26\/prosane-continua-trabajando-en-el-receso-invernal\/","title":{"rendered":"PROSANE contin\u00faa trabajando en el receso invernal"},"content":{"rendered":"\n<p>Durante este receso escolar de invierno el Municipio de Mercedes contin\u00faa llevando adelante el PROSANE (Programa de Sanidad Escolar) que tiene como misi\u00f3n desarrollar y fortalecer pol\u00edticas integradas de salud y educaci\u00f3n. En esta oportunidad este equipo interdisciplinario se hizo presente en la CTEP (calle 2 y 11) realizando los controles de salud a los ni\u00f1os y ni\u00f1as de la UDI (unidad de desarrollo infantil).<\/p>\n\n\n\n<p>La idea es dar respuesta activa a las necesidades de atenci\u00f3n de los ni\u00f1os, ni\u00f1as y adolescentes en edad escolar, impulsando adem\u00e1s acciones de prevenci\u00f3n de enfermedades y promoci\u00f3n de la salud, fortaleciendo la articulaci\u00f3n entre las familias, las instituciones educativas y la comuna.<\/p>\n\n\n\n<p>All\u00ed se realizaron controles m\u00e9dicos, ex\u00e1menes bucodental, Fonoaudiol\u00f3gicos, complementando, adem\u00e1s, el calendario de vacunas.<\/p>\n\n\n\n<p>\u201cFue una jornada exitosa, que incluy\u00f3 ni\u00f1os de 6 meses hasta 13 a\u00f1os, los mismos estuvieron acompa\u00f1ados de un adulto responsable quienes luego recibieron la devoluci\u00f3n de la evaluaci\u00f3n\u201d sostuvieron desde los responsables del programa.<\/p>\n","protected":false},"excerpt":{"rendered":"<p>Durante este receso escolar de invierno el Municipio de Mercedes contin\u00faa llevando adelante el PROSANE (Programa de Sanidad Escolar) que &#8230; <a title=\"PROSANE contin\u00faa trabajando en el receso invernal\" class=\"read-more\" href=\"https:\/\/www.hoymercedes.com.ar\/principal\/2019\/07\/26\/prosane-continua-trabajando-en-el-receso-invernal\/\" aria-label=\"Leer m\u00e1s sobre PROSANE contin\u00faa trabajando en el receso invernal\">Leer m\u00e1s<\/a><\/p>\n","protected":false},"author":1,"featured_media":97185,"comment_status":"closed","ping_status":"open","sticky":false,"template":"","format":"standard","meta":{"_monsterinsights_skip_tracking":false,"_monsterinsights_sitenote_active":false,"_monsterinsights_sitenote_note":"","_monsterinsights_sitenote_category":0,"jetpack_post_was_ever_published":false,"_jetpack_newsletter_access":"","_jetpack_dont_email_post_to_subs":false,"_jetpack_newsletter_tier_id":0,"_jetpack_memberships_contains_paywalled_content":false,"_jetpack_memberships_contains_paid_content":false,"footnotes":"","jetpack_publicize_message":"","jetpack_publicize_feature_enabled":true,"jetpack_social_post_already_shared":true,"jetpack_social_options":{"image_generator_settings":{"template":"highway","default_image_id":0,"font":"","enabled":false},"version":2},"_wpas_customize_per_network":false},"categories":[30],"tags":[244,7322,134],"class_list":["post-97184","post","type-post","status-publish","format-standard","has-post-thumbnail","hentry","category-municipio","tag-municipio-2","tag-prosane","tag-salud","generate-columns","tablet-grid-50","mobile-grid-100","grid-parent","grid-50"],"jetpack_publicize_connections":[],"jetpack_featured_media_url":"https:\/\/www.hoymercedes.com.ar\/principal\/wp-content\/uploads\/2019\/07\/26-prosane-1.jpeg","wps_subtitle":"","jetpack_sharing_enabled":true,"_links":{"self":[{"href":"https:\/\/www.hoymercedes.com.ar\/principal\/wp-json\/wp\/v2\/posts\/97184","targetHints":{"allow":["GET"]}}],"collection":[{"href":"https:\/\/www.hoymercedes.com.ar\/principal\/wp-json\/wp\/v2\/posts"}],"about":[{"href":"https:\/\/www.hoymercedes.com.ar\/principal\/wp-json\/wp\/v2\/types\/post"}],"author":[{"embeddable":true,"href":"https:\/\/www.hoymercedes.com.ar\/principal\/wp-json\/wp\/v2\/users\/1"}],"replies":[{"embeddable":true,"href":"https:\/\/www.hoymercedes.com.ar\/principal\/wp-json\/wp\/v2\/comments?post=97184"}],"version-history":[{"count":0,"href":"https:\/\/www.hoymercedes.com.ar\/principal\/wp-json\/wp\/v2\/posts\/97184\/revisions"}],"wp:featuredmedia":[{"embeddable":true,"href":"https:\/\/www.hoymercedes.com.ar\/principal\/wp-json\/wp\/v2\/media\/97185"}],"wp:attachment":[{"href":"https:\/\/www.hoymercedes.com.ar\/principal\/wp-json\/wp\/v2\/media?parent=97184"}],"wp:term":[{"taxonomy":"category","embeddable":true,"href":"https:\/\/www.hoymercedes.com.ar\/principal\/wp-json\/wp\/v2\/categories?post=97184"},{"taxonomy":"post_tag","embeddable":true,"href":"https:\/\/www.hoymercedes.com.ar\/principal\/wp-json\/wp\/v2\/tags?post=97184"}],"curies":[{"name":"wp","href":"https:\/\/api.w.org\/{rel}","templated":true}]}}