{"id":97193,"date":"2019-07-26T20:05:24","date_gmt":"2019-07-26T23:05:24","guid":{"rendered":"http:\/\/www.hoymercedes.com.ar\/principal\/?p=97193"},"modified":"2019-07-26T20:05:32","modified_gmt":"2019-07-26T23:05:32","slug":"la-lluvia-obligo-a-suspender-el-encuentro-entre-el-fronton-y-los-carteros","status":"publish","type":"post","link":"https:\/\/www.hoymercedes.com.ar\/principal\/2019\/07\/26\/la-lluvia-obligo-a-suspender-el-encuentro-entre-el-fronton-y-los-carteros\/","title":{"rendered":"La lluvia oblig\u00f3 a suspender el encuentro entre El Front\u00f3n y Los Carteros"},"content":{"rendered":"\n<p>La lluvia de este viernes complic\u00f3 el terreno de juego de la Liga Mercedina, que ten\u00eda programado el encuentro en Primera y Reserva entre El Front\u00f3n y Los Carteros, siendo local el cuadro de San Andr\u00e9s de Giles, en el marco del inicio de la fecha 19 del torneo de la Liga Mercedina.<\/p>\n\n\n\n<figure class=\"wp-block-image\"><img loading=\"lazy\" decoding=\"async\" width=\"1024\" height=\"768\" data-attachment-id=\"97194\" data-permalink=\"https:\/\/www.hoymercedes.com.ar\/principal\/2019\/07\/26\/la-lluvia-obligo-a-suspender-el-encuentro-entre-el-fronton-y-los-carteros\/liga-con-agua\/#main\" data-orig-file=\"https:\/\/www.hoymercedes.com.ar\/principal\/wp-content\/uploads\/2019\/07\/Liga-con-agua.jpg\" data-orig-size=\"1024,768\" data-comments-opened=\"0\" data-image-meta=\"{&quot;aperture&quot;:&quot;0&quot;,&quot;credit&quot;:&quot;&quot;,&quot;camera&quot;:&quot;&quot;,&quot;caption&quot;:&quot;&quot;,&quot;created_timestamp&quot;:&quot;0&quot;,&quot;copyright&quot;:&quot;&quot;,&quot;focal_length&quot;:&quot;0&quot;,&quot;iso&quot;:&quot;0&quot;,&quot;shutter_speed&quot;:&quot;0&quot;,&quot;title&quot;:&quot;&quot;,&quot;orientation&quot;:&quot;0&quot;}\" data-image-title=\"Liga-con-agua\" data-image-description=\"\" data-image-caption=\"\" data-large-file=\"https:\/\/www.hoymercedes.com.ar\/principal\/wp-content\/uploads\/2019\/07\/Liga-con-agua-1024x768.jpg\" src=\"https:\/\/www.hoymercedes.com.ar\/principal\/wp-content\/uploads\/2019\/07\/Liga-con-agua-1024x768.jpg\" alt=\"\" class=\"wp-image-97194\" srcset=\"https:\/\/www.hoymercedes.com.ar\/principal\/wp-content\/uploads\/2019\/07\/Liga-con-agua.jpg 1024w, https:\/\/www.hoymercedes.com.ar\/principal\/wp-content\/uploads\/2019\/07\/Liga-con-agua-150x113.jpg 150w, https:\/\/www.hoymercedes.com.ar\/principal\/wp-content\/uploads\/2019\/07\/Liga-con-agua-630x473.jpg 630w, https:\/\/www.hoymercedes.com.ar\/principal\/wp-content\/uploads\/2019\/07\/Liga-con-agua-320x240.jpg 320w, https:\/\/www.hoymercedes.com.ar\/principal\/wp-content\/uploads\/2019\/07\/Liga-con-agua-100x75.jpg 100w\" sizes=\"auto, (max-width: 1024px) 100vw, 1024px\" \/><\/figure>\n\n\n\n<p>En cuanto a la jornada del s\u00e1bado, todo se posterg\u00f3 para el domingo con el siguiente cronograma:<\/p>\n\n\n\n<blockquote class=\"wp-block-quote is-layout-flow wp-block-quote-is-layout-flow\"><p><strong>PRIMERA DIVISION<\/strong><\/p><\/blockquote>\n\n\n\n<p><em><strong>Domingo 28 de julio, cancha Liga Mercedina<\/strong><\/em><br>11:00 hs. Estudiantes Vs. Holanda<br>13:00 hs. Palometas Vs. V\u00e9lez Sarsfield<br>15:00 hs. El Tim\u00f3n Vs. AMEFIP<br>17:00 hs. Trocha Vs. Atl\u00e9tico Marcos Paz<\/p>\n\n\n\n<p><em><strong>Domingo 28 de julio, cancha Quilmes<\/strong><\/em><br>13:00 hs. Ateneo Vs. Col\u00f3n<br>15:00 hs. Quilmes Vs. Defensores<\/p>\n\n\n\n<p><em><strong>Domingo 28 de julio, cancha Juventud<\/strong><\/em><br>15:30 hs. Juventud Vs. Costa Brava<\/p>\n\n\n\n<p><em><strong>Domingo 28 de julio, cancha Pabell\u00f3n Argentino<\/strong><\/em><br>15:30 hs. Pabell\u00f3n Argentino Vs. La Diego Armando<\/p>\n\n\n\n<p><em><strong>Lunes 29 de julio, cancha Liga Mercedina<\/strong><\/em><br>21:00 hs. El Front\u00f3n Vs. Los Carteros<\/p>\n\n\n\n<blockquote class=\"wp-block-quote is-layout-flow wp-block-quote-is-layout-flow\"><p><strong>RESERVA<\/strong><\/p><\/blockquote>\n\n\n\n<p><em><strong>S\u00e1bado 27 de julio, cancha El Tim\u00f3n<\/strong><\/em><br>13:15 hs. El Tim\u00f3n Vs. AMEFIP<\/p>\n\n\n\n<p><em><strong>S\u00e1bado 27 de julio cancha V\u00e9lez Sarsfield<\/strong><\/em><br>13:30 hs. Defensores Vs. Quilmes<\/p>\n\n\n\n<p><em><strong>S\u00e1bado 27 de julio, cancha Estudiantes<\/strong><\/em><br>15:30 hs. Estudiantes Vs. Holanda<br>* Estudiantes a\u00fan no confirm\u00f3 estado de cancha, por lo que de no estar en condiciones se jugar\u00e1 en cancha de V\u00e9lez. Se confirma no m\u00e1s all\u00e1 de las 11de la ma\u00f1ana.<\/p>\n\n\n\n<p><em><strong>Domingo 28 de julio, cancha V\u00e9lez<\/strong><\/em><br>14:30 hs. Trocha Vs. Atl\u00e9tico Marcos Paz<\/p>\n\n\n\n<p><em><strong>Domingo de julio 28 de julio, cancha Mercedes<\/strong><\/em><br>15:30 hs. Palometas Vs. V\u00e9lez Sarsfield<\/p>\n\n\n\n<p><em><strong>Domingo 28 de julio, cancha Ateneo<\/strong><\/em><br>15:30 hs. Ateneo Vs. Col\u00f3n<\/p>\n\n\n\n<p><em><strong>Domingo 28 de julio, cancha Juventud<\/strong><\/em><br>13:30 hs. Juventud Vs. Costa Brava<\/p>\n\n\n\n<p><em><strong>Domingo 28 de julio, cancha Pabell\u00f3n Argentino<\/strong><\/em><br>13:30 hs. Pabell\u00f3n Argentino Vs. La Diego Armando<\/p>\n\n\n\n<p><em><strong>Lunes 29 de julio, cancha Liga Mercedina<\/strong><\/em><br>19:00 hs. El Front\u00f3n Vs. Los Carteros<\/p>\n","protected":false},"excerpt":{"rendered":"<p>La lluvia de este viernes complic\u00f3 el terreno de juego de la Liga Mercedina, que ten\u00eda programado el encuentro en &#8230; <a title=\"La lluvia oblig\u00f3 a suspender el encuentro entre El Front\u00f3n y Los Carteros\" class=\"read-more\" href=\"https:\/\/www.hoymercedes.com.ar\/principal\/2019\/07\/26\/la-lluvia-obligo-a-suspender-el-encuentro-entre-el-fronton-y-los-carteros\/\" aria-label=\"Leer m\u00e1s sobre La lluvia oblig\u00f3 a suspender el encuentro entre El Front\u00f3n y Los Carteros\">Leer m\u00e1s<\/a><\/p>\n","protected":false},"author":1,"featured_media":97194,"comment_status":"closed","ping_status":"open","sticky":false,"template":"","format":"standard","meta":{"_monsterinsights_skip_tracking":false,"_monsterinsights_sitenote_active":false,"_monsterinsights_sitenote_note":"","_monsterinsights_sitenote_category":0,"jetpack_post_was_ever_published":false,"_jetpack_newsletter_access":"","_jetpack_dont_email_post_to_subs":false,"_jetpack_newsletter_tier_id":0,"_jetpack_memberships_contains_paywalled_content":false,"_jetpack_memberships_contains_paid_content":false,"footnotes":"","jetpack_publicize_message":"","jetpack_publicize_feature_enabled":true,"jetpack_social_post_already_shared":true,"jetpack_social_options":{"image_generator_settings":{"template":"highway","default_image_id":0,"font":"","enabled":false},"version":2},"_wpas_customize_per_network":false},"categories":[21],"tags":[1003,1901],"class_list":["post-97193","post","type-post","status-publish","format-standard","has-post-thumbnail","hentry","category-deportes","tag-futbol","tag-liga-mercedina","generate-columns","tablet-grid-50","mobile-grid-100","grid-parent","grid-50"],"jetpack_publicize_connections":[],"jetpack_featured_media_url":"https:\/\/www.hoymercedes.com.ar\/principal\/wp-content\/uploads\/2019\/07\/Liga-con-agua.jpg","wps_subtitle":"Liga Mercedina","jetpack_sharing_enabled":true,"_links":{"self":[{"href":"https:\/\/www.hoymercedes.com.ar\/principal\/wp-json\/wp\/v2\/posts\/97193","targetHints":{"allow":["GET"]}}],"collection":[{"href":"https:\/\/www.hoymercedes.com.ar\/principal\/wp-json\/wp\/v2\/posts"}],"about":[{"href":"https:\/\/www.hoymercedes.com.ar\/principal\/wp-json\/wp\/v2\/types\/post"}],"author":[{"embeddable":true,"href":"https:\/\/www.hoymercedes.com.ar\/principal\/wp-json\/wp\/v2\/users\/1"}],"replies":[{"embeddable":true,"href":"https:\/\/www.hoymercedes.com.ar\/principal\/wp-json\/wp\/v2\/comments?post=97193"}],"version-history":[{"count":0,"href":"https:\/\/www.hoymercedes.com.ar\/principal\/wp-json\/wp\/v2\/posts\/97193\/revisions"}],"wp:featuredmedia":[{"embeddable":true,"href":"https:\/\/www.hoymercedes.com.ar\/principal\/wp-json\/wp\/v2\/media\/97194"}],"wp:attachment":[{"href":"https:\/\/www.hoymercedes.com.ar\/principal\/wp-json\/wp\/v2\/media?parent=97193"}],"wp:term":[{"taxonomy":"category","embeddable":true,"href":"https:\/\/www.hoymercedes.com.ar\/principal\/wp-json\/wp\/v2\/categories?post=97193"},{"taxonomy":"post_tag","embeddable":true,"href":"https:\/\/www.hoymercedes.com.ar\/principal\/wp-json\/wp\/v2\/tags?post=97193"}],"curies":[{"name":"wp","href":"https:\/\/api.w.org\/{rel}","templated":true}]}}