{"id":9720,"date":"2011-12-09T18:23:17","date_gmt":"2011-12-09T18:23:17","guid":{"rendered":"http:\/\/www.hoymercedes.com.ar\/principal\/?p=9720"},"modified":"2011-12-09T18:23:17","modified_gmt":"2011-12-09T18:23:17","slug":"participaron-de-la-celebracion-de-la-inmaculada-concepcion-de-la-virgen","status":"publish","type":"post","link":"https:\/\/www.hoymercedes.com.ar\/principal\/2011\/12\/09\/participaron-de-la-celebracion-de-la-inmaculada-concepcion-de-la-virgen\/","title":{"rendered":"Participaron de la celebraci\u00f3n de la Inmaculada Concepci\u00f3n de la Virgen"},"content":{"rendered":"<p><a href=\"https:\/\/www.hoymercedes.com.ar\/principal\/wp-content\/uploads\/2011\/12\/dia-virgen-mercedes.jpg\"><img loading=\"lazy\" decoding=\"async\" data-attachment-id=\"9722\" data-permalink=\"https:\/\/www.hoymercedes.com.ar\/principal\/2011\/12\/09\/participaron-de-la-celebracion-de-la-inmaculada-concepcion-de-la-virgen\/dia-virgen-mercedes\/#main\" data-orig-file=\"https:\/\/www.hoymercedes.com.ar\/principal\/wp-content\/uploads\/2011\/12\/dia-virgen-mercedes.jpg\" data-orig-size=\"612,459\" data-comments-opened=\"1\" data-image-meta=\"{&quot;aperture&quot;:&quot;2.8&quot;,&quot;credit&quot;:&quot;&quot;,&quot;camera&quot;:&quot;COOLPIX L10&quot;,&quot;caption&quot;:&quot;&quot;,&quot;created_timestamp&quot;:&quot;1323184136&quot;,&quot;copyright&quot;:&quot;Copyright 2006&quot;,&quot;focal_length&quot;:&quot;6.2&quot;,&quot;iso&quot;:&quot;64&quot;,&quot;shutter_speed&quot;:&quot;0.033333333333333&quot;,&quot;title&quot;:&quot;&quot;}\" data-image-title=\"dia-virgen-mercedes\" data-image-description=\"\" data-image-caption=\"\" data-large-file=\"https:\/\/www.hoymercedes.com.ar\/principal\/wp-content\/uploads\/2011\/12\/dia-virgen-mercedes.jpg\" class=\"aligncenter size-full wp-image-9722\" title=\"dia-virgen-mercedes\" src=\"https:\/\/www.hoymercedes.com.ar\/principal\/wp-content\/uploads\/2011\/12\/dia-virgen-mercedes.jpg\" alt=\"\" width=\"612\" height=\"459\" \/><\/a><\/p>\n<p>El intendente Carlos Selva junto a su esposa la concejal Cristina Arias participaron de la Procesi\u00f3n, Tambi\u00e9n lo hicieron el presidente del Concejo Deliberante, el titular del Consejo Escolar Oscar Filip\u00edn, otros concejales y representantes de diferentes entidades.<\/p>\n<p>Una muy significativa cantidad de vecinos de nuestra ciudad particip\u00f3 ayer de los actos en celebraci\u00f3n de la Fiesta de la Inmaculada Concepci\u00f3n de la Virgen efectuada en la Catedral Bas\u00edlica.<\/p>\n<p>Poco despu\u00e9s de las 18,30 los participantes comenzaron a concentrarse en torno a la Plaza San Mart\u00edn aguardando el momento en que dispusiera el inicio de la procesi\u00f3n por diferentes calles de la ciudad con la imagen de Nuestra Se\u00f1ora de las Mercedes.<\/p>\n<p>La caravana parti\u00f3 desde 29 y 24 hacia la avenida 16 tomando por la misma hasta calle 25 desde donde marcharon hasta la avenida 30 y as\u00ed llegar a la 29 desde donde se retorn\u00f3 al punto de partida.<\/p>\n<p>Encabezan la procesi\u00f3n los ni\u00f1os que este 8 de diciembre hicieron su primera comuni\u00f3n en el \u00e1mbito de la Catedral, luego las autoridades presentes encabezados por el jefe pol\u00edtico de la ciudad Carlos Selva junto a su esposa la concejal Cristina Arias, el presidente del Honorable Concejo Deliberante Marcelo Den\u00e1pole, los concejales Mercedes Mazzocchi y Arnaldo Roberto M\u00e9ndez, el presidente del Consejo Escolar Oscar Filipin y su esposa, y autoridades religiosas. Posteriormente se ubicaba la Imagen de la Sant\u00edsima Virgen de las Mercedes y cerraban la marcha el resto de los vecinos presentes.<\/p>\n<p>Concluida la procesi\u00f3n, el P\u00e1rroco de Catedral, Padre Marcelo Abrey, celebr\u00f3 la Santa Misa en el atrio de la Bas\u00edlica con los participantes ubicados sobre la calle 24 y la vereda de la Plaza San Mart\u00edn, sosteniendo en parte de su homil\u00eda \u201cestamos este 8 de diciembre junto a la Virgen prepar\u00e1ndonos para la llegada de la Navidad, es como que la Virgen siempre llega antes que Jes\u00fas para que nosotros preparemos nuestro coraz\u00f3n para recibirlo.<\/p>\n<p><a href=\"https:\/\/www.hoymercedes.com.ar\/principal\/wp-content\/uploads\/2011\/12\/dia-virgen-mercedes-II.jpg\"><img loading=\"lazy\" decoding=\"async\" data-attachment-id=\"9723\" data-permalink=\"https:\/\/www.hoymercedes.com.ar\/principal\/2011\/12\/09\/participaron-de-la-celebracion-de-la-inmaculada-concepcion-de-la-virgen\/dia-virgen-mercedes-ii\/#main\" data-orig-file=\"https:\/\/www.hoymercedes.com.ar\/principal\/wp-content\/uploads\/2011\/12\/dia-virgen-mercedes-II.jpg\" data-orig-size=\"612,459\" data-comments-opened=\"1\" data-image-meta=\"{&quot;aperture&quot;:&quot;4.2&quot;,&quot;credit&quot;:&quot;&quot;,&quot;camera&quot;:&quot;COOLPIX L10&quot;,&quot;caption&quot;:&quot;&quot;,&quot;created_timestamp&quot;:&quot;1323183861&quot;,&quot;copyright&quot;:&quot;Copyright 2006&quot;,&quot;focal_length&quot;:&quot;12.8&quot;,&quot;iso&quot;:&quot;64&quot;,&quot;shutter_speed&quot;:&quot;0.033333333333333&quot;,&quot;title&quot;:&quot;&quot;}\" data-image-title=\"dia-virgen-mercedes-II\" data-image-description=\"\" data-image-caption=\"\" data-large-file=\"https:\/\/www.hoymercedes.com.ar\/principal\/wp-content\/uploads\/2011\/12\/dia-virgen-mercedes-II.jpg\" class=\"aligncenter size-full wp-image-9723\" title=\"dia-virgen-mercedes-II\" src=\"https:\/\/www.hoymercedes.com.ar\/principal\/wp-content\/uploads\/2011\/12\/dia-virgen-mercedes-II.jpg\" alt=\"\" width=\"612\" height=\"459\" srcset=\"https:\/\/www.hoymercedes.com.ar\/principal\/wp-content\/uploads\/2011\/12\/dia-virgen-mercedes-II.jpg 612w, https:\/\/www.hoymercedes.com.ar\/principal\/wp-content\/uploads\/2011\/12\/dia-virgen-mercedes-II-300x225.jpg 300w\" sizes=\"auto, (max-width: 612px) 100vw, 612px\" \/><\/a><\/p>\n<p>Hemos escuchado la lectura cuando Dios le pide a Mar\u00eda un favor, y Mar\u00eda siempre estaba dispuesta a responder porque ella siempre estaba disponible para Dios.<\/p>\n<p>Por eso nosotros siempre debemos estar disponible para los dem\u00e1s, vieron que siempre en cualquier barrio hay una familia, una asa en la que sus integrantes siempre est\u00e1n disponibles para dar una mano, as\u00ed tenemos que ser todos y cada uno de nosotros, personas siempre disponibles<\/p>\n<p>Mar\u00eda es sencilla y disponible a Dios, lo que el le pide ella siempre lo hace y ciertamente tambi\u00e9n cuando ella pide algo Dios nunca deja de escucharla\u201d.<\/p>\n<p>Concluida la celebraci\u00f3n de la Santa Misa se llev\u00f3 a cabo un recital folcl\u00f3rico con la participaci\u00f3n de int\u00e9rpretes solistas y conjuntos de nuestra ciudad.<\/p>\n","protected":false},"excerpt":{"rendered":"<p>El intendente Carlos Selva junto a su esposa la concejal Cristina Arias participaron de la Procesi\u00f3n, Tambi\u00e9n lo hicieron el &#8230; <a title=\"Participaron de la celebraci\u00f3n de la Inmaculada Concepci\u00f3n de la Virgen\" class=\"read-more\" href=\"https:\/\/www.hoymercedes.com.ar\/principal\/2011\/12\/09\/participaron-de-la-celebracion-de-la-inmaculada-concepcion-de-la-virgen\/\" aria-label=\"Leer m\u00e1s sobre Participaron de la celebraci\u00f3n de la Inmaculada Concepci\u00f3n de la Virgen\">Leer m\u00e1s<\/a><\/p>\n","protected":false},"author":1,"featured_media":0,"comment_status":"open","ping_status":"open","sticky":false,"template":"","format":"standard","meta":{"_monsterinsights_skip_tracking":false,"_monsterinsights_sitenote_active":false,"_monsterinsights_sitenote_note":"","_monsterinsights_sitenote_category":0,"jetpack_post_was_ever_published":false,"_jetpack_newsletter_access":"","_jetpack_dont_email_post_to_subs":false,"_jetpack_newsletter_tier_id":0,"_jetpack_memberships_contains_paywalled_content":false,"_jetpack_memberships_contains_paid_content":false,"footnotes":"","jetpack_publicize_message":"","jetpack_publicize_feature_enabled":true,"jetpack_social_post_already_shared":false,"jetpack_social_options":{"image_generator_settings":{"template":"highway","default_image_id":0,"font":"","enabled":false},"version":2},"_wpas_customize_per_network":false},"categories":[8],"tags":[1695],"class_list":["post-9720","post","type-post","status-publish","format-standard","hentry","category-sociedad","tag-dia-de-la-virgen-mercedes","generate-columns","tablet-grid-50","mobile-grid-100","grid-parent","grid-50"],"jetpack_publicize_connections":[],"jetpack_featured_media_url":"","wps_subtitle":"","jetpack_sharing_enabled":true,"_links":{"self":[{"href":"https:\/\/www.hoymercedes.com.ar\/principal\/wp-json\/wp\/v2\/posts\/9720","targetHints":{"allow":["GET"]}}],"collection":[{"href":"https:\/\/www.hoymercedes.com.ar\/principal\/wp-json\/wp\/v2\/posts"}],"about":[{"href":"https:\/\/www.hoymercedes.com.ar\/principal\/wp-json\/wp\/v2\/types\/post"}],"author":[{"embeddable":true,"href":"https:\/\/www.hoymercedes.com.ar\/principal\/wp-json\/wp\/v2\/users\/1"}],"replies":[{"embeddable":true,"href":"https:\/\/www.hoymercedes.com.ar\/principal\/wp-json\/wp\/v2\/comments?post=9720"}],"version-history":[{"count":0,"href":"https:\/\/www.hoymercedes.com.ar\/principal\/wp-json\/wp\/v2\/posts\/9720\/revisions"}],"wp:attachment":[{"href":"https:\/\/www.hoymercedes.com.ar\/principal\/wp-json\/wp\/v2\/media?parent=9720"}],"wp:term":[{"taxonomy":"category","embeddable":true,"href":"https:\/\/www.hoymercedes.com.ar\/principal\/wp-json\/wp\/v2\/categories?post=9720"},{"taxonomy":"post_tag","embeddable":true,"href":"https:\/\/www.hoymercedes.com.ar\/principal\/wp-json\/wp\/v2\/tags?post=9720"}],"curies":[{"name":"wp","href":"https:\/\/api.w.org\/{rel}","templated":true}]}}