{"id":97211,"date":"2019-07-27T13:34:25","date_gmt":"2019-07-27T16:34:25","guid":{"rendered":"http:\/\/www.hoymercedes.com.ar\/principal\/?p=97211"},"modified":"2019-07-26T20:43:03","modified_gmt":"2019-07-26T23:43:03","slug":"daniel-keko-lucero-debuto-en-la-reserva-de-river-plate","status":"publish","type":"post","link":"https:\/\/www.hoymercedes.com.ar\/principal\/2019\/07\/27\/daniel-keko-lucero-debuto-en-la-reserva-de-river-plate\/","title":{"rendered":"Daniel \u00abKeko\u00bb Lucero debut\u00f3 en la Reserva de River Plate"},"content":{"rendered":"\n<p>Otro mercedino que sigue a paso firme en el f\u00fatbol profesional es Daniel Lucero, quien desde hace algunos a\u00f1os se encuentra en las inferiores de River Plate y este viernes tuvo la oportunidad de debutar en Reserva.<\/p>\n\n\n\n<figure class=\"wp-block-image\"><img loading=\"lazy\" decoding=\"async\" width=\"650\" height=\"461\" data-attachment-id=\"97212\" data-permalink=\"https:\/\/www.hoymercedes.com.ar\/principal\/2019\/07\/27\/daniel-keko-lucero-debuto-en-la-reserva-de-river-plate\/keko-lucero-river-debut\/#main\" data-orig-file=\"https:\/\/www.hoymercedes.com.ar\/principal\/wp-content\/uploads\/2019\/07\/Keko-Lucero-River-Debut.jpg\" data-orig-size=\"650,461\" data-comments-opened=\"0\" data-image-meta=\"{&quot;aperture&quot;:&quot;0&quot;,&quot;credit&quot;:&quot;&quot;,&quot;camera&quot;:&quot;&quot;,&quot;caption&quot;:&quot;&quot;,&quot;created_timestamp&quot;:&quot;0&quot;,&quot;copyright&quot;:&quot;&quot;,&quot;focal_length&quot;:&quot;0&quot;,&quot;iso&quot;:&quot;0&quot;,&quot;shutter_speed&quot;:&quot;0&quot;,&quot;title&quot;:&quot;&quot;,&quot;orientation&quot;:&quot;0&quot;}\" data-image-title=\"Keko-Lucero-River-Debut\" data-image-description=\"\" data-image-caption=\"\" data-large-file=\"https:\/\/www.hoymercedes.com.ar\/principal\/wp-content\/uploads\/2019\/07\/Keko-Lucero-River-Debut.jpg\" src=\"https:\/\/www.hoymercedes.com.ar\/principal\/wp-content\/uploads\/2019\/07\/Keko-Lucero-River-Debut.jpg\" alt=\"\" class=\"wp-image-97212\" srcset=\"https:\/\/www.hoymercedes.com.ar\/principal\/wp-content\/uploads\/2019\/07\/Keko-Lucero-River-Debut.jpg 650w, https:\/\/www.hoymercedes.com.ar\/principal\/wp-content\/uploads\/2019\/07\/Keko-Lucero-River-Debut-150x106.jpg 150w, https:\/\/www.hoymercedes.com.ar\/principal\/wp-content\/uploads\/2019\/07\/Keko-Lucero-River-Debut-630x447.jpg 630w\" sizes=\"auto, (max-width: 650px) 100vw, 650px\" \/><\/figure>\n\n\n\n<p>En el Centro de Entrenamiento y Formacion del Futbol Amateur de Argentinos Juniors, el Millonario visit\u00f3 al Bicho con triunfo por 3 a 0 para La Banda.<\/p>\n\n\n\n<p>Lucero, categor\u00eda 2002, ingres\u00f3 a los 20 minutos del segundo tiempo en reemplazo de Medina, quien fue el que marc\u00f3 el primer gol del partido para el equipo que dirige \u00abLuigi\u00bb Villalba.<\/p>\n\n\n\n<p>La carrera de Lucero sigue en crecida, ya que tras ser convocado a la pre Selecci\u00f3n Sub 17, ahora pudo sumar sus primeros minutos en la categor\u00eda previa a la Primera Divisi\u00f3n.<\/p>\n","protected":false},"excerpt":{"rendered":"<p>Otro mercedino que sigue a paso firme en el f\u00fatbol profesional es Daniel Lucero, quien desde hace algunos a\u00f1os se &#8230; <a title=\"Daniel \u00abKeko\u00bb Lucero debut\u00f3 en la Reserva de River Plate\" class=\"read-more\" href=\"https:\/\/www.hoymercedes.com.ar\/principal\/2019\/07\/27\/daniel-keko-lucero-debuto-en-la-reserva-de-river-plate\/\" aria-label=\"Leer m\u00e1s sobre Daniel \u00abKeko\u00bb Lucero debut\u00f3 en la Reserva de River Plate\">Leer m\u00e1s<\/a><\/p>\n","protected":false},"author":1,"featured_media":97212,"comment_status":"closed","ping_status":"open","sticky":false,"template":"","format":"standard","meta":{"_monsterinsights_skip_tracking":false,"_monsterinsights_sitenote_active":false,"_monsterinsights_sitenote_note":"","_monsterinsights_sitenote_category":0,"jetpack_post_was_ever_published":false,"_jetpack_newsletter_access":"","_jetpack_dont_email_post_to_subs":false,"_jetpack_newsletter_tier_id":0,"_jetpack_memberships_contains_paywalled_content":false,"_jetpack_memberships_contains_paid_content":false,"footnotes":"","jetpack_publicize_message":"","jetpack_publicize_feature_enabled":true,"jetpack_social_post_already_shared":true,"jetpack_social_options":{"image_generator_settings":{"template":"highway","default_image_id":0,"font":"","enabled":false},"version":2},"_wpas_customize_per_network":false},"categories":[21],"tags":[9814,15418],"class_list":["post-97211","post","type-post","status-publish","format-standard","has-post-thumbnail","hentry","category-deportes","tag-argentinos-juniors","tag-keko-lucero","generate-columns","tablet-grid-50","mobile-grid-100","grid-parent","grid-50"],"jetpack_publicize_connections":[],"jetpack_featured_media_url":"https:\/\/www.hoymercedes.com.ar\/principal\/wp-content\/uploads\/2019\/07\/Keko-Lucero-River-Debut.jpg","wps_subtitle":"La Legi\u00f3n","jetpack_sharing_enabled":true,"_links":{"self":[{"href":"https:\/\/www.hoymercedes.com.ar\/principal\/wp-json\/wp\/v2\/posts\/97211","targetHints":{"allow":["GET"]}}],"collection":[{"href":"https:\/\/www.hoymercedes.com.ar\/principal\/wp-json\/wp\/v2\/posts"}],"about":[{"href":"https:\/\/www.hoymercedes.com.ar\/principal\/wp-json\/wp\/v2\/types\/post"}],"author":[{"embeddable":true,"href":"https:\/\/www.hoymercedes.com.ar\/principal\/wp-json\/wp\/v2\/users\/1"}],"replies":[{"embeddable":true,"href":"https:\/\/www.hoymercedes.com.ar\/principal\/wp-json\/wp\/v2\/comments?post=97211"}],"version-history":[{"count":0,"href":"https:\/\/www.hoymercedes.com.ar\/principal\/wp-json\/wp\/v2\/posts\/97211\/revisions"}],"wp:featuredmedia":[{"embeddable":true,"href":"https:\/\/www.hoymercedes.com.ar\/principal\/wp-json\/wp\/v2\/media\/97212"}],"wp:attachment":[{"href":"https:\/\/www.hoymercedes.com.ar\/principal\/wp-json\/wp\/v2\/media?parent=97211"}],"wp:term":[{"taxonomy":"category","embeddable":true,"href":"https:\/\/www.hoymercedes.com.ar\/principal\/wp-json\/wp\/v2\/categories?post=97211"},{"taxonomy":"post_tag","embeddable":true,"href":"https:\/\/www.hoymercedes.com.ar\/principal\/wp-json\/wp\/v2\/tags?post=97211"}],"curies":[{"name":"wp","href":"https:\/\/api.w.org\/{rel}","templated":true}]}}