{"id":97243,"date":"2019-07-27T10:48:47","date_gmt":"2019-07-27T13:48:47","guid":{"rendered":"http:\/\/www.hoymercedes.com.ar\/principal\/?p=97243"},"modified":"2019-07-27T10:36:58","modified_gmt":"2019-07-27T13:36:58","slug":"iniciaron-obras-de-ensanche-y-repavimentacion-de-la-calle-10","status":"publish","type":"post","link":"https:\/\/www.hoymercedes.com.ar\/principal\/2019\/07\/27\/iniciaron-obras-de-ensanche-y-repavimentacion-de-la-calle-10\/","title":{"rendered":"Iniciaron obras de ensanche y repavimentaci\u00f3n de la Calle 10"},"content":{"rendered":"\n<p><em>El obrador est\u00e1\ninstalado a mitad de camino de la arteria que arreglar\u00e1n desde el gobierno\nprovincial. Ensanchar\u00e1n la calle entre la calle 53 y calle 91, mejorando la\ncirculaci\u00f3n del tr\u00e1nsito de miles de vecinos que viven en los barrios aleda\u00f1os\na la 10. <\/em><\/p>\n\n\n\n<figure class=\"wp-block-image\"><img loading=\"lazy\" decoding=\"async\" width=\"750\" height=\"422\" data-attachment-id=\"97244\" data-permalink=\"https:\/\/www.hoymercedes.com.ar\/principal\/2019\/07\/27\/iniciaron-obras-de-ensanche-y-repavimentacion-de-la-calle-10\/26-calle-10\/#main\" data-orig-file=\"https:\/\/www.hoymercedes.com.ar\/principal\/wp-content\/uploads\/2019\/07\/26-calle-10.jpg\" data-orig-size=\"750,422\" data-comments-opened=\"0\" data-image-meta=\"{&quot;aperture&quot;:&quot;0&quot;,&quot;credit&quot;:&quot;&quot;,&quot;camera&quot;:&quot;&quot;,&quot;caption&quot;:&quot;&quot;,&quot;created_timestamp&quot;:&quot;0&quot;,&quot;copyright&quot;:&quot;&quot;,&quot;focal_length&quot;:&quot;0&quot;,&quot;iso&quot;:&quot;0&quot;,&quot;shutter_speed&quot;:&quot;0&quot;,&quot;title&quot;:&quot;&quot;,&quot;orientation&quot;:&quot;0&quot;}\" data-image-title=\"26-calle-10\" data-image-description=\"\" data-image-caption=\"\" data-large-file=\"https:\/\/www.hoymercedes.com.ar\/principal\/wp-content\/uploads\/2019\/07\/26-calle-10.jpg\" src=\"https:\/\/www.hoymercedes.com.ar\/principal\/wp-content\/uploads\/2019\/07\/26-calle-10.jpg\" alt=\"\" class=\"wp-image-97244\" srcset=\"https:\/\/www.hoymercedes.com.ar\/principal\/wp-content\/uploads\/2019\/07\/26-calle-10.jpg 750w, https:\/\/www.hoymercedes.com.ar\/principal\/wp-content\/uploads\/2019\/07\/26-calle-10-150x84.jpg 150w, https:\/\/www.hoymercedes.com.ar\/principal\/wp-content\/uploads\/2019\/07\/26-calle-10-630x354.jpg 630w\" sizes=\"auto, (max-width: 750px) 100vw, 750px\" \/><\/figure>\n\n\n\n<p>D\u00edas atr\u00e1s comenzaron las obras de\nrepavimentaci\u00f3n y ensanche de la calle 10 camino al Cementerio Municipal. Obras\nprovinciales anunciadas meses atr\u00e1s y que estiman podr\u00eda terminarse en los\npr\u00f3ximos meses. <\/p>\n\n\n\n<p>Con el objetivo de contar c\u00f3mo van las obras, el Concejal Edgard Kilmeate explic\u00f3 que la obra de la calle 10 va desde su intersecci\u00f3n con la calle 53 hasta la 91. La obra incluye el ensanchamiento de la arteria a m\u00e1s de 8 metros. <\/p>\n\n\n\n<p>\u201cHoy est\u00e1 muy poceada la calle 10, en muy mal\nestado. Esta obra es un gran aporte de la provincia para todos los vecinos de\nesas barriadas. Mucha gente se ver\u00e1 beneficiada porque son muchos los vecinos\nque circulan por la calle 10 para entrar y salir de sus barrios\u201d, expres\u00f3 el\nlegislador a trav\u00e9s de los micr\u00f3fonos de los medios locales. <\/p>\n\n\n\n<p>\u201cEl ensanche es significativo. El obrador se instal\u00f3 d\u00edas atr\u00e1s y comenzaron a trabajar. Es una empresa de Don Torcuato. Es una obra beneficiosa para todos y hay que agradecer a la Gobernaci\u00f3n por este trabajo y este esfuerzo\u201d, agreg\u00f3 Kilmeate. <\/p>\n\n\n\n<p>Asimismo, Killmeatte asegur\u00f3 que a esta obra\nprovincial y a la del Hospital, se le suma el inicio de la restauraci\u00f3n de la\nsede del Registro Civil que desde enero debi\u00f3 dejar la casa de Avenida 29 por\npeligro de demolici\u00f3n. <\/p>\n\n\n\n<p>\u201cLa provincia est\u00e1 invirtiendo en la ciudad de Mercedes. As\u00ed como se hizo con el asfaltado de calles a\u00f1os atr\u00e1s, el compromiso de otras calles m\u00e1s, el Hospital, el Registro Civil, m\u00e1s las obras del Fondo de Infraestructura que se hicieron en estos casi cuatro a\u00f1os\u201d, concluy\u00f3 el Concejal que busca renovar su banca por Juntos Por el Cambio. <\/p>\n","protected":false},"excerpt":{"rendered":"<p>El obrador est\u00e1 instalado a mitad de camino de la arteria que arreglar\u00e1n desde el gobierno provincial. Ensanchar\u00e1n la calle &#8230; <a title=\"Iniciaron obras de ensanche y repavimentaci\u00f3n de la Calle 10\" class=\"read-more\" href=\"https:\/\/www.hoymercedes.com.ar\/principal\/2019\/07\/27\/iniciaron-obras-de-ensanche-y-repavimentacion-de-la-calle-10\/\" aria-label=\"Leer m\u00e1s sobre Iniciaron obras de ensanche y repavimentaci\u00f3n de la Calle 10\">Leer m\u00e1s<\/a><\/p>\n","protected":false},"author":1,"featured_media":97244,"comment_status":"closed","ping_status":"open","sticky":false,"template":"","format":"standard","meta":{"_monsterinsights_skip_tracking":false,"_monsterinsights_sitenote_active":false,"_monsterinsights_sitenote_note":"","_monsterinsights_sitenote_category":0,"jetpack_post_was_ever_published":false,"_jetpack_newsletter_access":"","_jetpack_dont_email_post_to_subs":false,"_jetpack_newsletter_tier_id":0,"_jetpack_memberships_contains_paywalled_content":false,"_jetpack_memberships_contains_paid_content":false,"footnotes":"","jetpack_publicize_message":"","jetpack_publicize_feature_enabled":true,"jetpack_social_post_already_shared":true,"jetpack_social_options":{"image_generator_settings":{"template":"highway","default_image_id":0,"font":"","enabled":false},"version":2},"_wpas_customize_per_network":false},"categories":[5],"tags":[5947,5319,1803],"class_list":["post-97243","post","type-post","status-publish","format-standard","has-post-thumbnail","hentry","category-politica","tag-obras-publicas","tag-politica-2","tag-provincia","generate-columns","tablet-grid-50","mobile-grid-100","grid-parent","grid-50"],"jetpack_publicize_connections":[],"jetpack_featured_media_url":"https:\/\/www.hoymercedes.com.ar\/principal\/wp-content\/uploads\/2019\/07\/26-calle-10.jpg","wps_subtitle":"Desde la 53 hasta la 91","jetpack_sharing_enabled":true,"_links":{"self":[{"href":"https:\/\/www.hoymercedes.com.ar\/principal\/wp-json\/wp\/v2\/posts\/97243","targetHints":{"allow":["GET"]}}],"collection":[{"href":"https:\/\/www.hoymercedes.com.ar\/principal\/wp-json\/wp\/v2\/posts"}],"about":[{"href":"https:\/\/www.hoymercedes.com.ar\/principal\/wp-json\/wp\/v2\/types\/post"}],"author":[{"embeddable":true,"href":"https:\/\/www.hoymercedes.com.ar\/principal\/wp-json\/wp\/v2\/users\/1"}],"replies":[{"embeddable":true,"href":"https:\/\/www.hoymercedes.com.ar\/principal\/wp-json\/wp\/v2\/comments?post=97243"}],"version-history":[{"count":0,"href":"https:\/\/www.hoymercedes.com.ar\/principal\/wp-json\/wp\/v2\/posts\/97243\/revisions"}],"wp:featuredmedia":[{"embeddable":true,"href":"https:\/\/www.hoymercedes.com.ar\/principal\/wp-json\/wp\/v2\/media\/97244"}],"wp:attachment":[{"href":"https:\/\/www.hoymercedes.com.ar\/principal\/wp-json\/wp\/v2\/media?parent=97243"}],"wp:term":[{"taxonomy":"category","embeddable":true,"href":"https:\/\/www.hoymercedes.com.ar\/principal\/wp-json\/wp\/v2\/categories?post=97243"},{"taxonomy":"post_tag","embeddable":true,"href":"https:\/\/www.hoymercedes.com.ar\/principal\/wp-json\/wp\/v2\/tags?post=97243"}],"curies":[{"name":"wp","href":"https:\/\/api.w.org\/{rel}","templated":true}]}}