{"id":97259,"date":"2019-07-28T10:20:26","date_gmt":"2019-07-28T13:20:26","guid":{"rendered":"http:\/\/www.hoymercedes.com.ar\/principal\/?p=97259"},"modified":"2019-07-28T14:37:24","modified_gmt":"2019-07-28T17:37:24","slug":"fabian-diaz-hay-intereses-que-buscan-la-desindustrializacion-y-precarizacion-del-trabajo","status":"publish","type":"post","link":"https:\/\/www.hoymercedes.com.ar\/principal\/2019\/07\/28\/fabian-diaz-hay-intereses-que-buscan-la-desindustrializacion-y-precarizacion-del-trabajo\/","title":{"rendered":"Fabi\u00e1n D\u00edaz: \u201cHay intereses que buscan la desindustrializaci\u00f3n y precarizaci\u00f3n del trabajo\u201d"},"content":{"rendered":"\n<p>La disertaci\u00f3n fue organizada por la Mesa Sindical Mercedes en las instalaciones de la Seccional AEFIP. La misma la brind\u00f3 el ex Delegado Regional del Ministerio de Trabajo de la Provincia de Buenos Aires.<\/p>\n\n\n\n<figure class=\"wp-block-image\"><img loading=\"lazy\" decoding=\"async\" width=\"750\" height=\"563\" data-attachment-id=\"97260\" data-permalink=\"https:\/\/www.hoymercedes.com.ar\/principal\/2019\/07\/28\/fabian-diaz-hay-intereses-que-buscan-la-desindustrializacion-y-precarizacion-del-trabajo\/kodak-digital-still-camera-16\/#main\" data-orig-file=\"https:\/\/www.hoymercedes.com.ar\/principal\/wp-content\/uploads\/2019\/07\/28-ref-laboral-1.jpg\" data-orig-size=\"750,563\" data-comments-opened=\"0\" data-image-meta=\"{&quot;aperture&quot;:&quot;3&quot;,&quot;credit&quot;:&quot;&quot;,&quot;camera&quot;:&quot;KODAK PIXPRO AZ421&quot;,&quot;caption&quot;:&quot;KODAK Digital Still Camera&quot;,&quot;created_timestamp&quot;:&quot;1563929887&quot;,&quot;copyright&quot;:&quot;&quot;,&quot;focal_length&quot;:&quot;4.3&quot;,&quot;iso&quot;:&quot;645&quot;,&quot;shutter_speed&quot;:&quot;0.058823529411765&quot;,&quot;title&quot;:&quot;KODAK Digital Still Camera&quot;,&quot;orientation&quot;:&quot;1&quot;}\" data-image-title=\"KODAK Digital Still Camera\" data-image-description=\"\" data-image-caption=\"&lt;p&gt;KODAK Digital Still Camera&lt;\/p&gt;\n\" data-large-file=\"https:\/\/www.hoymercedes.com.ar\/principal\/wp-content\/uploads\/2019\/07\/28-ref-laboral-1.jpg\" src=\"https:\/\/www.hoymercedes.com.ar\/principal\/wp-content\/uploads\/2019\/07\/28-ref-laboral-1.jpg\" alt=\"\" class=\"wp-image-97260\" srcset=\"https:\/\/www.hoymercedes.com.ar\/principal\/wp-content\/uploads\/2019\/07\/28-ref-laboral-1.jpg 750w, https:\/\/www.hoymercedes.com.ar\/principal\/wp-content\/uploads\/2019\/07\/28-ref-laboral-1-150x113.jpg 150w, https:\/\/www.hoymercedes.com.ar\/principal\/wp-content\/uploads\/2019\/07\/28-ref-laboral-1-630x473.jpg 630w, https:\/\/www.hoymercedes.com.ar\/principal\/wp-content\/uploads\/2019\/07\/28-ref-laboral-1-320x240.jpg 320w, https:\/\/www.hoymercedes.com.ar\/principal\/wp-content\/uploads\/2019\/07\/28-ref-laboral-1-100x75.jpg 100w\" sizes=\"auto, (max-width: 750px) 100vw, 750px\" \/><figcaption>KODAK Digital Still Camera<\/figcaption><\/figure>\n\n\n\n<p>Organizado por la Mesa Sindical de Mercedes, se realiz\u00f3 una charla sobre la pretendida Reforma laboral y previsional insinuada por el gobierno nacional. La misma fue brindada por el Dr. Fabi\u00e1n Diaz, ex Delegado Regional del Ministerio de Trabajo de la Provincia de Bs As.<\/p>\n\n\n\n<p>En esta oportunidad, la charla se efectu\u00f3 en las instalaciones de la Seccional de AEFIP Mercedes, donde la mayor\u00eda de los referentes gremiales unidos en la Mesa Sindical de la ciudad, junto a varios trabajadores, se presentaron para \u201cseguir interioriz\u00e1ndose en este tema de gran implicancia buscando la ampliaci\u00f3n de la difusi\u00f3n del mismo y a los fines de continuar con acciones concretas que brinden la defensa de los derechos de todos los compa\u00f1eros trabajadores\u201d sostuvieron los organizadores.<\/p>\n\n\n\n<p>\u201cTenemos que empezar a ver el trasfondo que esconde est\u00e1 pretendida Reforma laboral y previsional, la que es enmascarada en los discursos de algunos pol\u00edticos y en los grandes medios de comunicaci\u00f3n bajo la soluci\u00f3n a los problemas de empleo de nuestro pa\u00eds\u201d sostuvo D\u00edaz en los comienzos de la charla, donde tambi\u00e9n realiz\u00f3 un resumen sobre las diversas modificaciones que sufrir\u00eda la LCT y las consecuencias que se desprender\u00edan de esta nefasta reforma.<\/p>\n\n\n\n<figure class=\"wp-block-image\"><img loading=\"lazy\" decoding=\"async\" width=\"750\" height=\"563\" data-attachment-id=\"97261\" data-permalink=\"https:\/\/www.hoymercedes.com.ar\/principal\/2019\/07\/28\/fabian-diaz-hay-intereses-que-buscan-la-desindustrializacion-y-precarizacion-del-trabajo\/kodak-digital-still-camera-17\/#main\" data-orig-file=\"https:\/\/www.hoymercedes.com.ar\/principal\/wp-content\/uploads\/2019\/07\/28-ref-laboral-2.jpg\" data-orig-size=\"750,563\" data-comments-opened=\"0\" data-image-meta=\"{&quot;aperture&quot;:&quot;3.5&quot;,&quot;credit&quot;:&quot;&quot;,&quot;camera&quot;:&quot;KODAK PIXPRO AZ421&quot;,&quot;caption&quot;:&quot;KODAK Digital Still Camera&quot;,&quot;created_timestamp&quot;:&quot;1563930313&quot;,&quot;copyright&quot;:&quot;&quot;,&quot;focal_length&quot;:&quot;8.7&quot;,&quot;iso&quot;:&quot;800&quot;,&quot;shutter_speed&quot;:&quot;0.066666666666667&quot;,&quot;title&quot;:&quot;KODAK Digital Still Camera&quot;,&quot;orientation&quot;:&quot;1&quot;}\" data-image-title=\"KODAK Digital Still Camera\" data-image-description=\"\" data-image-caption=\"&lt;p&gt;KODAK Digital Still Camera&lt;\/p&gt;\n\" data-large-file=\"https:\/\/www.hoymercedes.com.ar\/principal\/wp-content\/uploads\/2019\/07\/28-ref-laboral-2.jpg\" src=\"https:\/\/www.hoymercedes.com.ar\/principal\/wp-content\/uploads\/2019\/07\/28-ref-laboral-2.jpg\" alt=\"\" class=\"wp-image-97261\" srcset=\"https:\/\/www.hoymercedes.com.ar\/principal\/wp-content\/uploads\/2019\/07\/28-ref-laboral-2.jpg 750w, https:\/\/www.hoymercedes.com.ar\/principal\/wp-content\/uploads\/2019\/07\/28-ref-laboral-2-150x113.jpg 150w, https:\/\/www.hoymercedes.com.ar\/principal\/wp-content\/uploads\/2019\/07\/28-ref-laboral-2-630x473.jpg 630w, https:\/\/www.hoymercedes.com.ar\/principal\/wp-content\/uploads\/2019\/07\/28-ref-laboral-2-320x240.jpg 320w, https:\/\/www.hoymercedes.com.ar\/principal\/wp-content\/uploads\/2019\/07\/28-ref-laboral-2-100x75.jpg 100w\" sizes=\"auto, (max-width: 750px) 100vw, 750px\" \/><figcaption>KODAK Digital Still Camera<\/figcaption><\/figure>\n\n\n\n<p>\u201cEl derecho laboral tiene que ser una herramienta para mejorar los problemas de los trabajadores. No algo regresivo. Cuando los principios laborales son respetados y van en beneficio de los trabajadores est\u00e1 bien que sean modificados los derechos.\u201d indic\u00f3 el ex Delegado Regional.<\/p>\n\n\n\n<p>En cuanto a los impulsos que esconde est\u00e1 reforma, el abogado manifest\u00f3: \u201cCreo que hay intereses que buscan una desindustrializaci\u00f3n y una legalizaci\u00f3n de la precarizaci\u00f3n del trabajo, para por ejemplo pagar menos salario. Tenemos que ver cu\u00e1les son los indicios que nos muestran los que pretenden la reforma laboral y eso nos dice que es lo que quieren, en definitiva se busca una profundizaci\u00f3n de la distribuci\u00f3n de la riqueza en favor de unos pocos y en detrimento de la clase trabajadora\u201d.<\/p>\n\n\n\n<p>Asimismo, sobre los alcances que podr\u00eda llegar a tener en caso de hacerse efectiva la Reforma, dijo que \u201cnos va afectar no solo en forma individual, sino colectiva. Va haber m\u00e1s despidos, va afectar los derechos de los gremios\u201d entre otras consecuencias explicitadas en la charla,&nbsp; sobre este punto agreg\u00f3 que \u201choy es alevoso el ataque a los sindicatos. Vienen por los convenios colectivos\u2026 Se busca hacer desaparecer el sindicalismo por ser el \u00faltimo escollo que encuentra toda pol\u00edtica neoliberal para logar sus prop\u00f3sitos de precarizaci\u00f3n y flexibilizaci\u00f3n laboral. Por eso hay que defender los derechos de los trabajadores y representarlos. Hay que dar la batalla en todos los sectores de la sociedad, que sin dudas se va a ver afectada en su inmensa mayor\u00eda. La realidad que se viene, no es la que plantea el oficialismo\u201d.<\/p>\n\n\n\n<p>Entre los ejemplos que nombr\u00f3 D\u00edaz en cuanto a las acciones que efectu\u00f3 este gobierno y&nbsp; que \u201cdescuidan los derechos de los trabajadores\u201d fue&nbsp; \u201cLa p\u00e9rdida de rango ministerial, del ex Ministerio de Trabajo de Naci\u00f3n, hoy Secretar\u00eda, lo que implica la p\u00e9rdida de poder por parte de ese organismo que siempre tuvo como norte velar por los intereses de los trabajadores, a excepci\u00f3n de este \u00faltimo per\u00edodo\u201d, indic\u00f3 el Dr. Fabi\u00e1n D\u00edaz.<\/p>\n","protected":false},"excerpt":{"rendered":"<p>La disertaci\u00f3n fue organizada por la Mesa Sindical Mercedes en las instalaciones de la Seccional AEFIP. La misma la brind\u00f3 &#8230; <a title=\"Fabi\u00e1n D\u00edaz: \u201cHay intereses que buscan la desindustrializaci\u00f3n y precarizaci\u00f3n del trabajo\u201d\" class=\"read-more\" href=\"https:\/\/www.hoymercedes.com.ar\/principal\/2019\/07\/28\/fabian-diaz-hay-intereses-que-buscan-la-desindustrializacion-y-precarizacion-del-trabajo\/\" aria-label=\"Leer m\u00e1s sobre Fabi\u00e1n D\u00edaz: \u201cHay intereses que buscan la desindustrializaci\u00f3n y precarizaci\u00f3n del trabajo\u201d\">Leer m\u00e1s<\/a><\/p>\n","protected":false},"author":1,"featured_media":97261,"comment_status":"closed","ping_status":"open","sticky":false,"template":"","format":"standard","meta":{"_monsterinsights_skip_tracking":false,"_monsterinsights_sitenote_active":false,"_monsterinsights_sitenote_note":"","_monsterinsights_sitenote_category":0,"jetpack_post_was_ever_published":false,"_jetpack_newsletter_access":"","_jetpack_dont_email_post_to_subs":false,"_jetpack_newsletter_tier_id":0,"_jetpack_memberships_contains_paywalled_content":false,"_jetpack_memberships_contains_paid_content":false,"footnotes":"","jetpack_publicize_message":"","jetpack_publicize_feature_enabled":true,"jetpack_social_post_already_shared":true,"jetpack_social_options":{"image_generator_settings":{"template":"highway","default_image_id":0,"font":"","enabled":false},"version":2},"_wpas_customize_per_network":false},"categories":[10563],"tags":[2381,9616,1443],"class_list":["post-97259","post","type-post","status-publish","format-standard","has-post-thumbnail","hentry","category-gremios-sindicatos","tag-aefip","tag-charlas","tag-sindicatos","generate-columns","tablet-grid-50","mobile-grid-100","grid-parent","grid-50"],"jetpack_publicize_connections":[],"jetpack_featured_media_url":"https:\/\/www.hoymercedes.com.ar\/principal\/wp-content\/uploads\/2019\/07\/28-ref-laboral-2.jpg","wps_subtitle":"Charla sobre la Reforma laboral","jetpack_sharing_enabled":true,"_links":{"self":[{"href":"https:\/\/www.hoymercedes.com.ar\/principal\/wp-json\/wp\/v2\/posts\/97259","targetHints":{"allow":["GET"]}}],"collection":[{"href":"https:\/\/www.hoymercedes.com.ar\/principal\/wp-json\/wp\/v2\/posts"}],"about":[{"href":"https:\/\/www.hoymercedes.com.ar\/principal\/wp-json\/wp\/v2\/types\/post"}],"author":[{"embeddable":true,"href":"https:\/\/www.hoymercedes.com.ar\/principal\/wp-json\/wp\/v2\/users\/1"}],"replies":[{"embeddable":true,"href":"https:\/\/www.hoymercedes.com.ar\/principal\/wp-json\/wp\/v2\/comments?post=97259"}],"version-history":[{"count":0,"href":"https:\/\/www.hoymercedes.com.ar\/principal\/wp-json\/wp\/v2\/posts\/97259\/revisions"}],"wp:featuredmedia":[{"embeddable":true,"href":"https:\/\/www.hoymercedes.com.ar\/principal\/wp-json\/wp\/v2\/media\/97261"}],"wp:attachment":[{"href":"https:\/\/www.hoymercedes.com.ar\/principal\/wp-json\/wp\/v2\/media?parent=97259"}],"wp:term":[{"taxonomy":"category","embeddable":true,"href":"https:\/\/www.hoymercedes.com.ar\/principal\/wp-json\/wp\/v2\/categories?post=97259"},{"taxonomy":"post_tag","embeddable":true,"href":"https:\/\/www.hoymercedes.com.ar\/principal\/wp-json\/wp\/v2\/tags?post=97259"}],"curies":[{"name":"wp","href":"https:\/\/api.w.org\/{rel}","templated":true}]}}