{"id":97274,"date":"2019-07-28T15:28:43","date_gmt":"2019-07-28T18:28:43","guid":{"rendered":"http:\/\/www.hoymercedes.com.ar\/principal\/?p=97274"},"modified":"2019-07-28T15:30:34","modified_gmt":"2019-07-28T18:30:34","slug":"dos-dias-para-pasear-entre-vinos","status":"publish","type":"post","link":"https:\/\/www.hoymercedes.com.ar\/principal\/2019\/07\/28\/dos-dias-para-pasear-entre-vinos\/","title":{"rendered":"Dos d\u00edas para pasear entre vinos"},"content":{"rendered":"\n<p>Los d\u00edas viernes 2 y s\u00e1bado 3 de agosto, el Teatro Argentino Int. Julio C. Gioscio se transformar\u00e1 en un \u00abPaseo del Vino\u00bb donde se encontrar\u00e1n las marcas vitivin\u00edcolas destacadas de Mendoza y San Juan  hasta el vino artesanal de producci\u00f3n org\u00e1nica de Mercedes. Tambi\u00e9n, podr\u00e1 disfrutarse de producciones gastron\u00f3micas locales dentro y fuera del teatro municipal. <\/p>\n\n\n\n<figure class=\"wp-block-image\"><img loading=\"lazy\" decoding=\"async\" width=\"750\" height=\"563\" data-attachment-id=\"97277\" data-permalink=\"https:\/\/www.hoymercedes.com.ar\/principal\/2019\/07\/28\/dos-dias-para-pasear-entre-vinos\/28-paseo-vino-2\/#main\" data-orig-file=\"https:\/\/www.hoymercedes.com.ar\/principal\/wp-content\/uploads\/2019\/07\/28-paseo-vino-2.jpg\" data-orig-size=\"750,563\" data-comments-opened=\"0\" data-image-meta=\"{&quot;aperture&quot;:&quot;2&quot;,&quot;credit&quot;:&quot;&quot;,&quot;camera&quot;:&quot;Moto G (5S) Plus&quot;,&quot;caption&quot;:&quot;&quot;,&quot;created_timestamp&quot;:&quot;1563964330&quot;,&quot;copyright&quot;:&quot;&quot;,&quot;focal_length&quot;:&quot;3.59&quot;,&quot;iso&quot;:&quot;1596&quot;,&quot;shutter_speed&quot;:&quot;0.0058139534883721&quot;,&quot;title&quot;:&quot;&quot;,&quot;orientation&quot;:&quot;1&quot;}\" data-image-title=\"28 paseo vino 2\" data-image-description=\"\" data-image-caption=\"\" data-large-file=\"https:\/\/www.hoymercedes.com.ar\/principal\/wp-content\/uploads\/2019\/07\/28-paseo-vino-2.jpg\" src=\"https:\/\/www.hoymercedes.com.ar\/principal\/wp-content\/uploads\/2019\/07\/28-paseo-vino-2.jpg\" alt=\"\" class=\"wp-image-97277\" srcset=\"https:\/\/www.hoymercedes.com.ar\/principal\/wp-content\/uploads\/2019\/07\/28-paseo-vino-2.jpg 750w, https:\/\/www.hoymercedes.com.ar\/principal\/wp-content\/uploads\/2019\/07\/28-paseo-vino-2-150x113.jpg 150w, https:\/\/www.hoymercedes.com.ar\/principal\/wp-content\/uploads\/2019\/07\/28-paseo-vino-2-630x473.jpg 630w, https:\/\/www.hoymercedes.com.ar\/principal\/wp-content\/uploads\/2019\/07\/28-paseo-vino-2-320x240.jpg 320w, https:\/\/www.hoymercedes.com.ar\/principal\/wp-content\/uploads\/2019\/07\/28-paseo-vino-2-100x75.jpg 100w\" sizes=\"auto, (max-width: 750px) 100vw, 750px\" \/><\/figure>\n\n\n\n<p>La idea fue propuesta por una sommelier sanjuanina que vive en Mercedes. Se trata de Marina Zanek que le llev\u00f3 el proyecto a la Direcci\u00f3n de Turismo de la Municipalidad de Mercedes, que encabeza Mart\u00edn Boragno. A la idea se sumaron las distribuidora P\u00e1ramo y Dionisio, adem\u00e1s del emprendimiento de producci\u00f3n de vino local La Arbolada de Marcelo Ratibel. <\/p>\n\n\n\n<p>D\u00edas atr\u00e1s se llev\u00f3 adelante el anuncio ante los medios de comunicaci\u00f3n junto al Intendente Juan Ignacio Ustarroz. All\u00ed, Boragno cont\u00f3 que se instalar\u00e1n dos carpas sobre la calle 27, entre 26 y 24, mientras que dentro de la sala mayor del teatro municipal estar\u00e1n los stand de las bodegas comercializadas en las viner\u00edas locales. <\/p>\n\n\n\n<p>La entrada ser\u00e1 gratuita. Las bodegas ser\u00e1n representadas por sommelier que explicar\u00e1n las diferentes variedades que ofrecen. Tambi\u00e9n estar\u00e1 la posibilidad de comprar una copa que se entregar\u00e1 con cupones para que el asistente pueda ir con la misma copa probando las distintas variedades. <\/p>\n\n\n\n<figure class=\"wp-block-image\"><img loading=\"lazy\" decoding=\"async\" width=\"750\" height=\"750\" data-attachment-id=\"97278\" data-permalink=\"https:\/\/www.hoymercedes.com.ar\/principal\/2019\/07\/28\/dos-dias-para-pasear-entre-vinos\/28-paseo-vino-dia-2\/#main\" data-orig-file=\"https:\/\/www.hoymercedes.com.ar\/principal\/wp-content\/uploads\/2019\/07\/28-paseo-Vino-dia-2.jpeg\" data-orig-size=\"750,750\" data-comments-opened=\"0\" data-image-meta=\"{&quot;aperture&quot;:&quot;0&quot;,&quot;credit&quot;:&quot;&quot;,&quot;camera&quot;:&quot;&quot;,&quot;caption&quot;:&quot;&quot;,&quot;created_timestamp&quot;:&quot;0&quot;,&quot;copyright&quot;:&quot;&quot;,&quot;focal_length&quot;:&quot;0&quot;,&quot;iso&quot;:&quot;0&quot;,&quot;shutter_speed&quot;:&quot;0&quot;,&quot;title&quot;:&quot;&quot;,&quot;orientation&quot;:&quot;0&quot;}\" data-image-title=\"28 paseo Vino dia 2\" data-image-description=\"\" data-image-caption=\"\" data-large-file=\"https:\/\/www.hoymercedes.com.ar\/principal\/wp-content\/uploads\/2019\/07\/28-paseo-Vino-dia-2.jpeg\" src=\"https:\/\/www.hoymercedes.com.ar\/principal\/wp-content\/uploads\/2019\/07\/28-paseo-Vino-dia-2.jpeg\" alt=\"\" class=\"wp-image-97278\" srcset=\"https:\/\/www.hoymercedes.com.ar\/principal\/wp-content\/uploads\/2019\/07\/28-paseo-Vino-dia-2.jpeg 750w, https:\/\/www.hoymercedes.com.ar\/principal\/wp-content\/uploads\/2019\/07\/28-paseo-Vino-dia-2-150x150.jpeg 150w, https:\/\/www.hoymercedes.com.ar\/principal\/wp-content\/uploads\/2019\/07\/28-paseo-Vino-dia-2-620x620.jpeg 620w, https:\/\/www.hoymercedes.com.ar\/principal\/wp-content\/uploads\/2019\/07\/28-paseo-Vino-dia-2-100x100.jpeg 100w\" sizes=\"auto, (max-width: 750px) 100vw, 750px\" \/><\/figure>\n\n\n\n<figure class=\"wp-block-image\"><img loading=\"lazy\" decoding=\"async\" width=\"750\" height=\"750\" data-attachment-id=\"97279\" data-permalink=\"https:\/\/www.hoymercedes.com.ar\/principal\/2019\/07\/28\/dos-dias-para-pasear-entre-vinos\/28-paseo-vino-dia-3\/#main\" data-orig-file=\"https:\/\/www.hoymercedes.com.ar\/principal\/wp-content\/uploads\/2019\/07\/28-paseo-Vino-dia-3.jpeg\" data-orig-size=\"750,750\" data-comments-opened=\"0\" data-image-meta=\"{&quot;aperture&quot;:&quot;0&quot;,&quot;credit&quot;:&quot;&quot;,&quot;camera&quot;:&quot;&quot;,&quot;caption&quot;:&quot;&quot;,&quot;created_timestamp&quot;:&quot;0&quot;,&quot;copyright&quot;:&quot;&quot;,&quot;focal_length&quot;:&quot;0&quot;,&quot;iso&quot;:&quot;0&quot;,&quot;shutter_speed&quot;:&quot;0&quot;,&quot;title&quot;:&quot;&quot;,&quot;orientation&quot;:&quot;0&quot;}\" data-image-title=\"28 paseo Vino dia 3\" data-image-description=\"\" data-image-caption=\"\" data-large-file=\"https:\/\/www.hoymercedes.com.ar\/principal\/wp-content\/uploads\/2019\/07\/28-paseo-Vino-dia-3.jpeg\" src=\"https:\/\/www.hoymercedes.com.ar\/principal\/wp-content\/uploads\/2019\/07\/28-paseo-Vino-dia-3.jpeg\" alt=\"\" class=\"wp-image-97279\" srcset=\"https:\/\/www.hoymercedes.com.ar\/principal\/wp-content\/uploads\/2019\/07\/28-paseo-Vino-dia-3.jpeg 750w, https:\/\/www.hoymercedes.com.ar\/principal\/wp-content\/uploads\/2019\/07\/28-paseo-Vino-dia-3-150x150.jpeg 150w, https:\/\/www.hoymercedes.com.ar\/principal\/wp-content\/uploads\/2019\/07\/28-paseo-Vino-dia-3-620x620.jpeg 620w, https:\/\/www.hoymercedes.com.ar\/principal\/wp-content\/uploads\/2019\/07\/28-paseo-Vino-dia-3-100x100.jpeg 100w\" sizes=\"auto, (max-width: 750px) 100vw, 750px\" \/><\/figure>\n","protected":false},"excerpt":{"rendered":"<p>Los d\u00edas viernes 2 y s\u00e1bado 3 de agosto, el Teatro Argentino Int. Julio C. Gioscio se transformar\u00e1 en un &#8230; <a title=\"Dos d\u00edas para pasear entre vinos\" class=\"read-more\" href=\"https:\/\/www.hoymercedes.com.ar\/principal\/2019\/07\/28\/dos-dias-para-pasear-entre-vinos\/\" aria-label=\"Leer m\u00e1s sobre Dos d\u00edas para pasear entre vinos\">Leer m\u00e1s<\/a><\/p>\n","protected":false},"author":1,"featured_media":97276,"comment_status":"closed","ping_status":"open","sticky":false,"template":"","format":"standard","meta":{"_monsterinsights_skip_tracking":false,"_monsterinsights_sitenote_active":false,"_monsterinsights_sitenote_note":"","_monsterinsights_sitenote_category":0,"jetpack_post_was_ever_published":false,"_jetpack_newsletter_access":"","_jetpack_dont_email_post_to_subs":false,"_jetpack_newsletter_tier_id":0,"_jetpack_memberships_contains_paywalled_content":false,"_jetpack_memberships_contains_paid_content":false,"footnotes":"","jetpack_publicize_message":"","jetpack_publicize_feature_enabled":true,"jetpack_social_post_already_shared":true,"jetpack_social_options":{"image_generator_settings":{"template":"highway","default_image_id":0,"font":"","enabled":false},"version":2},"_wpas_customize_per_network":false},"categories":[104],"tags":[7805,244,15557],"class_list":["post-97274","post","type-post","status-publish","format-standard","has-post-thumbnail","hentry","category-cultura","tag-cultura","tag-municipio-2","tag-paseo-del-vino","generate-columns","tablet-grid-50","mobile-grid-100","grid-parent","grid-50"],"jetpack_publicize_connections":[],"jetpack_featured_media_url":"https:\/\/www.hoymercedes.com.ar\/principal\/wp-content\/uploads\/2019\/07\/28-paseo-vino-1.jpg","wps_subtitle":"2 y 3 de agosto","jetpack_sharing_enabled":true,"_links":{"self":[{"href":"https:\/\/www.hoymercedes.com.ar\/principal\/wp-json\/wp\/v2\/posts\/97274","targetHints":{"allow":["GET"]}}],"collection":[{"href":"https:\/\/www.hoymercedes.com.ar\/principal\/wp-json\/wp\/v2\/posts"}],"about":[{"href":"https:\/\/www.hoymercedes.com.ar\/principal\/wp-json\/wp\/v2\/types\/post"}],"author":[{"embeddable":true,"href":"https:\/\/www.hoymercedes.com.ar\/principal\/wp-json\/wp\/v2\/users\/1"}],"replies":[{"embeddable":true,"href":"https:\/\/www.hoymercedes.com.ar\/principal\/wp-json\/wp\/v2\/comments?post=97274"}],"version-history":[{"count":0,"href":"https:\/\/www.hoymercedes.com.ar\/principal\/wp-json\/wp\/v2\/posts\/97274\/revisions"}],"wp:featuredmedia":[{"embeddable":true,"href":"https:\/\/www.hoymercedes.com.ar\/principal\/wp-json\/wp\/v2\/media\/97276"}],"wp:attachment":[{"href":"https:\/\/www.hoymercedes.com.ar\/principal\/wp-json\/wp\/v2\/media?parent=97274"}],"wp:term":[{"taxonomy":"category","embeddable":true,"href":"https:\/\/www.hoymercedes.com.ar\/principal\/wp-json\/wp\/v2\/categories?post=97274"},{"taxonomy":"post_tag","embeddable":true,"href":"https:\/\/www.hoymercedes.com.ar\/principal\/wp-json\/wp\/v2\/tags?post=97274"}],"curies":[{"name":"wp","href":"https:\/\/api.w.org\/{rel}","templated":true}]}}