{"id":97286,"date":"2019-07-28T19:48:11","date_gmt":"2019-07-28T22:48:11","guid":{"rendered":"http:\/\/www.hoymercedes.com.ar\/principal\/?p=97286"},"modified":"2019-07-28T15:59:02","modified_gmt":"2019-07-28T18:59:02","slug":"en-el-mamm-habra-charla-por-los-70-anos-de-educacion-especial","status":"publish","type":"post","link":"https:\/\/www.hoymercedes.com.ar\/principal\/2019\/07\/28\/en-el-mamm-habra-charla-por-los-70-anos-de-educacion-especial\/","title":{"rendered":"En el MAMM habr\u00e1 charla por los 70 a\u00f1os de educaci\u00f3n especial"},"content":{"rendered":"\n<p>Conmemorando los 70 a\u00f1os de la Educaci\u00f3n Especial, el pr\u00f3ximo jueves 8 de agosto a la hora 18, en el Museo de Arte Municipalidad de Mercedes (MAMM), mediante la organizaci\u00f3n de la Direcci\u00f3n de Discapacidad Municipal se llevar\u00e1 adelante una charla\/conferencia a cargo de la Mag. Silvana Mabel Corso. La\u00a0\u00a0misma se denomina\u00a0\u00a0\u00abLa inclusi\u00f3n educativa, las barreras como oportunidades\u00bb, la cual estar\u00e1 destinada a docentes, estudiantes, familias y p\u00fablico en general.<\/p>\n\n\n\n<p>Esta actividad est\u00e1 centrada en forjar una sociedad inclusiva en su sentido m\u00e1s transversal; en este caso se va a puntualizar en la trayectoria educativa y la importancia que tiene sobre las personas para desarrollar ampliamente sus potencialidades.<\/p>\n\n\n\n<p>Esta clase de iniciativas impulsadas por la direcci\u00f3n de discapacidad municipal, como as\u00ed tambi\u00e9n la generaci\u00f3n de espacios p\u00fablicos inclusivos, intentan articular con los distintos sectores de la sociedad apuntando claramente a la construcci\u00f3n de una sociedad cada vez m\u00e1s inclusiva.&nbsp;&nbsp;<\/p>\n\n\n\n<p><strong>Rese\u00f1a hist\u00f3rica<\/strong><\/p>\n\n\n\n<p>En el marco de la adhesi\u00f3n de nuestro pa\u00eds a la Declaraci\u00f3n Universal de los Derechos Humanos de la ONU, se cre\u00f3, el 9 de agosto de 1949, la Direcci\u00f3n de Educaci\u00f3n Especial que tiene como eje fundamental el respeto a la dignidad de la persona y el derecho inalienable a la igualdad.<\/p>\n\n\n\n<p>Ante cualquier duda o consulta pueden comunicarse a la Direcci\u00f3n de Discapacidad Municipal Tel. (02324) 15468141 o al correo\u00a0<a rel=\"noreferrer noopener\" target=\"_blank\" href=\"mailto:discapacidadmercedes@hotmail.com\">discapacidadmercedes@hotmail.com<\/a><\/p>\n\n\n\n<p>Fuente: Prensa Municipal<br><\/p>\n","protected":false},"excerpt":{"rendered":"<p>Conmemorando los 70 a\u00f1os de la Educaci\u00f3n Especial, el pr\u00f3ximo jueves 8 de agosto a la hora 18, en el &#8230; <a title=\"En el MAMM habr\u00e1 charla por los 70 a\u00f1os de educaci\u00f3n especial\" class=\"read-more\" href=\"https:\/\/www.hoymercedes.com.ar\/principal\/2019\/07\/28\/en-el-mamm-habra-charla-por-los-70-anos-de-educacion-especial\/\" aria-label=\"Leer m\u00e1s sobre En el MAMM habr\u00e1 charla por los 70 a\u00f1os de educaci\u00f3n especial\">Leer m\u00e1s<\/a><\/p>\n","protected":false},"author":1,"featured_media":97287,"comment_status":"closed","ping_status":"open","sticky":false,"template":"","format":"standard","meta":{"_monsterinsights_skip_tracking":false,"_monsterinsights_sitenote_active":false,"_monsterinsights_sitenote_note":"","_monsterinsights_sitenote_category":0,"jetpack_post_was_ever_published":false,"_jetpack_newsletter_access":"","_jetpack_dont_email_post_to_subs":false,"_jetpack_newsletter_tier_id":0,"_jetpack_memberships_contains_paywalled_content":false,"_jetpack_memberships_contains_paid_content":false,"footnotes":"","jetpack_publicize_message":"","jetpack_publicize_feature_enabled":true,"jetpack_social_post_already_shared":true,"jetpack_social_options":{"image_generator_settings":{"template":"highway","default_image_id":0,"font":"","enabled":false},"version":2},"_wpas_customize_per_network":false},"categories":[30],"tags":[6540,14166,244],"class_list":["post-97286","post","type-post","status-publish","format-standard","has-post-thumbnail","hentry","category-municipio","tag-charla","tag-educacion-especial","tag-municipio-2","generate-columns","tablet-grid-50","mobile-grid-100","grid-parent","grid-50"],"jetpack_publicize_connections":[],"jetpack_featured_media_url":"https:\/\/www.hoymercedes.com.ar\/principal\/wp-content\/uploads\/2019\/07\/28-discap.jpeg","wps_subtitle":"El 8 de agosto","jetpack_sharing_enabled":true,"_links":{"self":[{"href":"https:\/\/www.hoymercedes.com.ar\/principal\/wp-json\/wp\/v2\/posts\/97286","targetHints":{"allow":["GET"]}}],"collection":[{"href":"https:\/\/www.hoymercedes.com.ar\/principal\/wp-json\/wp\/v2\/posts"}],"about":[{"href":"https:\/\/www.hoymercedes.com.ar\/principal\/wp-json\/wp\/v2\/types\/post"}],"author":[{"embeddable":true,"href":"https:\/\/www.hoymercedes.com.ar\/principal\/wp-json\/wp\/v2\/users\/1"}],"replies":[{"embeddable":true,"href":"https:\/\/www.hoymercedes.com.ar\/principal\/wp-json\/wp\/v2\/comments?post=97286"}],"version-history":[{"count":0,"href":"https:\/\/www.hoymercedes.com.ar\/principal\/wp-json\/wp\/v2\/posts\/97286\/revisions"}],"wp:featuredmedia":[{"embeddable":true,"href":"https:\/\/www.hoymercedes.com.ar\/principal\/wp-json\/wp\/v2\/media\/97287"}],"wp:attachment":[{"href":"https:\/\/www.hoymercedes.com.ar\/principal\/wp-json\/wp\/v2\/media?parent=97286"}],"wp:term":[{"taxonomy":"category","embeddable":true,"href":"https:\/\/www.hoymercedes.com.ar\/principal\/wp-json\/wp\/v2\/categories?post=97286"},{"taxonomy":"post_tag","embeddable":true,"href":"https:\/\/www.hoymercedes.com.ar\/principal\/wp-json\/wp\/v2\/tags?post=97286"}],"curies":[{"name":"wp","href":"https:\/\/api.w.org\/{rel}","templated":true}]}}