{"id":97304,"date":"2019-07-29T10:23:38","date_gmt":"2019-07-29T13:23:38","guid":{"rendered":"http:\/\/www.hoymercedes.com.ar\/principal\/?p=97304"},"modified":"2019-07-29T20:05:22","modified_gmt":"2019-07-29T23:05:22","slug":"municipio-continua-el-apoyo-a-las-expresiones-culturales-y-artisticas","status":"publish","type":"post","link":"https:\/\/www.hoymercedes.com.ar\/principal\/2019\/07\/29\/municipio-continua-el-apoyo-a-las-expresiones-culturales-y-artisticas\/","title":{"rendered":"Municipio contin\u00faa el apoyo a las expresiones culturales y art\u00edsticas"},"content":{"rendered":"\n<p>Desde la Municipalidad de Mercedes se han efectuado distintas entregas de subsidios a entidades locales. Recientemente se hizo con Cultura Dumer,&nbsp;&nbsp;La Colmena, Cruce del Arte, todas las Murgas y ballets folkl\u00f3ricos.<\/p>\n\n\n\n<p>Muchos espacios fueron receptores del apoyo de municipio a trav\u00e9s de la direcci\u00f3n de cultura en las \u00faltimas semanas, continuando la pol\u00edtica de acompa\u00f1amiento a la cultura y el talento merceino.<\/p>\n\n\n\n<p>La directora de cultura, Luc\u00eda Capaccio, coment\u00f3 que \u00abha sido una constante en nuestra gesti\u00f3n. Desde 2016 el intendente Ustarroz nos ha dado la directiva de trabajar con todas las instituciones, agrupaciones, comisiones\u00bb y sostuvo que \u00abes algo que nos enorgullece, porque en Mercedes, hemos trabajado unidos. Hemos logrado interactuar con todos e insisto, eso nos enorgullece\u00bb, cont\u00f3 la funcionaria.<\/p>\n\n\n\n<p>Tambi\u00e9n se han entregado insumos, como bombos o materiales impresos, sonidos e infraestructuras para distintos eventos solidarios, de esparcimiento y conmemoraciones, destacaron desde la cartera cultural del municipio.<\/p>\n\n\n\n<p>Fuente: Prensa Municipal<\/p>\n","protected":false},"excerpt":{"rendered":"<p>Desde la Municipalidad de Mercedes se han efectuado distintas entregas de subsidios a entidades locales. Recientemente se hizo con Cultura &#8230; <a title=\"Municipio contin\u00faa el apoyo a las expresiones culturales y art\u00edsticas\" class=\"read-more\" href=\"https:\/\/www.hoymercedes.com.ar\/principal\/2019\/07\/29\/municipio-continua-el-apoyo-a-las-expresiones-culturales-y-artisticas\/\" aria-label=\"Leer m\u00e1s sobre Municipio contin\u00faa el apoyo a las expresiones culturales y art\u00edsticas\">Leer m\u00e1s<\/a><\/p>\n","protected":false},"author":1,"featured_media":97305,"comment_status":"closed","ping_status":"open","sticky":false,"template":"","format":"standard","meta":{"_monsterinsights_skip_tracking":false,"_monsterinsights_sitenote_active":false,"_monsterinsights_sitenote_note":"","_monsterinsights_sitenote_category":0,"jetpack_post_was_ever_published":false,"_jetpack_newsletter_access":"","_jetpack_dont_email_post_to_subs":false,"_jetpack_newsletter_tier_id":0,"_jetpack_memberships_contains_paywalled_content":false,"_jetpack_memberships_contains_paid_content":false,"footnotes":"","jetpack_publicize_message":"","jetpack_publicize_feature_enabled":true,"jetpack_social_post_already_shared":true,"jetpack_social_options":{"image_generator_settings":{"template":"highway","default_image_id":0,"font":"","enabled":false},"version":2},"_wpas_customize_per_network":false},"categories":[30],"tags":[7805,244,285],"class_list":["post-97304","post","type-post","status-publish","format-standard","has-post-thumbnail","hentry","category-municipio","tag-cultura","tag-municipio-2","tag-subsidios","generate-columns","tablet-grid-50","mobile-grid-100","grid-parent","grid-50"],"jetpack_publicize_connections":[],"jetpack_featured_media_url":"https:\/\/www.hoymercedes.com.ar\/principal\/wp-content\/uploads\/2019\/07\/29-Apoyo.jpg","wps_subtitle":"Subsidios","jetpack_sharing_enabled":true,"_links":{"self":[{"href":"https:\/\/www.hoymercedes.com.ar\/principal\/wp-json\/wp\/v2\/posts\/97304","targetHints":{"allow":["GET"]}}],"collection":[{"href":"https:\/\/www.hoymercedes.com.ar\/principal\/wp-json\/wp\/v2\/posts"}],"about":[{"href":"https:\/\/www.hoymercedes.com.ar\/principal\/wp-json\/wp\/v2\/types\/post"}],"author":[{"embeddable":true,"href":"https:\/\/www.hoymercedes.com.ar\/principal\/wp-json\/wp\/v2\/users\/1"}],"replies":[{"embeddable":true,"href":"https:\/\/www.hoymercedes.com.ar\/principal\/wp-json\/wp\/v2\/comments?post=97304"}],"version-history":[{"count":0,"href":"https:\/\/www.hoymercedes.com.ar\/principal\/wp-json\/wp\/v2\/posts\/97304\/revisions"}],"wp:featuredmedia":[{"embeddable":true,"href":"https:\/\/www.hoymercedes.com.ar\/principal\/wp-json\/wp\/v2\/media\/97305"}],"wp:attachment":[{"href":"https:\/\/www.hoymercedes.com.ar\/principal\/wp-json\/wp\/v2\/media?parent=97304"}],"wp:term":[{"taxonomy":"category","embeddable":true,"href":"https:\/\/www.hoymercedes.com.ar\/principal\/wp-json\/wp\/v2\/categories?post=97304"},{"taxonomy":"post_tag","embeddable":true,"href":"https:\/\/www.hoymercedes.com.ar\/principal\/wp-json\/wp\/v2\/tags?post=97304"}],"curies":[{"name":"wp","href":"https:\/\/api.w.org\/{rel}","templated":true}]}}