{"id":97313,"date":"2019-07-29T20:20:52","date_gmt":"2019-07-29T23:20:52","guid":{"rendered":"http:\/\/www.hoymercedes.com.ar\/principal\/?p=97313"},"modified":"2019-07-29T20:15:24","modified_gmt":"2019-07-29T23:15:24","slug":"el-musical-de-mary-poppins-llegara-al-teatro-municipal","status":"publish","type":"post","link":"https:\/\/www.hoymercedes.com.ar\/principal\/2019\/07\/29\/el-musical-de-mary-poppins-llegara-al-teatro-municipal\/","title":{"rendered":"El musical de Mary Poppins llegar\u00e1 al teatro municipal"},"content":{"rendered":"\n<p>Los d\u00edas 24\ny 25 de agosto, el Estudio de Danza y Arte MOVE presentar\u00e1 con el auspicio de P5Almacen.com.ar\nel musical \u201cMary Poppins\u201d. Las entradas anticipadas est\u00e1n en venta online con\nregalos para las primeras cien entradas vendidas. <\/p>\n\n\n\n<p>La ni\u00f1era\nbrit\u00e1nica llegar\u00e1 al escenario del Teatro Argentino \u201cInt. Julio C. Gioscio\u201d de\nla mano de MOVE y P5Almacen.com.ar. En un primer momento ser\u00e1n tres las\nfunciones en dos d\u00edas. El s\u00e1bado 24 de agosto, la funci\u00f3n ser\u00e1 a la hora 18,\nmientras que el d\u00eda 25, ser\u00e1n dos las funciones (15 y 18 horas). <\/p>\n\n\n\n<p>Las entradas anticipadas se encuentran a la venta v\u00eda\nonline. En el sitio web de P5Almacen (<a href=\"http:\/\/www.P5Almacen.com.ar\" target=\"_blank\" rel=\"noopener\">www.P5Almacen.com.ar<\/a>)\nuno puede seleccionar la funci\u00f3n y recibir\u00e1 un regalo especial: una remera del\nmusical y golosinas. <\/p>\n\n\n\n<p>Las entradas con kit de regalo, podr\u00e1n adquirirse a partir\ndel 29 de julio por un valor de $250. Las primeras 100 recibir\u00e1n el kit de\nregalo. Ingresando al sitio, seleccionando la funci\u00f3n y cantidad de entradas,\nluego podr\u00e1n retirarse en las oficinas de P5Almacen en avenida 29 N\u00b0 327 y\nrealizar el pago y llevarse el voucher para retirar las golosinas de regalo el\nd\u00eda de la funci\u00f3n. &nbsp;<\/p>\n","protected":false},"excerpt":{"rendered":"<p>Los d\u00edas 24 y 25 de agosto, el Estudio de Danza y Arte MOVE presentar\u00e1 con el auspicio de P5Almacen.com.ar &#8230; <a title=\"El musical de Mary Poppins llegar\u00e1 al teatro municipal\" class=\"read-more\" href=\"https:\/\/www.hoymercedes.com.ar\/principal\/2019\/07\/29\/el-musical-de-mary-poppins-llegara-al-teatro-municipal\/\" aria-label=\"Leer m\u00e1s sobre El musical de Mary Poppins llegar\u00e1 al teatro municipal\">Leer m\u00e1s<\/a><\/p>\n","protected":false},"author":1,"featured_media":97314,"comment_status":"closed","ping_status":"open","sticky":false,"template":"","format":"standard","meta":{"_monsterinsights_skip_tracking":false,"_monsterinsights_sitenote_active":false,"_monsterinsights_sitenote_note":"","_monsterinsights_sitenote_category":0,"jetpack_post_was_ever_published":false,"_jetpack_newsletter_access":"","_jetpack_dont_email_post_to_subs":false,"_jetpack_newsletter_tier_id":0,"_jetpack_memberships_contains_paywalled_content":false,"_jetpack_memberships_contains_paid_content":false,"footnotes":"","jetpack_publicize_message":"","jetpack_publicize_feature_enabled":true,"jetpack_social_post_already_shared":true,"jetpack_social_options":{"image_generator_settings":{"template":"highway","default_image_id":0,"font":"","enabled":false},"version":2},"_wpas_customize_per_network":false},"categories":[104],"tags":[7805,10191,1180],"class_list":["post-97313","post","type-post","status-publish","format-standard","has-post-thumbnail","hentry","category-cultura","tag-cultura","tag-musical","tag-teatro","generate-columns","tablet-grid-50","mobile-grid-100","grid-parent","grid-50"],"jetpack_publicize_connections":[],"jetpack_featured_media_url":"https:\/\/www.hoymercedes.com.ar\/principal\/wp-content\/uploads\/2019\/07\/29-mary-poppine.jpg","wps_subtitle":"Adelanto","jetpack_sharing_enabled":true,"_links":{"self":[{"href":"https:\/\/www.hoymercedes.com.ar\/principal\/wp-json\/wp\/v2\/posts\/97313","targetHints":{"allow":["GET"]}}],"collection":[{"href":"https:\/\/www.hoymercedes.com.ar\/principal\/wp-json\/wp\/v2\/posts"}],"about":[{"href":"https:\/\/www.hoymercedes.com.ar\/principal\/wp-json\/wp\/v2\/types\/post"}],"author":[{"embeddable":true,"href":"https:\/\/www.hoymercedes.com.ar\/principal\/wp-json\/wp\/v2\/users\/1"}],"replies":[{"embeddable":true,"href":"https:\/\/www.hoymercedes.com.ar\/principal\/wp-json\/wp\/v2\/comments?post=97313"}],"version-history":[{"count":0,"href":"https:\/\/www.hoymercedes.com.ar\/principal\/wp-json\/wp\/v2\/posts\/97313\/revisions"}],"wp:featuredmedia":[{"embeddable":true,"href":"https:\/\/www.hoymercedes.com.ar\/principal\/wp-json\/wp\/v2\/media\/97314"}],"wp:attachment":[{"href":"https:\/\/www.hoymercedes.com.ar\/principal\/wp-json\/wp\/v2\/media?parent=97313"}],"wp:term":[{"taxonomy":"category","embeddable":true,"href":"https:\/\/www.hoymercedes.com.ar\/principal\/wp-json\/wp\/v2\/categories?post=97313"},{"taxonomy":"post_tag","embeddable":true,"href":"https:\/\/www.hoymercedes.com.ar\/principal\/wp-json\/wp\/v2\/tags?post=97313"}],"curies":[{"name":"wp","href":"https:\/\/api.w.org\/{rel}","templated":true}]}}