{"id":97321,"date":"2019-07-29T20:52:30","date_gmt":"2019-07-29T23:52:30","guid":{"rendered":"http:\/\/www.hoymercedes.com.ar\/principal\/?p=97321"},"modified":"2019-07-29T20:53:33","modified_gmt":"2019-07-29T23:53:33","slug":"trocha-y-holanda-los-grandes-ganadores-de-la-decimonovena-fecha-de-primera","status":"publish","type":"post","link":"https:\/\/www.hoymercedes.com.ar\/principal\/2019\/07\/29\/trocha-y-holanda-los-grandes-ganadores-de-la-decimonovena-fecha-de-primera\/","title":{"rendered":"Trocha y Holanda, los grandes ganadores de la decimonovena fecha de Primera"},"content":{"rendered":"\n<p>El torneo de Primera Divisi\u00f3n de la Liga Mercedina entra en su tercio final y cuando todo parec\u00eda que no iba a tener paridad, las cuatro zonas se presentan interesantes en la pelea por evitar alguna etapa de la Liguilla, teniendo en cuenta que es muy dif\u00edcil que Uni\u00f3n, Talleres y Costa Brava logren la clasificaci\u00f3n por la distancia que tienen con sus inmediatos equipos que pesiguen.<\/p>\n\n\n\n<p>Al torneo le quedan 27 puntos en juego, de los cuales s\u00f3lo El Front\u00f3n, Talleres y Juventud van a jugarlos en forma completa, ya que no quedan libre en lo que resta del campeonato. Del resto, La Diego Armando, Marcos Paz, Pabell\u00f3n, Holanda, Ateneo y Col\u00f3n tendr\u00e1n descanso en dos jornadas, por lo que les quedan 21 puntos en juego, mientras que Costa Brava, El Tim\u00f3n, Quilmes, Palometas, Estudiantes, Uni\u00f3n, Trocha, Mercedes, Los Carteros, AMEFIP, V\u00e9lez y Defensores, tienen 24 puntos por delante.<\/p>\n\n\n\n<p>En el caso de los equipos que pelean por clasificar, Uni\u00f3n est\u00e1 obligado a obtener al menos 20 de los 24 puntos que tiene por delante y siquiera ganando los 8 partidos se asegura la Liguilla. En la Zona B, Col\u00f3n es el \u00faltimo por el momento y le quedan 7 partidos, est\u00e1 a cuatro de Ateneo,y a catorce de Marcos Paz. Todo parece indicar que pelear\u00e1 por el cuarto lugar, ya que Atl\u00e9tico, con diez puntos, se asegura clasificar.<\/p>\n\n\n\n<p>En la Zona C, Talleres est\u00e1 a 13 de defensores y tiene todo por jugar, mientras que el celeste quedar\u00e1 libre reci\u00e9n en la \u00faltima fecha. Los de De Biase deber\u00e1n al menos ganar cinco partidos para tener aspiraciones. En la Zona D, son dos equipos los que quedar\u00e1n afuera. El m\u00e1s comprometido es Costa Brava, hoy a 15 puntos de El Tim\u00f3n y ambos tienen 24 puntos por delante. Deber\u00e1n ganar entre 5 y 6 partidos y esperar por todos sus rivales de zona. En el caso de AMEFIP Barrio San Mart\u00edn, hoy a cinco de El Tim\u00f3n y a seis de Palometas y V\u00e9lez, est\u00e1 inmerso en la pelea y un pr\u00f3ximo triunfo y la p\u00e9rdida de puntos de alguno de sus rivales, lo pondr\u00e1 en carrera. Este domingo venci\u00f3 a El Tim\u00f3n y todav\u00eda tiene que medirse ante los del barrio El Molino y el Granate.<\/p>\n\n\n\n<p>En cuanto a la pelea por los puestos 1 a 4 de cada zona, la A todav\u00eda est\u00e1 lejos de vislumbrar en qu\u00e9 colocaci\u00f3n quedar\u00e1n los cuatro que pelean, en la B la disputa es entre Trocha, Mercedes y Marcos Paz, ya que Ateneo est\u00e1 reci\u00e9n a diez del verdiblanco, aunque debe un partido. En la C, Defensores parece quedarse con el cuarto lugar y la pelea est\u00e1 entre Front\u00f3n, Quilmes y Carteros. En la D, al igual que en la A, la paridad entre Juventud, Palometas, V\u00e9lez y El Tim\u00f3n es extrema.<\/p>\n\n\n\n<table class=\"wp-block-table\"><tbody><tr><td>Estudiantes<\/td><td>1<\/td><td>Mart\u00edn Etcheverry<\/td><\/tr><tr><td>Holanda<\/td><td>3<\/td><td>Juli\u00e1n Vita, Mat\u00edas Meriles (2)<\/td><\/tr><tr><td>&nbsp;<\/td><td>&nbsp;<\/td><td>&nbsp;<\/td><\/tr><tr><td>Palometas<\/td><td>2<\/td><td>Mart\u00edn Pastor, Federico Amorena<\/td><\/tr><tr><td>Velez<\/td><td>2<\/td><td>Rodolfo Aquino, Mat\u00edas Ram\u00edrez<\/td><\/tr><tr><td>&nbsp;<\/td><td>&nbsp;<\/td><td>&nbsp;<\/td><\/tr><tr><td>El Tim\u00f3n<\/td><td>0<\/td><td>&nbsp;<\/td><\/tr><tr><td>AMEFIP<\/td><td>1<\/td><td>Federico Amaya<\/td><\/tr><tr><td>&nbsp;<\/td><td>&nbsp;<\/td><td>&nbsp;<\/td><\/tr><tr><td>Trocha<\/td><td>3<\/td><td>Lucas Gallo, Santiago Yasky, Marcelo Gonz\u00e1lez<\/td><\/tr><tr><td>Marcos Paz<\/td><td>1<\/td><td>Gonzalo Zabala<\/td><\/tr><tr><td>&nbsp;<\/td><td>&nbsp;<\/td><td>&nbsp;<\/td><\/tr><tr><td>Ateneo<\/td><td>1<\/td><td>\u00c1ngel Pucheta<\/td><\/tr><tr><td>Col\u00f3n<\/td><td>1<\/td><td>Tos\u00edas Cuberas<\/td><\/tr><tr><td>&nbsp;<\/td><td>&nbsp;<\/td><td>&nbsp;<\/td><\/tr><tr><td>Quilmes<\/td><td>2<\/td><td>Dami\u00e1n Mansilla (2)<\/td><\/tr><tr><td>Defensores<\/td><td>1<\/td><td>Gabriel Ferrero<\/td><\/tr><tr><td>&nbsp;<\/td><td>&nbsp;<\/td><td>&nbsp;<\/td><\/tr><tr><td>Juventud<\/td><td>1<\/td><td>Mart\u00edn Carreto<\/td><\/tr><tr><td>Costa Brava<\/td><td>1<\/td><td>Emmanuel Rubbo<\/td><\/tr><\/tbody><\/table>\n\n\n\n<figure class=\"wp-block-image\"><img loading=\"lazy\" decoding=\"async\" width=\"658\" height=\"728\" data-attachment-id=\"97322\" data-permalink=\"https:\/\/www.hoymercedes.com.ar\/principal\/2019\/07\/29\/trocha-y-holanda-los-grandes-ganadores-de-la-decimonovena-fecha-de-primera\/primera-liga-pos-19\/#main\" data-orig-file=\"https:\/\/www.hoymercedes.com.ar\/principal\/wp-content\/uploads\/2019\/07\/PRIMERA-LIGA-POS.png\" data-orig-size=\"658,728\" data-comments-opened=\"0\" data-image-meta=\"{&quot;aperture&quot;:&quot;0&quot;,&quot;credit&quot;:&quot;&quot;,&quot;camera&quot;:&quot;&quot;,&quot;caption&quot;:&quot;&quot;,&quot;created_timestamp&quot;:&quot;0&quot;,&quot;copyright&quot;:&quot;&quot;,&quot;focal_length&quot;:&quot;0&quot;,&quot;iso&quot;:&quot;0&quot;,&quot;shutter_speed&quot;:&quot;0&quot;,&quot;title&quot;:&quot;&quot;,&quot;orientation&quot;:&quot;0&quot;}\" data-image-title=\"PRIMERA-LIGA-POS\" data-image-description=\"\" data-image-caption=\"\" data-large-file=\"https:\/\/www.hoymercedes.com.ar\/principal\/wp-content\/uploads\/2019\/07\/PRIMERA-LIGA-POS.png\" src=\"https:\/\/www.hoymercedes.com.ar\/principal\/wp-content\/uploads\/2019\/07\/PRIMERA-LIGA-POS.png\" alt=\"\" class=\"wp-image-97322\" srcset=\"https:\/\/www.hoymercedes.com.ar\/principal\/wp-content\/uploads\/2019\/07\/PRIMERA-LIGA-POS.png 658w, https:\/\/www.hoymercedes.com.ar\/principal\/wp-content\/uploads\/2019\/07\/PRIMERA-LIGA-POS-136x150.png 136w, https:\/\/www.hoymercedes.com.ar\/principal\/wp-content\/uploads\/2019\/07\/PRIMERA-LIGA-POS-560x620.png 560w\" sizes=\"auto, (max-width: 658px) 100vw, 658px\" \/><\/figure>\n\n\n\n<div class=\"wp-block-image\"><figure class=\"aligncenter\"><img loading=\"lazy\" decoding=\"async\" width=\"334\" height=\"728\" data-attachment-id=\"97323\" data-permalink=\"https:\/\/www.hoymercedes.com.ar\/principal\/2019\/07\/29\/trocha-y-holanda-los-grandes-ganadores-de-la-decimonovena-fecha-de-primera\/goles-liga-pri-11\/#main\" data-orig-file=\"https:\/\/www.hoymercedes.com.ar\/principal\/wp-content\/uploads\/2019\/07\/Goles-LIGA-PRI.png\" data-orig-size=\"334,728\" data-comments-opened=\"0\" data-image-meta=\"{&quot;aperture&quot;:&quot;0&quot;,&quot;credit&quot;:&quot;&quot;,&quot;camera&quot;:&quot;&quot;,&quot;caption&quot;:&quot;&quot;,&quot;created_timestamp&quot;:&quot;0&quot;,&quot;copyright&quot;:&quot;&quot;,&quot;focal_length&quot;:&quot;0&quot;,&quot;iso&quot;:&quot;0&quot;,&quot;shutter_speed&quot;:&quot;0&quot;,&quot;title&quot;:&quot;&quot;,&quot;orientation&quot;:&quot;0&quot;}\" data-image-title=\"Goles-LIGA-PRI\" data-image-description=\"\" data-image-caption=\"\" data-large-file=\"https:\/\/www.hoymercedes.com.ar\/principal\/wp-content\/uploads\/2019\/07\/Goles-LIGA-PRI.png\" src=\"https:\/\/www.hoymercedes.com.ar\/principal\/wp-content\/uploads\/2019\/07\/Goles-LIGA-PRI.png\" alt=\"\" class=\"wp-image-97323\" srcset=\"https:\/\/www.hoymercedes.com.ar\/principal\/wp-content\/uploads\/2019\/07\/Goles-LIGA-PRI.png 334w, https:\/\/www.hoymercedes.com.ar\/principal\/wp-content\/uploads\/2019\/07\/Goles-LIGA-PRI-69x150.png 69w, https:\/\/www.hoymercedes.com.ar\/principal\/wp-content\/uploads\/2019\/07\/Goles-LIGA-PRI-284x620.png 284w\" sizes=\"auto, (max-width: 334px) 100vw, 334px\" \/><\/figure><\/div>\n","protected":false},"excerpt":{"rendered":"<p>El torneo de Primera Divisi\u00f3n de la Liga Mercedina entra en su tercio final y cuando todo parec\u00eda que no &#8230; <a title=\"Trocha y Holanda, los grandes ganadores de la decimonovena fecha de Primera\" class=\"read-more\" href=\"https:\/\/www.hoymercedes.com.ar\/principal\/2019\/07\/29\/trocha-y-holanda-los-grandes-ganadores-de-la-decimonovena-fecha-de-primera\/\" aria-label=\"Leer m\u00e1s sobre Trocha y Holanda, los grandes ganadores de la decimonovena fecha de Primera\">Leer m\u00e1s<\/a><\/p>\n","protected":false},"author":1,"featured_media":97322,"comment_status":"closed","ping_status":"open","sticky":false,"template":"","format":"standard","meta":{"_monsterinsights_skip_tracking":false,"_monsterinsights_sitenote_active":false,"_monsterinsights_sitenote_note":"","_monsterinsights_sitenote_category":0,"jetpack_post_was_ever_published":false,"_jetpack_newsletter_access":"","_jetpack_dont_email_post_to_subs":false,"_jetpack_newsletter_tier_id":0,"_jetpack_memberships_contains_paywalled_content":false,"_jetpack_memberships_contains_paid_content":false,"footnotes":"","jetpack_publicize_message":"","jetpack_publicize_feature_enabled":true,"jetpack_social_post_already_shared":true,"jetpack_social_options":{"image_generator_settings":{"template":"highway","default_image_id":0,"font":"","enabled":false},"version":2},"_wpas_customize_per_network":false},"categories":[21],"tags":[1003,1901],"class_list":["post-97321","post","type-post","status-publish","format-standard","has-post-thumbnail","hentry","category-deportes","tag-futbol","tag-liga-mercedina","generate-columns","tablet-grid-50","mobile-grid-100","grid-parent","grid-50"],"jetpack_publicize_connections":[],"jetpack_featured_media_url":"https:\/\/www.hoymercedes.com.ar\/principal\/wp-content\/uploads\/2019\/07\/PRIMERA-LIGA-POS.png","wps_subtitle":"Liga Mercedina","jetpack_sharing_enabled":true,"_links":{"self":[{"href":"https:\/\/www.hoymercedes.com.ar\/principal\/wp-json\/wp\/v2\/posts\/97321","targetHints":{"allow":["GET"]}}],"collection":[{"href":"https:\/\/www.hoymercedes.com.ar\/principal\/wp-json\/wp\/v2\/posts"}],"about":[{"href":"https:\/\/www.hoymercedes.com.ar\/principal\/wp-json\/wp\/v2\/types\/post"}],"author":[{"embeddable":true,"href":"https:\/\/www.hoymercedes.com.ar\/principal\/wp-json\/wp\/v2\/users\/1"}],"replies":[{"embeddable":true,"href":"https:\/\/www.hoymercedes.com.ar\/principal\/wp-json\/wp\/v2\/comments?post=97321"}],"version-history":[{"count":0,"href":"https:\/\/www.hoymercedes.com.ar\/principal\/wp-json\/wp\/v2\/posts\/97321\/revisions"}],"wp:featuredmedia":[{"embeddable":true,"href":"https:\/\/www.hoymercedes.com.ar\/principal\/wp-json\/wp\/v2\/media\/97322"}],"wp:attachment":[{"href":"https:\/\/www.hoymercedes.com.ar\/principal\/wp-json\/wp\/v2\/media?parent=97321"}],"wp:term":[{"taxonomy":"category","embeddable":true,"href":"https:\/\/www.hoymercedes.com.ar\/principal\/wp-json\/wp\/v2\/categories?post=97321"},{"taxonomy":"post_tag","embeddable":true,"href":"https:\/\/www.hoymercedes.com.ar\/principal\/wp-json\/wp\/v2\/tags?post=97321"}],"curies":[{"name":"wp","href":"https:\/\/api.w.org\/{rel}","templated":true}]}}