{"id":97335,"date":"2019-07-30T09:25:21","date_gmt":"2019-07-30T12:25:21","guid":{"rendered":"http:\/\/www.hoymercedes.com.ar\/principal\/?p=97335"},"modified":"2019-07-30T08:55:35","modified_gmt":"2019-07-30T11:55:35","slug":"florencia-arietto-en-gendarmeria-por-el-servicio-civico-voluntario-en-valores","status":"publish","type":"post","link":"https:\/\/www.hoymercedes.com.ar\/principal\/2019\/07\/30\/florencia-arietto-en-gendarmeria-por-el-servicio-civico-voluntario-en-valores\/","title":{"rendered":"Florencia Arietto en Gendarmer\u00eda por el Servicio C\u00edvico Voluntario en Valores"},"content":{"rendered":"\n<p><em>Asesora del Ministerio de Seguridad de Naci\u00f3n, la abogada Mar\u00eda Florencia Arietto estuvo en la sede local de Gendarmer\u00eda Nacional para hacer hincapi\u00e9 en el proyecto y la primera etapa del Servicio C\u00edvico Voluntario en Valores que  inscriben desde agosto para iniciar en septiembre. <\/em><\/p>\n\n\n\n<figure class=\"wp-block-image\"><img loading=\"lazy\" decoding=\"async\" width=\"750\" height=\"500\" data-attachment-id=\"97338\" data-permalink=\"https:\/\/www.hoymercedes.com.ar\/principal\/2019\/07\/30\/florencia-arietto-en-gendarmeria-por-el-servicio-civico-voluntario-en-valores\/29-florarietto2\/#main\" data-orig-file=\"https:\/\/www.hoymercedes.com.ar\/principal\/wp-content\/uploads\/2019\/07\/29-FlorArietto2.jpg\" data-orig-size=\"750,500\" data-comments-opened=\"0\" data-image-meta=\"{&quot;aperture&quot;:&quot;0&quot;,&quot;credit&quot;:&quot;&quot;,&quot;camera&quot;:&quot;&quot;,&quot;caption&quot;:&quot;&quot;,&quot;created_timestamp&quot;:&quot;0&quot;,&quot;copyright&quot;:&quot;&quot;,&quot;focal_length&quot;:&quot;0&quot;,&quot;iso&quot;:&quot;0&quot;,&quot;shutter_speed&quot;:&quot;0&quot;,&quot;title&quot;:&quot;&quot;,&quot;orientation&quot;:&quot;0&quot;}\" data-image-title=\"29 FlorArietto2\" data-image-description=\"\" data-image-caption=\"\" data-large-file=\"https:\/\/www.hoymercedes.com.ar\/principal\/wp-content\/uploads\/2019\/07\/29-FlorArietto2.jpg\" src=\"https:\/\/www.hoymercedes.com.ar\/principal\/wp-content\/uploads\/2019\/07\/29-FlorArietto2.jpg\" alt=\"\" class=\"wp-image-97338\" srcset=\"https:\/\/www.hoymercedes.com.ar\/principal\/wp-content\/uploads\/2019\/07\/29-FlorArietto2.jpg 750w, https:\/\/www.hoymercedes.com.ar\/principal\/wp-content\/uploads\/2019\/07\/29-FlorArietto2-150x100.jpg 150w, https:\/\/www.hoymercedes.com.ar\/principal\/wp-content\/uploads\/2019\/07\/29-FlorArietto2-630x420.jpg 630w, https:\/\/www.hoymercedes.com.ar\/principal\/wp-content\/uploads\/2019\/07\/29-FlorArietto2-720x480.jpg 720w, https:\/\/www.hoymercedes.com.ar\/principal\/wp-content\/uploads\/2019\/07\/29-FlorArietto2-360x240.jpg 360w\" sizes=\"auto, (max-width: 750px) 100vw, 750px\" \/><\/figure>\n\n\n\n<p>En la tarde\nde este lunes, visit\u00f3 la ciudad Mar\u00eda Florencia Arietto. Como parte del equipo\ndel Ministerio de Seguridad de Naci\u00f3n, se hizo presente en el Instituto de\nCapacitaci\u00f3n Especializada \u201cCabo Juan Adolfo Romero\u201d de la Gendarmer\u00eda Nacional\nArgentina que se encuentra en Mercedes con el fin de personalmente acordar c\u00f3mo\nfuncionar\u00e1 el Servicio C\u00edvico Voluntario en Valores que comenzar\u00e1 a inscribir\nen agosto y iniciar\u00e1 sus formaci\u00f3n en septiembre. <\/p>\n\n\n\n<p>\u201cEl InCaEs\nde Mercedes es uno de los instituto sede del Servicio C\u00edvico Voluntario. Vamos\na recorrerlo con los Gendarmes y evacuar todas las dudas de qui\u00e9n est\u00e9 a cargo\nen la Gendarmer\u00eda de la ciudad. Hay una p\u00e1gina del Servicio C\u00edvico Voluntario\nen donde la gente que est\u00e1 interesada ingrese y se saque las dudas y puedan ver\nde qu\u00e9 se trata\u201d, explic\u00f3 la abogada que luego se reuni\u00f3 con las autoridades\ndel Instituto de Capacitaci\u00f3n de Gendarmer\u00eda de la ciudad. <\/p>\n\n\n\n<p>\u201cSabemos que hay muy buena recepci\u00f3n desde Mercedes. Desde la semana pasada empezaron a acercarse a Gendarmer\u00eda muchas personas que est\u00e1n interesadas. Comenzaron a averiguar cu\u00e1ndo empezaban. Estamos muy contentos porque m\u00e1s all\u00e1 de lo que digan, nosotros estamos apostando a darle algo de contenci\u00f3n, de disciplina, de capacitaci\u00f3n, a chicos que no estudian ni trabajan. A chicos de los sectores m\u00e1s vulnerables en general\u201d, agreg\u00f3 Arietto acompa\u00f1ada de los concejales de la ciudad. <\/p>\n\n\n\n<figure class=\"wp-block-image\"><img loading=\"lazy\" decoding=\"async\" width=\"750\" height=\"499\" data-attachment-id=\"97337\" data-permalink=\"https:\/\/www.hoymercedes.com.ar\/principal\/2019\/07\/30\/florencia-arietto-en-gendarmeria-por-el-servicio-civico-voluntario-en-valores\/29-florarietto1\/#main\" data-orig-file=\"https:\/\/www.hoymercedes.com.ar\/principal\/wp-content\/uploads\/2019\/07\/29-FlorArietto1.jpg\" data-orig-size=\"750,499\" data-comments-opened=\"0\" data-image-meta=\"{&quot;aperture&quot;:&quot;0&quot;,&quot;credit&quot;:&quot;&quot;,&quot;camera&quot;:&quot;&quot;,&quot;caption&quot;:&quot;&quot;,&quot;created_timestamp&quot;:&quot;0&quot;,&quot;copyright&quot;:&quot;&quot;,&quot;focal_length&quot;:&quot;0&quot;,&quot;iso&quot;:&quot;0&quot;,&quot;shutter_speed&quot;:&quot;0&quot;,&quot;title&quot;:&quot;&quot;,&quot;orientation&quot;:&quot;0&quot;}\" data-image-title=\"29 FlorArietto1\" data-image-description=\"\" data-image-caption=\"\" data-large-file=\"https:\/\/www.hoymercedes.com.ar\/principal\/wp-content\/uploads\/2019\/07\/29-FlorArietto1.jpg\" src=\"https:\/\/www.hoymercedes.com.ar\/principal\/wp-content\/uploads\/2019\/07\/29-FlorArietto1.jpg\" alt=\"\" class=\"wp-image-97337\" srcset=\"https:\/\/www.hoymercedes.com.ar\/principal\/wp-content\/uploads\/2019\/07\/29-FlorArietto1.jpg 750w, https:\/\/www.hoymercedes.com.ar\/principal\/wp-content\/uploads\/2019\/07\/29-FlorArietto1-150x100.jpg 150w, https:\/\/www.hoymercedes.com.ar\/principal\/wp-content\/uploads\/2019\/07\/29-FlorArietto1-630x419.jpg 630w, https:\/\/www.hoymercedes.com.ar\/principal\/wp-content\/uploads\/2019\/07\/29-FlorArietto1-720x480.jpg 720w, https:\/\/www.hoymercedes.com.ar\/principal\/wp-content\/uploads\/2019\/07\/29-FlorArietto1-360x240.jpg 360w\" sizes=\"auto, (max-width: 750px) 100vw, 750px\" \/><\/figure>\n\n\n\n<p>\u201cEs un\nprototipo que empezar\u00e1 a funcionar en septiembre, ser\u00e1 hasta diciembre. Despu\u00e9s\nse extender\u00eda a partir del a\u00f1o que viene. Pero vamos a ir acomodando de acuerdo\na las necesidades de qui\u00e9nes se inscriban. Vimos que muchas chicas con beb\u00e9s\nquieren hacerlo, as\u00ed que buscaremos lugares para que puedan asistir con sus\nhijos. De acuerdo a la demanda veremos qu\u00e9 acomodamos. Est\u00e1 el compromiso de\nincluir sin sustituir la escuela. Al contrario, fomentaremos que puedan\nterminar los estudios secundarios pensando en tecnolog\u00eda y en capacitaci\u00f3n que\ntal vez en una escuela tradicional no hay\u201d, explic\u00f3 la asesora de la Ministra\nPatricia Bullrich. <\/p>\n\n\n\n<p>Fueron\nmuchas las cr\u00edticas al proyecto del Servicio Civil Voluntario en Valores en la\nciudad. Muchas se escucharon de los espacios pol\u00edticos opositores al gobierno\nnacional. Sobre esto Mar\u00eda Florencia Arietto, acompa\u00f1ada por las Concejalas\nEvangelina Cabral y Aida Laporta y la candidata local por el espacio pol\u00edtico que\ngobierna el pa\u00eds y la provincia Julia De Paola. <\/p>\n\n\n\n<p>\u201cEl impacto\nen la poblaci\u00f3n ha sido positivo. Entiendo que en un a\u00f1o electoral, la campa\u00f1a\npase por la cr\u00edtica. La seguridad es un tema integral, no solamente la polic\u00eda.\nLa seguridad tiene cuatro patas: el Poder Judicial, el Servicio Penitenciario,\nla Polic\u00eda y el Desarrollo Social. Es muy dif\u00edcil que donde hay desigualdad no\nhaya violencia. Tenemos lugares vulnerables en todo el pa\u00eds. Hay pibes criados\nen la marginalidad estructural con acceso a armas y drogas y chicas que\nabandonan la escuela por embarazos adolescentes porque no tienen acceso a la\ninformaci\u00f3n ni a la educaci\u00f3n sexual o quedan a cargo de mayores. Estamos\ny\u00e9ndolos a buscar para contarles que hay opciones, que pueden incluirse y tener\nun porvenir. Conozco la provincia de Buenos Aires, soy de la provincia, conozco\nc\u00f3mo operan las personas que creen que la seguridad es una cuesti\u00f3n ideol\u00f3gica\ny no un derecho humano\u201d, agreg\u00f3 Arietto. <\/p>\n\n\n\n<p>Por su\nparte, la Concejal Cabral expres\u00f3: \u201cHay que deshacerse de los prejuicios. La\nidea de este proyecto es incentivar a los chicos a que se inserten. Muchas\nveces son chicos que dejaron la escuela y no tienen qui\u00e9n les diga que pueden\nvolver a la escuela y que eso podr\u00eda ser el futuro para ellos. Muchos por ah\u00ed\nquieren iniciar una carrera o no saben qu\u00e9 quieren hacer de su vida. Y esto les\ngenerar\u00e1 una sinergia colectiva para encontrar un camino de salida para sus\nvidas y ser\u00e1 positivo\u201d. <\/p>\n\n\n\n<p>El sitio web que el Ministerio de Seguridad dispuso para consultas e inscripci\u00f3n online (ingresando a argentina.gob.ar) est\u00e1 disponible para que el 1\u00b0 de agosto se inicie el tr\u00e1mite para iniciar la primera fase entre septiembre y diciembre. En todo el pa\u00eds podr\u00e1n hacerlo 1200 chicos de entre 16 y 20 a\u00f1os, en cupos de doscientos distribuidos en seis sedes en R\u00edo Negro, C\u00f3rdoba, Santiago del Estero, y tres en la provincia de Buenos Aires, entre ellas la sede de la Gendarmer\u00eda Nacional en Mercedes, adem\u00e1s de La Matanza y San Miguel. <\/p>\n\n\n\n<figure class=\"wp-block-image\"><img loading=\"lazy\" decoding=\"async\" width=\"750\" height=\"500\" data-attachment-id=\"97336\" data-permalink=\"https:\/\/www.hoymercedes.com.ar\/principal\/2019\/07\/30\/florencia-arietto-en-gendarmeria-por-el-servicio-civico-voluntario-en-valores\/29-florarietto\/#main\" data-orig-file=\"https:\/\/www.hoymercedes.com.ar\/principal\/wp-content\/uploads\/2019\/07\/29-FlorArietto.jpg\" data-orig-size=\"750,500\" data-comments-opened=\"0\" data-image-meta=\"{&quot;aperture&quot;:&quot;2&quot;,&quot;credit&quot;:&quot;&quot;,&quot;camera&quot;:&quot;Moto G (5S) Plus&quot;,&quot;caption&quot;:&quot;&quot;,&quot;created_timestamp&quot;:&quot;1564410625&quot;,&quot;copyright&quot;:&quot;&quot;,&quot;focal_length&quot;:&quot;3.59&quot;,&quot;iso&quot;:&quot;1867&quot;,&quot;shutter_speed&quot;:&quot;0.016666666666667&quot;,&quot;title&quot;:&quot;&quot;,&quot;orientation&quot;:&quot;1&quot;}\" data-image-title=\"29 FlorArietto\" data-image-description=\"\" data-image-caption=\"\" data-large-file=\"https:\/\/www.hoymercedes.com.ar\/principal\/wp-content\/uploads\/2019\/07\/29-FlorArietto.jpg\" src=\"https:\/\/www.hoymercedes.com.ar\/principal\/wp-content\/uploads\/2019\/07\/29-FlorArietto.jpg\" alt=\"\" class=\"wp-image-97336\" srcset=\"https:\/\/www.hoymercedes.com.ar\/principal\/wp-content\/uploads\/2019\/07\/29-FlorArietto.jpg 750w, https:\/\/www.hoymercedes.com.ar\/principal\/wp-content\/uploads\/2019\/07\/29-FlorArietto-150x100.jpg 150w, https:\/\/www.hoymercedes.com.ar\/principal\/wp-content\/uploads\/2019\/07\/29-FlorArietto-630x420.jpg 630w, https:\/\/www.hoymercedes.com.ar\/principal\/wp-content\/uploads\/2019\/07\/29-FlorArietto-720x480.jpg 720w, https:\/\/www.hoymercedes.com.ar\/principal\/wp-content\/uploads\/2019\/07\/29-FlorArietto-360x240.jpg 360w\" sizes=\"auto, (max-width: 750px) 100vw, 750px\" \/><\/figure>\n","protected":false},"excerpt":{"rendered":"<p>Asesora del Ministerio de Seguridad de Naci\u00f3n, la abogada Mar\u00eda Florencia Arietto estuvo en la sede local de Gendarmer\u00eda Nacional &#8230; <a title=\"Florencia Arietto en Gendarmer\u00eda por el Servicio C\u00edvico Voluntario en Valores\" class=\"read-more\" href=\"https:\/\/www.hoymercedes.com.ar\/principal\/2019\/07\/30\/florencia-arietto-en-gendarmeria-por-el-servicio-civico-voluntario-en-valores\/\" aria-label=\"Leer m\u00e1s sobre Florencia Arietto en Gendarmer\u00eda por el Servicio C\u00edvico Voluntario en Valores\">Leer m\u00e1s<\/a><\/p>\n","protected":false},"author":1,"featured_media":97337,"comment_status":"closed","ping_status":"open","sticky":false,"template":"","format":"standard","meta":{"_monsterinsights_skip_tracking":false,"_monsterinsights_sitenote_active":false,"_monsterinsights_sitenote_note":"","_monsterinsights_sitenote_category":0,"jetpack_post_was_ever_published":false,"_jetpack_newsletter_access":"","_jetpack_dont_email_post_to_subs":false,"_jetpack_newsletter_tier_id":0,"_jetpack_memberships_contains_paywalled_content":false,"_jetpack_memberships_contains_paid_content":false,"footnotes":"","jetpack_publicize_message":"","jetpack_publicize_feature_enabled":true,"jetpack_social_post_already_shared":true,"jetpack_social_options":{"image_generator_settings":{"template":"highway","default_image_id":0,"font":"","enabled":false},"version":2},"_wpas_customize_per_network":false},"categories":[5210],"tags":[5796,5319,15559],"class_list":["post-97335","post","type-post","status-publish","format-standard","has-post-thumbnail","hentry","category-politica-nacional","tag-gendarmeria-nacional","tag-politica-2","tag-servicio-civico-voluntario-en-valores","generate-columns","tablet-grid-50","mobile-grid-100","grid-parent","grid-50"],"jetpack_publicize_connections":[],"jetpack_featured_media_url":"https:\/\/www.hoymercedes.com.ar\/principal\/wp-content\/uploads\/2019\/07\/29-FlorArietto1.jpg","wps_subtitle":"En la tarde del lunes","jetpack_sharing_enabled":true,"_links":{"self":[{"href":"https:\/\/www.hoymercedes.com.ar\/principal\/wp-json\/wp\/v2\/posts\/97335","targetHints":{"allow":["GET"]}}],"collection":[{"href":"https:\/\/www.hoymercedes.com.ar\/principal\/wp-json\/wp\/v2\/posts"}],"about":[{"href":"https:\/\/www.hoymercedes.com.ar\/principal\/wp-json\/wp\/v2\/types\/post"}],"author":[{"embeddable":true,"href":"https:\/\/www.hoymercedes.com.ar\/principal\/wp-json\/wp\/v2\/users\/1"}],"replies":[{"embeddable":true,"href":"https:\/\/www.hoymercedes.com.ar\/principal\/wp-json\/wp\/v2\/comments?post=97335"}],"version-history":[{"count":0,"href":"https:\/\/www.hoymercedes.com.ar\/principal\/wp-json\/wp\/v2\/posts\/97335\/revisions"}],"wp:featuredmedia":[{"embeddable":true,"href":"https:\/\/www.hoymercedes.com.ar\/principal\/wp-json\/wp\/v2\/media\/97337"}],"wp:attachment":[{"href":"https:\/\/www.hoymercedes.com.ar\/principal\/wp-json\/wp\/v2\/media?parent=97335"}],"wp:term":[{"taxonomy":"category","embeddable":true,"href":"https:\/\/www.hoymercedes.com.ar\/principal\/wp-json\/wp\/v2\/categories?post=97335"},{"taxonomy":"post_tag","embeddable":true,"href":"https:\/\/www.hoymercedes.com.ar\/principal\/wp-json\/wp\/v2\/tags?post=97335"}],"curies":[{"name":"wp","href":"https:\/\/api.w.org\/{rel}","templated":true}]}}