{"id":97364,"date":"2019-07-30T20:00:47","date_gmt":"2019-07-30T23:00:47","guid":{"rendered":"http:\/\/www.hoymercedes.com.ar\/principal\/?p=97364"},"modified":"2019-07-30T18:51:40","modified_gmt":"2019-07-30T21:51:40","slug":"el-kuelgue-este-sabado-gratis-en-la-trocha","status":"publish","type":"post","link":"https:\/\/www.hoymercedes.com.ar\/principal\/2019\/07\/30\/el-kuelgue-este-sabado-gratis-en-la-trocha\/","title":{"rendered":"\u00abEl Kuelgue\u00bb este s\u00e1bado gratis en La Trocha"},"content":{"rendered":"\n<figure class=\"wp-block-embed-youtube wp-block-embed is-type-video is-provider-youtube wp-embed-aspect-16-9 wp-has-aspect-ratio\"><div class=\"wp-block-embed__wrapper\">\n<span class=\"embed-youtube\" style=\"text-align:center; display: block;\"><iframe loading=\"lazy\" class=\"youtube-player\" width=\"1200\" height=\"675\" src=\"https:\/\/www.youtube.com\/embed\/IHRvx2GF90I?version=3&#038;rel=1&#038;showsearch=0&#038;showinfo=1&#038;iv_load_policy=1&#038;fs=1&#038;hl=es-ES&#038;autohide=2&#038;wmode=transparent\" allowfullscreen=\"true\" style=\"border:0;\" sandbox=\"allow-scripts allow-same-origin allow-popups allow-presentation allow-popups-to-escape-sandbox\"><\/iframe><\/span>\n<\/div><\/figure>\n\n\n\n<p>El pr\u00f3ximo s\u00e1bado estar\u00e1 en\nMercedes la banda \u201cEL Kuelgue\u201d. En la segunda semana de vacaciones de invierno\nhabr\u00e1 un momento para que la familia pueda disfrutar de un espect\u00e1culo de gran\nnivel con la afamada banda nacional.<\/p>\n\n\n\n<p>El Kuelgue es un grupo fundado en Buenos Aires en el a\u00f1o\n2004, que surge como resultado de una b\u00fasqueda l\u00edrica y musical cuyo motor\nprincipal es la improvisaci\u00f3n.<\/p>\n\n\n\n<p>Desde sus inicios se han presentado en numerosos escenarios\ntanto en Capital Federal como en Provincia de Buenos Aires, actuando tambi\u00e9n en\nradio y televisi\u00f3n.<\/p>\n\n\n\n<p>En tres a\u00f1os compartieron escenario con diversos artistas\ncomo Javier Calamaro, Gillespi, Horacio Fontova, Pablo Dacal, Venluc\u00eda, Liliana\nHerrero y Alejandro Franov entre otros, cuentan en Rock.com.ar<\/p>\n\n\n\n<p>Este s\u00e1bado, desde las&nbsp;\n14.00hs, empieza a convocarse a las familias para disfrutar de una tarde\ndistinta y todo el espect\u00e1culo de la banda sensaci\u00f3n entre los j\u00f3venes de la actualidad.\n<\/p>\n","protected":false},"excerpt":{"rendered":"<p>El pr\u00f3ximo s\u00e1bado estar\u00e1 en Mercedes la banda \u201cEL Kuelgue\u201d. En la segunda semana de vacaciones de invierno habr\u00e1 un &#8230; <a title=\"\u00abEl Kuelgue\u00bb este s\u00e1bado gratis en La Trocha\" class=\"read-more\" href=\"https:\/\/www.hoymercedes.com.ar\/principal\/2019\/07\/30\/el-kuelgue-este-sabado-gratis-en-la-trocha\/\" aria-label=\"Leer m\u00e1s sobre \u00abEl Kuelgue\u00bb este s\u00e1bado gratis en La Trocha\">Leer m\u00e1s<\/a><\/p>\n","protected":false},"author":1,"featured_media":97368,"comment_status":"closed","ping_status":"open","sticky":false,"template":"","format":"standard","meta":{"_monsterinsights_skip_tracking":false,"_monsterinsights_sitenote_active":false,"_monsterinsights_sitenote_note":"","_monsterinsights_sitenote_category":0,"jetpack_post_was_ever_published":false,"_jetpack_newsletter_access":"","_jetpack_dont_email_post_to_subs":false,"_jetpack_newsletter_tier_id":0,"_jetpack_memberships_contains_paywalled_content":false,"_jetpack_memberships_contains_paid_content":false,"footnotes":"","jetpack_publicize_message":"","jetpack_publicize_feature_enabled":true,"jetpack_social_post_already_shared":true,"jetpack_social_options":{"image_generator_settings":{"template":"highway","default_image_id":0,"font":"","enabled":false},"version":2},"_wpas_customize_per_network":false},"categories":[104],"tags":[15562,3959],"class_list":["post-97364","post","type-post","status-publish","format-standard","has-post-thumbnail","hentry","category-cultura","tag-enkuelgue","tag-la-trocha","generate-columns","tablet-grid-50","mobile-grid-100","grid-parent","grid-50"],"jetpack_publicize_connections":[],"jetpack_featured_media_url":"https:\/\/www.hoymercedes.com.ar\/principal\/wp-content\/uploads\/2019\/07\/Kuelgue.jpg","wps_subtitle":"Espect\u00e1culos gratis ","jetpack_sharing_enabled":true,"_links":{"self":[{"href":"https:\/\/www.hoymercedes.com.ar\/principal\/wp-json\/wp\/v2\/posts\/97364","targetHints":{"allow":["GET"]}}],"collection":[{"href":"https:\/\/www.hoymercedes.com.ar\/principal\/wp-json\/wp\/v2\/posts"}],"about":[{"href":"https:\/\/www.hoymercedes.com.ar\/principal\/wp-json\/wp\/v2\/types\/post"}],"author":[{"embeddable":true,"href":"https:\/\/www.hoymercedes.com.ar\/principal\/wp-json\/wp\/v2\/users\/1"}],"replies":[{"embeddable":true,"href":"https:\/\/www.hoymercedes.com.ar\/principal\/wp-json\/wp\/v2\/comments?post=97364"}],"version-history":[{"count":0,"href":"https:\/\/www.hoymercedes.com.ar\/principal\/wp-json\/wp\/v2\/posts\/97364\/revisions"}],"wp:featuredmedia":[{"embeddable":true,"href":"https:\/\/www.hoymercedes.com.ar\/principal\/wp-json\/wp\/v2\/media\/97368"}],"wp:attachment":[{"href":"https:\/\/www.hoymercedes.com.ar\/principal\/wp-json\/wp\/v2\/media?parent=97364"}],"wp:term":[{"taxonomy":"category","embeddable":true,"href":"https:\/\/www.hoymercedes.com.ar\/principal\/wp-json\/wp\/v2\/categories?post=97364"},{"taxonomy":"post_tag","embeddable":true,"href":"https:\/\/www.hoymercedes.com.ar\/principal\/wp-json\/wp\/v2\/tags?post=97364"}],"curies":[{"name":"wp","href":"https:\/\/api.w.org\/{rel}","templated":true}]}}