{"id":97395,"date":"2019-07-31T06:28:22","date_gmt":"2019-07-31T09:28:22","guid":{"rendered":"http:\/\/www.hoymercedes.com.ar\/principal\/?p=97395"},"modified":"2019-07-30T22:11:43","modified_gmt":"2019-07-31T01:11:43","slug":"desarrollando-politicas-ambientales","status":"publish","type":"post","link":"https:\/\/www.hoymercedes.com.ar\/principal\/2019\/07\/31\/desarrollando-politicas-ambientales\/","title":{"rendered":"Desarrollando pol\u00edticas ambientales"},"content":{"rendered":"\n<p>Por\nCristi\u00e1n Frers* \u2013 \u00abSiempre\nse postergo la discusi\u00f3n de los temas ambientales. Hoy ya no es posible.\nArgentina est\u00e1 muy atrasada en este tema. En las discusiones de campa\u00f1a pol\u00edtica,\npor ejemplo, aparece como una cuesti\u00f3n secundaria\u00bb Rene Mauricio Valdes &#8211;\nCoordinador Residente del Sistema de las Naciones Unidas en Argentina.<\/p>\n\n\n\n<p>Las\npol\u00edticas ambientales proponen desarrollar diferentes tendencias en vez de\ngenerar herramientas que permitan lograr una mejor relaci\u00f3n entre los\nciudadanos y el ambiente. <\/p>\n\n\n\n<p>A\ntrav\u00e9s de una mirada estrat\u00e9gica a corto, mediano y largo plazo, se deben\ndesarrollar los proyectos y programas, con el objetivo de <strong>preservar y mejorar la calidad ambiental<\/strong>\nde las distintas localidades, de acuerdo a las tendencias espec\u00edficas y\ngenerales del desarrollo sustentable.<\/p>\n\n\n\n<p>La\ntoma de conciencia, el cambio de h\u00e1bitos y el acceso a la informaci\u00f3n\nconstituyen la base para lograr una mejor calidad de vida. A fin de tener un pa\u00eds sustentable, se debe tener&nbsp; seguir\nciertos conceptos.<\/p>\n\n\n\n<p>La\nintenci\u00f3n de la humanidad para armonizar su relaci\u00f3n con el ecosistema del cual\nforma parte ha dado lugar a una\nnovedosa concepci\u00f3n, que tiende a promover el desarrollo en un marco de\ncredibilidad. <\/p>\n\n\n\n<p>Los\nseres humanos como parte integrante y esencial de un sistema &nbsp;requiere ser\nprotegido y utilizado con criterios razonables, a fin de posibilitar al acceso\n&nbsp;a los recursos. <\/p>\n\n\n\n<p>En\nel mundo actual no son suficientes los valores econ\u00f3micos para afrontar la realidad;\ntambi\u00e9n lo son los valores sociales, la igualdad y la protecci\u00f3n de la tierra.<\/p>\n\n\n\n<p>El\npuesto 74 de la Argentina en el \u00cdndice de Desempe\u00f1o Ambiental, elaborado por\nlas Universidades de Yale y Columbia de los Estados Unidos de Norteam\u00e9rica,\nrefleja el deficitario desempe\u00f1o de nuestro pa\u00eds en la materia.<\/p>\n\n\n\n<p>El\n\u00cdndice de Desempe\u00f1o Ambiental eval\u00faa la salud humana y el de los ecosistemas,\ncon el objetivo de determinar cu\u00e1n cerca est\u00e1n los pa\u00edses de alcanzar las metas\nestablecidas en los Objetivos de Desarrollo del Milenio, en las Naciones Unidas\ny en el Acuerdo Clim\u00e1tico de Par\u00eds.<\/p>\n\n\n\n<p>A\npartir del an\u00e1lisis de 24 indicadores, -que abarcan temas tales como el impacto\nde agua potable y saneamiento b\u00e1sico, la calidad del aire, los recursos\nh\u00eddricos, la contaminaci\u00f3n del aire en el ambiente, la biodiversidad y\n&nbsp;los recursos naturales m\u00e1s el cambio clim\u00e1tico- se confecciona un ranking\ny se publica, cada dos a\u00f1os, un \u00edndice que da visibilidad a los principales\nlogros, problemas y desaf\u00edos de los pa\u00edses.<\/p>\n\n\n\n<p>El\nobjetivo de estos estudios es&nbsp;brindar a los distintos Estados una\norientaci\u00f3n acerca de las pr\u00e1cticas razonables, que hoy se encuentran\namenazadas fundamentalmente\nla urbanizaci\u00f3n y la industrializaci\u00f3n.<\/p>\n\n\n\n<p><strong>La Argentina no tiene pol\u00edticas ambientales\ndefendibles y veros\u00edmiles en el tiempo. Reacciona por est\u00edmulos y all\u00ed fracasa.\nSe requiere una mayor y mejor institucionalidad republicana.<\/strong> Es un denominador com\u00fan de los\ngobiernos argentinos. Falta voluntad pol\u00edtica, pues existe mucho desinter\u00e9s del\ngobierno y de los funcionarios p\u00fablicos en relaci\u00f3n a estos temas.<\/p>\n\n\n\n<p>Muchas\nveces esta falta de coordinaci\u00f3n y de planificaci\u00f3n de las acciones\n&nbsp;gubernamental &nbsp;deriva de una total ineficacia en sus pol\u00edticas, y\n&nbsp;significa, en las cuestiones ambiente y de infraestructura, la necesidad\nde volver al principio. <\/p>\n\n\n\n<p>Por\nejemplo, las pocas veces que se&nbsp; establecieron medidas de\nanticontaminaci\u00f3n en los cursos de agua, se accion\u00f3 contra diversas empresas,\npero no se tiene en cuenta los basureros a cielo abierto -que siempre se\nencuentran a la vera de los r\u00edos- o se vierten l\u00edquidos cloacales sin\ntratamiento alguno, o simplemente se fugan efluentes con la complicidad de\nciertos funcionarios que se hacen los distra\u00eddos. Las pol\u00edticas ambientales,\nsobre todo aquellas dirigidas a frenar el da\u00f1o que causa la contaminaci\u00f3n,\ndeben ser a todo o nada, es decir, que si se emprende una campa\u00f1a no se pueden\ndejar fisuras o empezar por peque\u00f1eces. No sirve llevar los jardines de\ninfantes a juntar papelitos, mientras se deja que una poderosa industria desv\u00ede\nsu efluente contaminante de la planta de tratamiento. No es eficiente hacer un\nllamado a la adhesi\u00f3n voluntaria, a un plan de producci\u00f3n limpia, al que\nacudir\u00e1n los que siempre colaboran, pues aquellos a quienes la producci\u00f3n\nlimpia no les interesa seguir\u00e1n contaminando libremente.<\/p>\n\n\n\n<p>*Cristi\u00e1n\nFrers \u2013 T\u00e9cnico Superior en Gesti\u00f3n Ambiental y T\u00e9cnico Superior en\nComunicaci\u00f3n Social (Periodista).<\/p>\n","protected":false},"excerpt":{"rendered":"<p>Por Cristi\u00e1n Frers* \u2013 \u00abSiempre se postergo la discusi\u00f3n de los temas ambientales. Hoy ya no es posible. Argentina est\u00e1 &#8230; <a title=\"Desarrollando pol\u00edticas ambientales\" class=\"read-more\" href=\"https:\/\/www.hoymercedes.com.ar\/principal\/2019\/07\/31\/desarrollando-politicas-ambientales\/\" aria-label=\"Leer m\u00e1s sobre Desarrollando pol\u00edticas ambientales\">Leer m\u00e1s<\/a><\/p>\n","protected":false},"author":1,"featured_media":92271,"comment_status":"closed","ping_status":"open","sticky":false,"template":"","format":"standard","meta":{"_monsterinsights_skip_tracking":false,"_monsterinsights_sitenote_active":false,"_monsterinsights_sitenote_note":"","_monsterinsights_sitenote_category":0,"jetpack_post_was_ever_published":false,"_jetpack_newsletter_access":"","_jetpack_dont_email_post_to_subs":false,"_jetpack_newsletter_tier_id":0,"_jetpack_memberships_contains_paywalled_content":false,"_jetpack_memberships_contains_paid_content":false,"footnotes":"","jetpack_publicize_message":"","jetpack_publicize_feature_enabled":true,"jetpack_social_post_already_shared":true,"jetpack_social_options":{"image_generator_settings":{"template":"highway","default_image_id":0,"font":"","enabled":false},"version":2},"_wpas_customize_per_network":false},"categories":[1],"tags":[43,8748],"class_list":["post-97395","post","type-post","status-publish","format-standard","has-post-thumbnail","hentry","category-opinion","tag-medio-ambiente","tag-opinion","generate-columns","tablet-grid-50","mobile-grid-100","grid-parent","grid-50"],"jetpack_publicize_connections":[],"jetpack_featured_media_url":"https:\/\/www.hoymercedes.com.ar\/principal\/wp-content\/uploads\/2019\/05\/02-ambiente.jpg","wps_subtitle":"","jetpack_sharing_enabled":true,"_links":{"self":[{"href":"https:\/\/www.hoymercedes.com.ar\/principal\/wp-json\/wp\/v2\/posts\/97395","targetHints":{"allow":["GET"]}}],"collection":[{"href":"https:\/\/www.hoymercedes.com.ar\/principal\/wp-json\/wp\/v2\/posts"}],"about":[{"href":"https:\/\/www.hoymercedes.com.ar\/principal\/wp-json\/wp\/v2\/types\/post"}],"author":[{"embeddable":true,"href":"https:\/\/www.hoymercedes.com.ar\/principal\/wp-json\/wp\/v2\/users\/1"}],"replies":[{"embeddable":true,"href":"https:\/\/www.hoymercedes.com.ar\/principal\/wp-json\/wp\/v2\/comments?post=97395"}],"version-history":[{"count":0,"href":"https:\/\/www.hoymercedes.com.ar\/principal\/wp-json\/wp\/v2\/posts\/97395\/revisions"}],"wp:featuredmedia":[{"embeddable":true,"href":"https:\/\/www.hoymercedes.com.ar\/principal\/wp-json\/wp\/v2\/media\/92271"}],"wp:attachment":[{"href":"https:\/\/www.hoymercedes.com.ar\/principal\/wp-json\/wp\/v2\/media?parent=97395"}],"wp:term":[{"taxonomy":"category","embeddable":true,"href":"https:\/\/www.hoymercedes.com.ar\/principal\/wp-json\/wp\/v2\/categories?post=97395"},{"taxonomy":"post_tag","embeddable":true,"href":"https:\/\/www.hoymercedes.com.ar\/principal\/wp-json\/wp\/v2\/tags?post=97395"}],"curies":[{"name":"wp","href":"https:\/\/api.w.org\/{rel}","templated":true}]}}