{"id":97410,"date":"2019-07-31T00:12:42","date_gmt":"2019-07-31T03:12:42","guid":{"rendered":"http:\/\/www.hoymercedes.com.ar\/principal\/?p=97410"},"modified":"2019-07-30T23:28:15","modified_gmt":"2019-07-31T02:28:15","slug":"en-carcel-restauraron-otro-camion-de-bomberos","status":"publish","type":"post","link":"https:\/\/www.hoymercedes.com.ar\/principal\/2019\/07\/31\/en-carcel-restauraron-otro-camion-de-bomberos\/","title":{"rendered":"En c\u00e1rcel restauraron otro cami\u00f3n de Bomberos"},"content":{"rendered":"\n<p> En el marco de un acuerdo entre el Servicio Penitenciario Bonaerense y el cuerpo de Bomberos Voluntarios, los internos de la c\u00e1rcel de Mercedes restauraron otro autobomba tal como lo hicieron hace un a\u00f1o. En esta oportunidad los internos restauraron un veh\u00edculo del a\u00f1o 1957. <\/p>\n\n\n\n<figure class=\"wp-block-image\"><img loading=\"lazy\" decoding=\"async\" width=\"750\" height=\"750\" data-attachment-id=\"97411\" data-permalink=\"https:\/\/www.hoymercedes.com.ar\/principal\/2019\/07\/31\/en-carcel-restauraron-otro-camion-de-bomberos\/30-autobomba-carcel-3\/#main\" data-orig-file=\"https:\/\/www.hoymercedes.com.ar\/principal\/wp-content\/uploads\/2019\/07\/30-autobomba-carcel-3.jpg\" data-orig-size=\"750,750\" data-comments-opened=\"0\" data-image-meta=\"{&quot;aperture&quot;:&quot;0&quot;,&quot;credit&quot;:&quot;&quot;,&quot;camera&quot;:&quot;&quot;,&quot;caption&quot;:&quot;&quot;,&quot;created_timestamp&quot;:&quot;0&quot;,&quot;copyright&quot;:&quot;&quot;,&quot;focal_length&quot;:&quot;0&quot;,&quot;iso&quot;:&quot;0&quot;,&quot;shutter_speed&quot;:&quot;0&quot;,&quot;title&quot;:&quot;&quot;,&quot;orientation&quot;:&quot;0&quot;}\" data-image-title=\"30 autobomba carcel 3\" data-image-description=\"\" data-image-caption=\"\" data-large-file=\"https:\/\/www.hoymercedes.com.ar\/principal\/wp-content\/uploads\/2019\/07\/30-autobomba-carcel-3.jpg\" src=\"https:\/\/www.hoymercedes.com.ar\/principal\/wp-content\/uploads\/2019\/07\/30-autobomba-carcel-3.jpg\" alt=\"\" class=\"wp-image-97411\" srcset=\"https:\/\/www.hoymercedes.com.ar\/principal\/wp-content\/uploads\/2019\/07\/30-autobomba-carcel-3.jpg 750w, https:\/\/www.hoymercedes.com.ar\/principal\/wp-content\/uploads\/2019\/07\/30-autobomba-carcel-3-150x150.jpg 150w, https:\/\/www.hoymercedes.com.ar\/principal\/wp-content\/uploads\/2019\/07\/30-autobomba-carcel-3-620x620.jpg 620w, https:\/\/www.hoymercedes.com.ar\/principal\/wp-content\/uploads\/2019\/07\/30-autobomba-carcel-3-100x100.jpg 100w\" sizes=\"auto, (max-width: 750px) 100vw, 750px\" \/><\/figure>\n\n\n\n<p>En el marco de la capacitaci\u00f3n laboral y el servicio a la comunidad que realizan los internos de la Unidad Penitenciaria N\u00b0 5 de Mercedes durante los \u00faltimos meses restauraron un autobomba de los Bomberos Voluntarios de la ciudad que data del a\u00f1o 1957 y que estaba en el cuartel desde el &#8217;86. <\/p>\n\n\n\n<p>El Jefe del cuerpo activo Alfredo Ismael Gutierrez y el Segundo Jefe Mario Quaglia es hicieron presentes la semana pasada en la unidad penitenciaria para retirar el autobomba, un cami\u00f3n Man Metz, modelo 1957, el \u00fanico con escalera mec\u00e1nica, que fue restaurado en los talleres de chapa y pintura, mec\u00e1nica, tapicer\u00eda y carpinter\u00eda, por una decena de internos capacitados en esos oficios en el penal.<\/p>\n\n\n\n<p>\u201cLa autobomba que trajimos a la Unidad 5 del Servicio Penitenciario Bonaerense siempre estuvo operativa, pero se encontraba en mal estado, y nadie, afuera del penal, pod\u00eda hacer lo que hicieron en los talleres de esta c\u00e1rcel\u201d, cont\u00f3 el Jefe de Bomberos. <\/p>\n\n\n\n<figure class=\"wp-block-image\"><img loading=\"lazy\" decoding=\"async\" width=\"750\" height=\"563\" data-attachment-id=\"97412\" data-permalink=\"https:\/\/www.hoymercedes.com.ar\/principal\/2019\/07\/31\/en-carcel-restauraron-otro-camion-de-bomberos\/30-autobomba-carcel-1\/#main\" data-orig-file=\"https:\/\/www.hoymercedes.com.ar\/principal\/wp-content\/uploads\/2019\/07\/30-autobomba-carcel-1.jpg\" data-orig-size=\"750,563\" data-comments-opened=\"0\" data-image-meta=\"{&quot;aperture&quot;:&quot;0&quot;,&quot;credit&quot;:&quot;&quot;,&quot;camera&quot;:&quot;&quot;,&quot;caption&quot;:&quot;&quot;,&quot;created_timestamp&quot;:&quot;0&quot;,&quot;copyright&quot;:&quot;&quot;,&quot;focal_length&quot;:&quot;0&quot;,&quot;iso&quot;:&quot;0&quot;,&quot;shutter_speed&quot;:&quot;0&quot;,&quot;title&quot;:&quot;&quot;,&quot;orientation&quot;:&quot;0&quot;}\" data-image-title=\"30 autobomba carcel 1\" data-image-description=\"\" data-image-caption=\"\" data-large-file=\"https:\/\/www.hoymercedes.com.ar\/principal\/wp-content\/uploads\/2019\/07\/30-autobomba-carcel-1.jpg\" src=\"https:\/\/www.hoymercedes.com.ar\/principal\/wp-content\/uploads\/2019\/07\/30-autobomba-carcel-1.jpg\" alt=\"\" class=\"wp-image-97412\" srcset=\"https:\/\/www.hoymercedes.com.ar\/principal\/wp-content\/uploads\/2019\/07\/30-autobomba-carcel-1.jpg 750w, https:\/\/www.hoymercedes.com.ar\/principal\/wp-content\/uploads\/2019\/07\/30-autobomba-carcel-1-150x113.jpg 150w, https:\/\/www.hoymercedes.com.ar\/principal\/wp-content\/uploads\/2019\/07\/30-autobomba-carcel-1-630x473.jpg 630w, https:\/\/www.hoymercedes.com.ar\/principal\/wp-content\/uploads\/2019\/07\/30-autobomba-carcel-1-320x240.jpg 320w, https:\/\/www.hoymercedes.com.ar\/principal\/wp-content\/uploads\/2019\/07\/30-autobomba-carcel-1-100x75.jpg 100w\" sizes=\"auto, (max-width: 750px) 100vw, 750px\" \/><\/figure>\n\n\n\n<p>Junto a \u00e9l estaba el Ministro de Justicia de la provincia de Buenos Aires, Gustavo Ferrari que destac\u00f3 los \u00abdeslumbrante\u00bb que hab\u00eda quedado el autobomba. \u00abHan hecho un trabajo maravilloso. Es todo m\u00e9rito de los internos que pusieron su dedicaci\u00f3n y conocimientos para que este m\u00f3vil vuelva a estar al servicio de los mercedinos\u201d, agreg\u00f3 Ferrari.<\/p>\n\n\n\n<p>El cami\u00f3n marca Man Metz, modelo 1957, fue donado al Cuartel de Bomberos de Mercedes en 1986 por el gobierno bonaerense. Para eso, los internos se capacitaron en distintos cursos que se brindaron dentro del establecimiento penitenciario, como chapa, pintura y tapicer\u00eda.<\/p>\n\n\n\n<p>En el acto de entrega del Man Metz estuvieron el Jefe del Complejo Penitenciario Norte, Marcelo Dusantos, el Subdirector General de Trabajo del SPB, Daniel Mujica y el director de la Unidad 5 Mercedes, Pablo Gregorini, entre otras importantes autoridades.<\/p>\n\n\n\n<figure class=\"wp-block-image\"><img loading=\"lazy\" decoding=\"async\" width=\"750\" height=\"500\" data-attachment-id=\"97413\" data-permalink=\"https:\/\/www.hoymercedes.com.ar\/principal\/2019\/07\/31\/en-carcel-restauraron-otro-camion-de-bomberos\/30-autobomba-carcel-2\/#main\" data-orig-file=\"https:\/\/www.hoymercedes.com.ar\/principal\/wp-content\/uploads\/2019\/07\/30-autobomba-carcel-2.jpg\" data-orig-size=\"750,500\" data-comments-opened=\"0\" data-image-meta=\"{&quot;aperture&quot;:&quot;0&quot;,&quot;credit&quot;:&quot;&quot;,&quot;camera&quot;:&quot;&quot;,&quot;caption&quot;:&quot;&quot;,&quot;created_timestamp&quot;:&quot;0&quot;,&quot;copyright&quot;:&quot;&quot;,&quot;focal_length&quot;:&quot;0&quot;,&quot;iso&quot;:&quot;0&quot;,&quot;shutter_speed&quot;:&quot;0&quot;,&quot;title&quot;:&quot;&quot;,&quot;orientation&quot;:&quot;0&quot;}\" data-image-title=\"30 autobomba carcel 2\" data-image-description=\"\" data-image-caption=\"\" data-large-file=\"https:\/\/www.hoymercedes.com.ar\/principal\/wp-content\/uploads\/2019\/07\/30-autobomba-carcel-2.jpg\" src=\"https:\/\/www.hoymercedes.com.ar\/principal\/wp-content\/uploads\/2019\/07\/30-autobomba-carcel-2.jpg\" alt=\"\" class=\"wp-image-97413\" srcset=\"https:\/\/www.hoymercedes.com.ar\/principal\/wp-content\/uploads\/2019\/07\/30-autobomba-carcel-2.jpg 750w, https:\/\/www.hoymercedes.com.ar\/principal\/wp-content\/uploads\/2019\/07\/30-autobomba-carcel-2-150x100.jpg 150w, https:\/\/www.hoymercedes.com.ar\/principal\/wp-content\/uploads\/2019\/07\/30-autobomba-carcel-2-630x420.jpg 630w, https:\/\/www.hoymercedes.com.ar\/principal\/wp-content\/uploads\/2019\/07\/30-autobomba-carcel-2-720x480.jpg 720w, https:\/\/www.hoymercedes.com.ar\/principal\/wp-content\/uploads\/2019\/07\/30-autobomba-carcel-2-360x240.jpg 360w\" sizes=\"auto, (max-width: 750px) 100vw, 750px\" \/><\/figure>\n","protected":false},"excerpt":{"rendered":"<p>En el marco de un acuerdo entre el Servicio Penitenciario Bonaerense y el cuerpo de Bomberos Voluntarios, los internos de &#8230; <a title=\"En c\u00e1rcel restauraron otro cami\u00f3n de Bomberos\" class=\"read-more\" href=\"https:\/\/www.hoymercedes.com.ar\/principal\/2019\/07\/31\/en-carcel-restauraron-otro-camion-de-bomberos\/\" aria-label=\"Leer m\u00e1s sobre En c\u00e1rcel restauraron otro cami\u00f3n de Bomberos\">Leer m\u00e1s<\/a><\/p>\n","protected":false},"author":1,"featured_media":97413,"comment_status":"closed","ping_status":"open","sticky":false,"template":"","format":"standard","meta":{"_monsterinsights_skip_tracking":false,"_monsterinsights_sitenote_active":false,"_monsterinsights_sitenote_note":"","_monsterinsights_sitenote_category":0,"jetpack_post_was_ever_published":false,"_jetpack_newsletter_access":"","_jetpack_dont_email_post_to_subs":false,"_jetpack_newsletter_tier_id":0,"_jetpack_memberships_contains_paywalled_content":false,"_jetpack_memberships_contains_paid_content":false,"footnotes":"","jetpack_publicize_message":"","jetpack_publicize_feature_enabled":true,"jetpack_social_post_already_shared":true,"jetpack_social_options":{"image_generator_settings":{"template":"highway","default_image_id":0,"font":"","enabled":false},"version":2},"_wpas_customize_per_network":false},"categories":[8881],"tags":[865,1011,15570,11738],"class_list":["post-97410","post","type-post","status-publish","format-standard","has-post-thumbnail","hentry","category-provincia","tag-bomberos-voluntarios","tag-carcel","tag-restauracion-de-autbomba","tag-unidad-penitenciaria-n-5","generate-columns","tablet-grid-50","mobile-grid-100","grid-parent","grid-50"],"jetpack_publicize_connections":[],"jetpack_featured_media_url":"https:\/\/www.hoymercedes.com.ar\/principal\/wp-content\/uploads\/2019\/07\/30-autobomba-carcel-2.jpg","wps_subtitle":"Entregado el viernes pasado","jetpack_sharing_enabled":true,"_links":{"self":[{"href":"https:\/\/www.hoymercedes.com.ar\/principal\/wp-json\/wp\/v2\/posts\/97410","targetHints":{"allow":["GET"]}}],"collection":[{"href":"https:\/\/www.hoymercedes.com.ar\/principal\/wp-json\/wp\/v2\/posts"}],"about":[{"href":"https:\/\/www.hoymercedes.com.ar\/principal\/wp-json\/wp\/v2\/types\/post"}],"author":[{"embeddable":true,"href":"https:\/\/www.hoymercedes.com.ar\/principal\/wp-json\/wp\/v2\/users\/1"}],"replies":[{"embeddable":true,"href":"https:\/\/www.hoymercedes.com.ar\/principal\/wp-json\/wp\/v2\/comments?post=97410"}],"version-history":[{"count":0,"href":"https:\/\/www.hoymercedes.com.ar\/principal\/wp-json\/wp\/v2\/posts\/97410\/revisions"}],"wp:featuredmedia":[{"embeddable":true,"href":"https:\/\/www.hoymercedes.com.ar\/principal\/wp-json\/wp\/v2\/media\/97413"}],"wp:attachment":[{"href":"https:\/\/www.hoymercedes.com.ar\/principal\/wp-json\/wp\/v2\/media?parent=97410"}],"wp:term":[{"taxonomy":"category","embeddable":true,"href":"https:\/\/www.hoymercedes.com.ar\/principal\/wp-json\/wp\/v2\/categories?post=97410"},{"taxonomy":"post_tag","embeddable":true,"href":"https:\/\/www.hoymercedes.com.ar\/principal\/wp-json\/wp\/v2\/tags?post=97410"}],"curies":[{"name":"wp","href":"https:\/\/api.w.org\/{rel}","templated":true}]}}