{"id":97420,"date":"2019-07-31T09:51:35","date_gmt":"2019-07-31T12:51:35","guid":{"rendered":"http:\/\/www.hoymercedes.com.ar\/principal\/?p=97420"},"modified":"2019-07-30T23:57:22","modified_gmt":"2019-07-31T02:57:22","slug":"miercoles-con-doble-funcion-de-teatro-infantil","status":"publish","type":"post","link":"https:\/\/www.hoymercedes.com.ar\/principal\/2019\/07\/31\/miercoles-con-doble-funcion-de-teatro-infantil\/","title":{"rendered":"Mi\u00e9rcoles con doble funci\u00f3n de teatro infantil"},"content":{"rendered":"\n<p><em>A las 14:30 y a las 16:30 de este mi\u00e9rcoles 31, el elenco de Compa\u00f1\u00eda del Rev\u00e9s de Haedo presentar\u00e1 dos propuestas teatrales: \u00abLa incre\u00edble historia del traje invisible\u00bb y \u00abDulcinea, locura quijotesca\u00bb. En el C.C. Teatro Argentino Julio C. Gioscio, las entradas son libres y gratuitas.\u00a0\u00a0 <\/em><\/p>\n\n\n\n<figure class=\"wp-block-image\"><img loading=\"lazy\" decoding=\"async\" width=\"720\" height=\"479\" data-attachment-id=\"97421\" data-permalink=\"https:\/\/www.hoymercedes.com.ar\/principal\/2019\/07\/31\/miercoles-con-doble-funcion-de-teatro-infantil\/teatro-haedo-1\/#main\" data-orig-file=\"https:\/\/www.hoymercedes.com.ar\/principal\/wp-content\/uploads\/2019\/07\/teatro-haedo-1.jpg\" data-orig-size=\"720,479\" data-comments-opened=\"0\" data-image-meta=\"{&quot;aperture&quot;:&quot;0&quot;,&quot;credit&quot;:&quot;&quot;,&quot;camera&quot;:&quot;&quot;,&quot;caption&quot;:&quot;&quot;,&quot;created_timestamp&quot;:&quot;0&quot;,&quot;copyright&quot;:&quot;&quot;,&quot;focal_length&quot;:&quot;0&quot;,&quot;iso&quot;:&quot;0&quot;,&quot;shutter_speed&quot;:&quot;0&quot;,&quot;title&quot;:&quot;&quot;,&quot;orientation&quot;:&quot;0&quot;}\" data-image-title=\"teatro haedo 1\" data-image-description=\"\" data-image-caption=\"\" data-large-file=\"https:\/\/www.hoymercedes.com.ar\/principal\/wp-content\/uploads\/2019\/07\/teatro-haedo-1.jpg\" src=\"https:\/\/www.hoymercedes.com.ar\/principal\/wp-content\/uploads\/2019\/07\/teatro-haedo-1.jpg\" alt=\"\" class=\"wp-image-97421\" srcset=\"https:\/\/www.hoymercedes.com.ar\/principal\/wp-content\/uploads\/2019\/07\/teatro-haedo-1.jpg 720w, https:\/\/www.hoymercedes.com.ar\/principal\/wp-content\/uploads\/2019\/07\/teatro-haedo-1-150x100.jpg 150w, https:\/\/www.hoymercedes.com.ar\/principal\/wp-content\/uploads\/2019\/07\/teatro-haedo-1-630x419.jpg 630w, https:\/\/www.hoymercedes.com.ar\/principal\/wp-content\/uploads\/2019\/07\/teatro-haedo-1-360x240.jpg 360w\" sizes=\"auto, (max-width: 720px) 100vw, 720px\" \/><\/figure>\n\n\n\n<p>Este mi\u00e9rcoles, \u00faltimo d\u00eda del\nmes, pero no as\u00ed de las vacaciones de invierno, la Compa\u00f1\u00eda del Rev\u00e9s llegar\u00e1 a\nMercedes con dos propuestas teatrales basadas en cl\u00e1sicos de la literatura\ninternacional. En la sala del Centro Cultural Teatro Argentino \u201cJulio C.\nGioscio\u201d presentar\u00e1n \u201cLa Incre\u00edble Historia del Traje Invisible\u201d y \u201cDulcinea,\nlocura quijotesca\u201d. <\/p>\n\n\n\n<p>&nbsp;La primera de las funciones, 14:30 horas, el\nelenco de seis actores de Haedo presentar\u00e1 \u00abLa incre\u00edble historia del\ntraje invisible\u00bb. Una versi\u00f3n del cuento de C. Andersen \u201cEl traje nuevo\ndel emperador\u201d que tambi\u00e9n se tom\u00f3 de cl\u00e1sicos de la literatura espa\u00f1ola. Este\nespect\u00e1culo con m\u00fasica en vivo traer\u00e1 risas a los presentes. <\/p>\n\n\n\n<p>Adem\u00e1s, la obra infantil fue\npremiada por la Asociaci\u00f3n de Teatristas Independientes para Ni\u00f1os y&nbsp; Adolescentes (ATINA) en las categor\u00edas\ndirecci\u00f3n y adaptaci\u00f3n y obtuvo una menci\u00f3n especial la labor destacada en el\na\u00f1o 2015.<\/p>\n\n\n\n<p>Un parte de horas m\u00e1s tarde, 16:30\nhoras, el mismo elenco presentar\u00e1 \u00abDulcinea, locura quijotesca\u00bb. Esta\nes una versi\u00f3n libre de Don Quijote de Miguel de Cervantes.&nbsp;Esta obras\ntambi\u00e9n fue distinguida en los premios ATINA pero de 2013. <\/p>\n\n\n\n<p>Compa\u00f1\u00eda del Rev\u00e9s es un grupo\nestable de teatro independiente de la localidad de Haedo. Desde hace 10 a\u00f1os\nviene realizando espect\u00e1culos para chicas, chicos y adolescentes. Siempre en la\nb\u00fasqueda de generar espect\u00e1culos con un sello propio: versiones de cl\u00e1sicos de\nla literatura y el teatro, obras con m\u00fasica original y el humor como forma de\ncomunicar.&nbsp;En la localidad bonaerense tienen un espacio propio que se\nllama El Galp\u00f3n de Haedo donde tambi\u00e9n presentan estas y otras obras en las que\ntrabajan durante todo el a\u00f1o. <\/p>\n\n\n\n<p>Las funciones est\u00e1n enmarcadas en las propuestas que la Direcci\u00f3n de Cultura del Municipio presenta tanto en el teatro municipal, como en los museos y en La Trocha. Se invita con entrada libre y gratuita a empleados y empleadas municipales.\u00a0<\/p>\n\n\n\n<figure class=\"wp-block-image\"><img loading=\"lazy\" decoding=\"async\" width=\"750\" height=\"500\" data-attachment-id=\"97418\" data-permalink=\"https:\/\/www.hoymercedes.com.ar\/principal\/2019\/07\/31\/tres-detenidos-por-comercializacion-de-estupefacientes-en-carmen-de-areco\/31-teatro-haedo\/#main\" data-orig-file=\"https:\/\/www.hoymercedes.com.ar\/principal\/wp-content\/uploads\/2019\/07\/31-teatro-haedo.jpg\" data-orig-size=\"750,500\" data-comments-opened=\"0\" data-image-meta=\"{&quot;aperture&quot;:&quot;0&quot;,&quot;credit&quot;:&quot;&quot;,&quot;camera&quot;:&quot;&quot;,&quot;caption&quot;:&quot;&quot;,&quot;created_timestamp&quot;:&quot;0&quot;,&quot;copyright&quot;:&quot;&quot;,&quot;focal_length&quot;:&quot;0&quot;,&quot;iso&quot;:&quot;0&quot;,&quot;shutter_speed&quot;:&quot;0&quot;,&quot;title&quot;:&quot;&quot;,&quot;orientation&quot;:&quot;1&quot;}\" data-image-title=\"31 teatro haedo\" data-image-description=\"\" data-image-caption=\"\" data-large-file=\"https:\/\/www.hoymercedes.com.ar\/principal\/wp-content\/uploads\/2019\/07\/31-teatro-haedo.jpg\" src=\"https:\/\/www.hoymercedes.com.ar\/principal\/wp-content\/uploads\/2019\/07\/31-teatro-haedo.jpg\" alt=\"\" class=\"wp-image-97418\" srcset=\"https:\/\/www.hoymercedes.com.ar\/principal\/wp-content\/uploads\/2019\/07\/31-teatro-haedo.jpg 750w, https:\/\/www.hoymercedes.com.ar\/principal\/wp-content\/uploads\/2019\/07\/31-teatro-haedo-150x100.jpg 150w, https:\/\/www.hoymercedes.com.ar\/principal\/wp-content\/uploads\/2019\/07\/31-teatro-haedo-630x420.jpg 630w, https:\/\/www.hoymercedes.com.ar\/principal\/wp-content\/uploads\/2019\/07\/31-teatro-haedo-720x480.jpg 720w, https:\/\/www.hoymercedes.com.ar\/principal\/wp-content\/uploads\/2019\/07\/31-teatro-haedo-360x240.jpg 360w\" sizes=\"auto, (max-width: 750px) 100vw, 750px\" \/><\/figure>\n","protected":false},"excerpt":{"rendered":"<p>A las 14:30 y a las 16:30 de este mi\u00e9rcoles 31, el elenco de Compa\u00f1\u00eda del Rev\u00e9s de Haedo presentar\u00e1 &#8230; <a title=\"Mi\u00e9rcoles con doble funci\u00f3n de teatro infantil\" class=\"read-more\" href=\"https:\/\/www.hoymercedes.com.ar\/principal\/2019\/07\/31\/miercoles-con-doble-funcion-de-teatro-infantil\/\" aria-label=\"Leer m\u00e1s sobre Mi\u00e9rcoles con doble funci\u00f3n de teatro infantil\">Leer m\u00e1s<\/a><\/p>\n","protected":false},"author":1,"featured_media":97418,"comment_status":"closed","ping_status":"open","sticky":false,"template":"","format":"standard","meta":{"_monsterinsights_skip_tracking":false,"_monsterinsights_sitenote_active":false,"_monsterinsights_sitenote_note":"","_monsterinsights_sitenote_category":0,"jetpack_post_was_ever_published":false,"_jetpack_newsletter_access":"","_jetpack_dont_email_post_to_subs":false,"_jetpack_newsletter_tier_id":0,"_jetpack_memberships_contains_paywalled_content":false,"_jetpack_memberships_contains_paid_content":false,"footnotes":"","jetpack_publicize_message":"","jetpack_publicize_feature_enabled":true,"jetpack_social_post_already_shared":true,"jetpack_social_options":{"image_generator_settings":{"template":"highway","default_image_id":0,"font":"","enabled":false},"version":2},"_wpas_customize_per_network":false},"categories":[104],"tags":[7805,3147,11579,7629],"class_list":["post-97420","post","type-post","status-publish","format-standard","has-post-thumbnail","hentry","category-cultura","tag-cultura","tag-teatro-argentino","tag-teatro-infantil","tag-vacaciones-de-invierno","generate-columns","tablet-grid-50","mobile-grid-100","grid-parent","grid-50"],"jetpack_publicize_connections":[],"jetpack_featured_media_url":"https:\/\/www.hoymercedes.com.ar\/principal\/wp-content\/uploads\/2019\/07\/31-teatro-haedo.jpg","wps_subtitle":"En el Teatro Argentino","jetpack_sharing_enabled":true,"_links":{"self":[{"href":"https:\/\/www.hoymercedes.com.ar\/principal\/wp-json\/wp\/v2\/posts\/97420","targetHints":{"allow":["GET"]}}],"collection":[{"href":"https:\/\/www.hoymercedes.com.ar\/principal\/wp-json\/wp\/v2\/posts"}],"about":[{"href":"https:\/\/www.hoymercedes.com.ar\/principal\/wp-json\/wp\/v2\/types\/post"}],"author":[{"embeddable":true,"href":"https:\/\/www.hoymercedes.com.ar\/principal\/wp-json\/wp\/v2\/users\/1"}],"replies":[{"embeddable":true,"href":"https:\/\/www.hoymercedes.com.ar\/principal\/wp-json\/wp\/v2\/comments?post=97420"}],"version-history":[{"count":0,"href":"https:\/\/www.hoymercedes.com.ar\/principal\/wp-json\/wp\/v2\/posts\/97420\/revisions"}],"wp:featuredmedia":[{"embeddable":true,"href":"https:\/\/www.hoymercedes.com.ar\/principal\/wp-json\/wp\/v2\/media\/97418"}],"wp:attachment":[{"href":"https:\/\/www.hoymercedes.com.ar\/principal\/wp-json\/wp\/v2\/media?parent=97420"}],"wp:term":[{"taxonomy":"category","embeddable":true,"href":"https:\/\/www.hoymercedes.com.ar\/principal\/wp-json\/wp\/v2\/categories?post=97420"},{"taxonomy":"post_tag","embeddable":true,"href":"https:\/\/www.hoymercedes.com.ar\/principal\/wp-json\/wp\/v2\/tags?post=97420"}],"curies":[{"name":"wp","href":"https:\/\/api.w.org\/{rel}","templated":true}]}}