{"id":97433,"date":"2019-07-31T20:30:33","date_gmt":"2019-07-31T23:30:33","guid":{"rendered":"http:\/\/www.hoymercedes.com.ar\/principal\/?p=97433"},"modified":"2019-07-31T20:53:37","modified_gmt":"2019-07-31T23:53:37","slug":"municipio-y-martilleros-reunidos-por-el-proyecto-de-zonificacion","status":"publish","type":"post","link":"https:\/\/www.hoymercedes.com.ar\/principal\/2019\/07\/31\/municipio-y-martilleros-reunidos-por-el-proyecto-de-zonificacion\/","title":{"rendered":"Municipio y Martilleros reunidos por el proyecto de zonificaci\u00f3n"},"content":{"rendered":"\n<p>A trav\u00e9s de un desayuno, el Municipio a trav\u00e9s del Intendente Municipal Juan Ignacio Ustarroz y el Colegio de Martilleros mantuvieron una reuni\u00f3n que tuvo como fin plantear dos temas que le ata\u00f1en a ambas partes. Por un lado, se marc\u00f3 necesidades y acuerdos para una nueva ordenanza de zonificaci\u00f3n que considere el crecimiento inmobiliario y el resguardo del patrimonio arquitect\u00f3nico, y por el otro, la preocupaci\u00f3n de los martilleros ante el posible arribo de franquicias de inmobiliarias internacionales. <\/p>\n\n\n\n<figure class=\"wp-block-image\"><img loading=\"lazy\" decoding=\"async\" width=\"750\" height=\"500\" data-attachment-id=\"97434\" data-permalink=\"https:\/\/www.hoymercedes.com.ar\/principal\/2019\/07\/31\/municipio-y-martilleros-reunidos-por-el-proyecto-de-zonificacion\/31-martilleros\/#main\" data-orig-file=\"https:\/\/www.hoymercedes.com.ar\/principal\/wp-content\/uploads\/2019\/07\/31-martilleros.jpg\" data-orig-size=\"750,500\" data-comments-opened=\"0\" data-image-meta=\"{&quot;aperture&quot;:&quot;2&quot;,&quot;credit&quot;:&quot;&quot;,&quot;camera&quot;:&quot;Moto G (5S) Plus&quot;,&quot;caption&quot;:&quot;&quot;,&quot;created_timestamp&quot;:&quot;1564481199&quot;,&quot;copyright&quot;:&quot;&quot;,&quot;focal_length&quot;:&quot;3.59&quot;,&quot;iso&quot;:&quot;129&quot;,&quot;shutter_speed&quot;:&quot;0.033333333333333&quot;,&quot;title&quot;:&quot;&quot;,&quot;orientation&quot;:&quot;1&quot;}\" data-image-title=\"31 martilleros\" data-image-description=\"\" data-image-caption=\"\" data-large-file=\"https:\/\/www.hoymercedes.com.ar\/principal\/wp-content\/uploads\/2019\/07\/31-martilleros.jpg\" src=\"https:\/\/www.hoymercedes.com.ar\/principal\/wp-content\/uploads\/2019\/07\/31-martilleros.jpg\" alt=\"\" class=\"wp-image-97434\" srcset=\"https:\/\/www.hoymercedes.com.ar\/principal\/wp-content\/uploads\/2019\/07\/31-martilleros.jpg 750w, https:\/\/www.hoymercedes.com.ar\/principal\/wp-content\/uploads\/2019\/07\/31-martilleros-150x100.jpg 150w, https:\/\/www.hoymercedes.com.ar\/principal\/wp-content\/uploads\/2019\/07\/31-martilleros-630x420.jpg 630w, https:\/\/www.hoymercedes.com.ar\/principal\/wp-content\/uploads\/2019\/07\/31-martilleros-720x480.jpg 720w, https:\/\/www.hoymercedes.com.ar\/principal\/wp-content\/uploads\/2019\/07\/31-martilleros-360x240.jpg 360w\" sizes=\"auto, (max-width: 750px) 100vw, 750px\" \/><\/figure>\n\n\n\n<p>Terminado el encuentro, el Jefe Comunal y el titular del Colegio de Martilleros, Luis Colao dialogaron con los medios para comentar lo trabajado con antelaci\u00f3n. \u00abDe nuestra parte qued\u00f3 el compromiso de darle un cierre al proyecto de ordenanza de zonificaci\u00f3n. Teniendo en cuenta los estudios que hicimos sobre los servicios p\u00fablicos\u00bb, expres\u00f3 Ustarroz.<\/p>\n\n\n\n<p>Por su parte, Colao destac\u00f3 que \u00abel proyecto de zonificaci\u00f3n es muy bueno y consideramos que es altamente positivo por eso estamos bregando porque esto se apruebe\u201d. A su vez, explic\u00f3 desde el Colegio enfatizan en el crecimiento inmobiliario en zonas cercanas al centro haciendo referencia a la construcci\u00f3n de edificios principalmente sobre la Avenida 17. Crecimiento, que por otra parte, podr\u00edan hacer que el Municipio considere la necesidad de que esas construcciones tengan biodigestores que beneficien los servicios p\u00fablicos de la comuna. <\/p>\n\n\n\n<p>Asimismo, destac\u00f3 la preocupaci\u00f3n de los profesionales por la posible llegada de una inmobiliaria de renombre internacional a trav\u00e9s de una franquicia que perjudicar\u00eda a los martilleros, pese a que la cantidad de inmobiliarias locales est\u00e1n en crecimiento. <\/p>\n","protected":false},"excerpt":{"rendered":"<p>A trav\u00e9s de un desayuno, el Municipio a trav\u00e9s del Intendente Municipal Juan Ignacio Ustarroz y el Colegio de Martilleros &#8230; <a title=\"Municipio y Martilleros reunidos por el proyecto de zonificaci\u00f3n\" class=\"read-more\" href=\"https:\/\/www.hoymercedes.com.ar\/principal\/2019\/07\/31\/municipio-y-martilleros-reunidos-por-el-proyecto-de-zonificacion\/\" aria-label=\"Leer m\u00e1s sobre Municipio y Martilleros reunidos por el proyecto de zonificaci\u00f3n\">Leer m\u00e1s<\/a><\/p>\n","protected":false},"author":1,"featured_media":97434,"comment_status":"closed","ping_status":"open","sticky":false,"template":"","format":"standard","meta":{"_monsterinsights_skip_tracking":false,"_monsterinsights_sitenote_active":false,"_monsterinsights_sitenote_note":"","_monsterinsights_sitenote_category":0,"jetpack_post_was_ever_published":false,"_jetpack_newsletter_access":"","_jetpack_dont_email_post_to_subs":false,"_jetpack_newsletter_tier_id":0,"_jetpack_memberships_contains_paywalled_content":false,"_jetpack_memberships_contains_paid_content":false,"footnotes":"","jetpack_publicize_message":"","jetpack_publicize_feature_enabled":true,"jetpack_social_post_already_shared":true,"jetpack_social_options":{"image_generator_settings":{"template":"highway","default_image_id":0,"font":"","enabled":false},"version":2},"_wpas_customize_per_network":false},"categories":[30],"tags":[9202,244,12605],"class_list":["post-97433","post","type-post","status-publish","format-standard","has-post-thumbnail","hentry","category-municipio","tag-colegio-de-martilleros","tag-municipio-2","tag-ordenanza-de-zonificacion","generate-columns","tablet-grid-50","mobile-grid-100","grid-parent","grid-50"],"jetpack_publicize_connections":[],"jetpack_featured_media_url":"https:\/\/www.hoymercedes.com.ar\/principal\/wp-content\/uploads\/2019\/07\/31-martilleros.jpg","wps_subtitle":"","jetpack_sharing_enabled":true,"_links":{"self":[{"href":"https:\/\/www.hoymercedes.com.ar\/principal\/wp-json\/wp\/v2\/posts\/97433","targetHints":{"allow":["GET"]}}],"collection":[{"href":"https:\/\/www.hoymercedes.com.ar\/principal\/wp-json\/wp\/v2\/posts"}],"about":[{"href":"https:\/\/www.hoymercedes.com.ar\/principal\/wp-json\/wp\/v2\/types\/post"}],"author":[{"embeddable":true,"href":"https:\/\/www.hoymercedes.com.ar\/principal\/wp-json\/wp\/v2\/users\/1"}],"replies":[{"embeddable":true,"href":"https:\/\/www.hoymercedes.com.ar\/principal\/wp-json\/wp\/v2\/comments?post=97433"}],"version-history":[{"count":0,"href":"https:\/\/www.hoymercedes.com.ar\/principal\/wp-json\/wp\/v2\/posts\/97433\/revisions"}],"wp:featuredmedia":[{"embeddable":true,"href":"https:\/\/www.hoymercedes.com.ar\/principal\/wp-json\/wp\/v2\/media\/97434"}],"wp:attachment":[{"href":"https:\/\/www.hoymercedes.com.ar\/principal\/wp-json\/wp\/v2\/media?parent=97433"}],"wp:term":[{"taxonomy":"category","embeddable":true,"href":"https:\/\/www.hoymercedes.com.ar\/principal\/wp-json\/wp\/v2\/categories?post=97433"},{"taxonomy":"post_tag","embeddable":true,"href":"https:\/\/www.hoymercedes.com.ar\/principal\/wp-json\/wp\/v2\/tags?post=97433"}],"curies":[{"name":"wp","href":"https:\/\/api.w.org\/{rel}","templated":true}]}}