{"id":97436,"date":"2019-08-01T08:07:03","date_gmt":"2019-08-01T11:07:03","guid":{"rendered":"http:\/\/www.hoymercedes.com.ar\/principal\/?p=97436"},"modified":"2019-07-31T21:23:26","modified_gmt":"2019-08-01T00:23:26","slug":"la-comedia-municipal-comenzo-a-ensayar-obra-dirigida-por-jorge-naipauer","status":"publish","type":"post","link":"https:\/\/www.hoymercedes.com.ar\/principal\/2019\/08\/01\/la-comedia-municipal-comenzo-a-ensayar-obra-dirigida-por-jorge-naipauer\/","title":{"rendered":"La Comedia Municipal comenz\u00f3 a ensayar obra dirigida por Jorge Naipauer"},"content":{"rendered":"\n<p>Por TeCleArte &#8211; <em>Nueve actores y actrices de la ciudad fueron seleccionados y est\u00e1n preparando la obra \u201cSangre, sudor y cacerola\u201d. No se confirm\u00f3 a\u00fan la fecha de estreno. <\/em><\/p>\n\n\n\n<figure class=\"wp-block-image\"><img loading=\"lazy\" decoding=\"async\" width=\"750\" height=\"563\" data-attachment-id=\"97437\" data-permalink=\"https:\/\/www.hoymercedes.com.ar\/principal\/2019\/08\/01\/la-comedia-municipal-comenzo-a-ensayar-obra-dirigida-por-jorge-naipauer\/01-comedia-municipal\/#main\" data-orig-file=\"https:\/\/www.hoymercedes.com.ar\/principal\/wp-content\/uploads\/2019\/07\/01-Comedia-Municipal.jpg\" data-orig-size=\"750,563\" data-comments-opened=\"0\" data-image-meta=\"{&quot;aperture&quot;:&quot;0&quot;,&quot;credit&quot;:&quot;&quot;,&quot;camera&quot;:&quot;&quot;,&quot;caption&quot;:&quot;&quot;,&quot;created_timestamp&quot;:&quot;0&quot;,&quot;copyright&quot;:&quot;&quot;,&quot;focal_length&quot;:&quot;0&quot;,&quot;iso&quot;:&quot;0&quot;,&quot;shutter_speed&quot;:&quot;0&quot;,&quot;title&quot;:&quot;&quot;,&quot;orientation&quot;:&quot;0&quot;}\" data-image-title=\"01 Comedia Municipal\" data-image-description=\"\" data-image-caption=\"\" data-large-file=\"https:\/\/www.hoymercedes.com.ar\/principal\/wp-content\/uploads\/2019\/07\/01-Comedia-Municipal.jpg\" src=\"https:\/\/www.hoymercedes.com.ar\/principal\/wp-content\/uploads\/2019\/07\/01-Comedia-Municipal.jpg\" alt=\"\" class=\"wp-image-97437\" srcset=\"https:\/\/www.hoymercedes.com.ar\/principal\/wp-content\/uploads\/2019\/07\/01-Comedia-Municipal.jpg 750w, https:\/\/www.hoymercedes.com.ar\/principal\/wp-content\/uploads\/2019\/07\/01-Comedia-Municipal-150x113.jpg 150w, https:\/\/www.hoymercedes.com.ar\/principal\/wp-content\/uploads\/2019\/07\/01-Comedia-Municipal-630x473.jpg 630w, https:\/\/www.hoymercedes.com.ar\/principal\/wp-content\/uploads\/2019\/07\/01-Comedia-Municipal-320x240.jpg 320w, https:\/\/www.hoymercedes.com.ar\/principal\/wp-content\/uploads\/2019\/07\/01-Comedia-Municipal-100x75.jpg 100w\" sizes=\"auto, (max-width: 750px) 100vw, 750px\" \/><\/figure>\n\n\n\n<p>Tras el casting que se realiz\u00f3 los primeros d\u00edas de julio de\nla Comedia Municipal de Teatro \u201cRa\u00fal Bustos Berrondo\u201d, el director teatral\nJorge Naipauer, a cargo de la obra a presentar la puesta en escena de 2019,\nconfirm\u00f3 a trav\u00e9s de sus redes sociales qui\u00e9nes fueron los seleccionados que ya\narrancaron a ensayar la obra \u201cSangre, sudor y cacerola\u201d en vistas a estrenarse\nantes de fin de a\u00f1o. <\/p>\n\n\n\n<p>Las audiciones realizadas del 2 al 4 de julio pasado,\nsignificaron para el director Jorge Naipauer un exhaustivo trabajo de selecci\u00f3n\nde actores y actrices. Fueron tres d\u00edas de ver y analizar qui\u00e9nes de los\npostulantes se ajustaban a los papeles de la obra de Naipauer. D\u00edas atr\u00e1s, la\nDirecci\u00f3n de Cultura dio a conocer el elenco que subir\u00e1 al escenario a\ninterpretar la obra de creaci\u00f3n colectiva titulada \u201cSangre, sudor y cacerola\u201d<\/p>\n\n\n\n<p>Los seleccionados para integrar el elenco son: Delfina\nCanessa, Marina Cabral, Gabriel Alfons\u00edn, Cristina Lamothe, Gustavo Tonatto,\nNahir Duarte, Mercedes Barandari\u00e1n, Nancy Ciovini y Eduardo Romero. En tanto,\nla asistencia de direcci\u00f3n estar\u00e1 a cargo de Vanesa Aschero y la escenograf\u00eda\npor Costanza C\u00e1rdenas. Todos bajo la direcci\u00f3n de Jorge Naipauer.<\/p>\n\n\n\n<p>Naipauer, como fundador del grupo de teatro PIT (Peque\u00f1o\nTeatro Independiente) comenz\u00f3 su trayectoria en los \u201980 y continu\u00f3 su trabajo\nen los \u201990 donde supo dirigir elencos juveniles. Regres\u00f3 al teatro hace seis\na\u00f1os dando talleres. En los \u00faltimos a\u00f1os dirigi\u00f3 una de las tramas, la \u00faltima\nde cada funci\u00f3n, presentadas en el Museo de Arte en donde se un\u00eda el teatro, la\nliteratura y la pintura, dirigi\u00f3 la puesta en escena sobre violencia de g\u00e9nero\nen SABA y un ciclo de teatro breve en el centro cultura La Gotera. <\/p>\n\n\n\n<p>En 2019, la Direcci\u00f3n de Cultura convoca a Jorge Naipauer\npara que inicie la puesta en escena de un trabajo colectivo con la Comedia\nMunicipal \u201cRa\u00fal Bustos Berrondo\u201d. As\u00ed es como se inicia la convocatoria para el\nelenco que antes de fin de a\u00f1o subir\u00e1 al escenario con el estreno de la obra\nque comenzaron a ensayar. <\/p>\n\n\n\n<p>Cabe recordar que la Comedia Municipal \u201cRa\u00fal Bustos\nBerrondo\u201d se reactiv\u00f3 despu\u00e9s de varios a\u00f1os en 2015 con la \u201cCasa de Bernarda\nAlba\u201d, dos a\u00f1os despu\u00e9s se convoc\u00f3 nuevamente a actores y actrices para\nconformar cuatro elencos para que cuatro directores diferentes pongan en escena\ndistintas propuestas. Para este 2019 vuelve al esquema tradicional, con una\nsola obra teatral que no tiene confirmada la fecha de estreno. <\/p>\n","protected":false},"excerpt":{"rendered":"<p>Por TeCleArte &#8211; Nueve actores y actrices de la ciudad fueron seleccionados y est\u00e1n preparando la obra \u201cSangre, sudor y &#8230; <a title=\"La Comedia Municipal comenz\u00f3 a ensayar obra dirigida por Jorge Naipauer\" class=\"read-more\" href=\"https:\/\/www.hoymercedes.com.ar\/principal\/2019\/08\/01\/la-comedia-municipal-comenzo-a-ensayar-obra-dirigida-por-jorge-naipauer\/\" aria-label=\"Leer m\u00e1s sobre La Comedia Municipal comenz\u00f3 a ensayar obra dirigida por Jorge Naipauer\">Leer m\u00e1s<\/a><\/p>\n","protected":false},"author":1,"featured_media":97437,"comment_status":"closed","ping_status":"open","sticky":false,"template":"","format":"standard","meta":{"_monsterinsights_skip_tracking":false,"_monsterinsights_sitenote_active":false,"_monsterinsights_sitenote_note":"","_monsterinsights_sitenote_category":0,"jetpack_post_was_ever_published":false,"_jetpack_newsletter_access":"","_jetpack_dont_email_post_to_subs":false,"_jetpack_newsletter_tier_id":0,"_jetpack_memberships_contains_paywalled_content":false,"_jetpack_memberships_contains_paid_content":false,"footnotes":"","jetpack_publicize_message":"","jetpack_publicize_feature_enabled":true,"jetpack_social_post_already_shared":true,"jetpack_social_options":{"image_generator_settings":{"template":"highway","default_image_id":0,"font":"","enabled":false},"version":2},"_wpas_customize_per_network":false},"categories":[104],"tags":[10846,7805,15571,9611,1180],"class_list":["post-97436","post","type-post","status-publish","format-standard","has-post-thumbnail","hentry","category-cultura","tag-comedia-municipal","tag-cultura","tag-elenco","tag-ensayo","tag-teatro","generate-columns","tablet-grid-50","mobile-grid-100","grid-parent","grid-50"],"jetpack_publicize_connections":[],"jetpack_featured_media_url":"https:\/\/www.hoymercedes.com.ar\/principal\/wp-content\/uploads\/2019\/07\/01-Comedia-Municipal.jpg","wps_subtitle":"Con el elenco seleccionado","jetpack_sharing_enabled":true,"_links":{"self":[{"href":"https:\/\/www.hoymercedes.com.ar\/principal\/wp-json\/wp\/v2\/posts\/97436","targetHints":{"allow":["GET"]}}],"collection":[{"href":"https:\/\/www.hoymercedes.com.ar\/principal\/wp-json\/wp\/v2\/posts"}],"about":[{"href":"https:\/\/www.hoymercedes.com.ar\/principal\/wp-json\/wp\/v2\/types\/post"}],"author":[{"embeddable":true,"href":"https:\/\/www.hoymercedes.com.ar\/principal\/wp-json\/wp\/v2\/users\/1"}],"replies":[{"embeddable":true,"href":"https:\/\/www.hoymercedes.com.ar\/principal\/wp-json\/wp\/v2\/comments?post=97436"}],"version-history":[{"count":0,"href":"https:\/\/www.hoymercedes.com.ar\/principal\/wp-json\/wp\/v2\/posts\/97436\/revisions"}],"wp:featuredmedia":[{"embeddable":true,"href":"https:\/\/www.hoymercedes.com.ar\/principal\/wp-json\/wp\/v2\/media\/97437"}],"wp:attachment":[{"href":"https:\/\/www.hoymercedes.com.ar\/principal\/wp-json\/wp\/v2\/media?parent=97436"}],"wp:term":[{"taxonomy":"category","embeddable":true,"href":"https:\/\/www.hoymercedes.com.ar\/principal\/wp-json\/wp\/v2\/categories?post=97436"},{"taxonomy":"post_tag","embeddable":true,"href":"https:\/\/www.hoymercedes.com.ar\/principal\/wp-json\/wp\/v2\/tags?post=97436"}],"curies":[{"name":"wp","href":"https:\/\/api.w.org\/{rel}","templated":true}]}}