{"id":97454,"date":"2019-08-01T14:52:04","date_gmt":"2019-08-01T17:52:04","guid":{"rendered":"http:\/\/www.hoymercedes.com.ar\/principal\/?p=97454"},"modified":"2019-08-01T19:07:27","modified_gmt":"2019-08-01T22:07:27","slug":"cine-mercedes-estrena-rapido-y-furioso","status":"publish","type":"post","link":"https:\/\/www.hoymercedes.com.ar\/principal\/2019\/08\/01\/cine-mercedes-estrena-rapido-y-furioso\/","title":{"rendered":"Cine Mercedes estrena R\u00e1pido y Furioso"},"content":{"rendered":"\n<p>Desde el 1 de agosto hasta el martes 6 de agosto el Cine Mercedes estrena la \u00faltima pel\u00edcula de R\u00e1pido y Furioso. En dos funciones todos los d\u00edas agregando una tercera las noches del viernes y el s\u00e1bado. Los \u00faltimos d\u00edas de vacaciones de invierno, contin\u00faa El Rey Le\u00f3n. (jueves 1, viernes 2, s\u00e1bado 3 y domingo 4. Funci\u00f3n: 17 horas)<\/p>\n\n\n\n<figure class=\"wp-block-image\"><img loading=\"lazy\" decoding=\"async\" width=\"620\" height=\"356\" data-attachment-id=\"97456\" data-permalink=\"https:\/\/www.hoymercedes.com.ar\/principal\/2019\/08\/01\/cine-mercedes-estrena-rapido-y-furioso\/p1-cine-rapido\/#main\" data-orig-file=\"https:\/\/www.hoymercedes.com.ar\/principal\/wp-content\/uploads\/2019\/08\/p1-cine-rapido.jpeg\" data-orig-size=\"620,356\" data-comments-opened=\"0\" data-image-meta=\"{&quot;aperture&quot;:&quot;0&quot;,&quot;credit&quot;:&quot;&quot;,&quot;camera&quot;:&quot;&quot;,&quot;caption&quot;:&quot;&quot;,&quot;created_timestamp&quot;:&quot;0&quot;,&quot;copyright&quot;:&quot;&quot;,&quot;focal_length&quot;:&quot;0&quot;,&quot;iso&quot;:&quot;0&quot;,&quot;shutter_speed&quot;:&quot;0&quot;,&quot;title&quot;:&quot;&quot;,&quot;orientation&quot;:&quot;0&quot;}\" data-image-title=\"p1 cine rapido\" data-image-description=\"\" data-image-caption=\"\" data-large-file=\"https:\/\/www.hoymercedes.com.ar\/principal\/wp-content\/uploads\/2019\/08\/p1-cine-rapido.jpeg\" src=\"https:\/\/www.hoymercedes.com.ar\/principal\/wp-content\/uploads\/2019\/08\/p1-cine-rapido.jpeg\" alt=\"\" class=\"wp-image-97456\" srcset=\"https:\/\/www.hoymercedes.com.ar\/principal\/wp-content\/uploads\/2019\/08\/p1-cine-rapido.jpeg 620w, https:\/\/www.hoymercedes.com.ar\/principal\/wp-content\/uploads\/2019\/08\/p1-cine-rapido-150x86.jpeg 150w\" sizes=\"auto, (max-width: 620px) 100vw, 620px\" \/><\/figure>\n\n\n\n<p>R\u00e1pidos y Furiosos: Hobbs y Shaw (+13): Del jueves 1 al martes 6 de agosto. Funciones: 19.30 hs. (3D &#8211; castellano) , 22.15 hs. (2D &#8211; castellano) y Viernes y S\u00e1bado trasnoche <br>00.45hs. (2D &#8211; subtitulada). Sinopsis: Luke Hobbs (Dwayne Johnson) es un leal polic\u00eda, miembro de los Servicios de Seguridad del Cuerpo Diplom\u00e1tico de EEUU. Por su parte, Deckard Shaw (Jason Statham) es un solitario mercenario, ex miembro del Cuerpo de \u00e9lite del ej\u00e9rcito brit\u00e1nico. De entrada, no tienen nada en com\u00fan. Adem\u00e1s, desconf\u00edan el uno del otro, y los insultos y golpes entre ambos no han cesado desde que se conocieron. Eso s\u00ed, cuando el mundo se enfrente a una terrible amenaza que podr\u00eda cambiar nuestro planeta para siempre, estos dos adversarios no tendr\u00e1n m\u00e1s remedio que unir sus fuerzas. Su objetivo ser\u00e1 detener a Brixton (Idris Elba), quien se ha hecho con una peligrosa arma biol\u00f3gica. Hobbs y Shaw tendr\u00e1n que dejar a un lado su enemistad para salvar el mundo.<\/p>\n\n\n\n<p>El Rey Le\u00f3n (ATP) Del jueves 1 al domingo 4 de agosto. Funci\u00f3n: 17.00 hs. (2D &#8211; castellano )<\/p>\n","protected":false},"excerpt":{"rendered":"<p>Desde el 1 de agosto hasta el martes 6 de agosto el Cine Mercedes estrena la \u00faltima pel\u00edcula de R\u00e1pido &#8230; <a title=\"Cine Mercedes estrena R\u00e1pido y Furioso\" class=\"read-more\" href=\"https:\/\/www.hoymercedes.com.ar\/principal\/2019\/08\/01\/cine-mercedes-estrena-rapido-y-furioso\/\" aria-label=\"Leer m\u00e1s sobre Cine Mercedes estrena R\u00e1pido y Furioso\">Leer m\u00e1s<\/a><\/p>\n","protected":false},"author":1,"featured_media":97456,"comment_status":"closed","ping_status":"open","sticky":false,"template":"","format":"standard","meta":{"_monsterinsights_skip_tracking":false,"_monsterinsights_sitenote_active":false,"_monsterinsights_sitenote_note":"","_monsterinsights_sitenote_category":0,"jetpack_post_was_ever_published":false,"_jetpack_newsletter_access":"","_jetpack_dont_email_post_to_subs":false,"_jetpack_newsletter_tier_id":0,"_jetpack_memberships_contains_paywalled_content":false,"_jetpack_memberships_contains_paid_content":false,"footnotes":"","jetpack_publicize_message":"","jetpack_publicize_feature_enabled":true,"jetpack_social_post_already_shared":true,"jetpack_social_options":{"image_generator_settings":{"template":"highway","default_image_id":0,"font":"","enabled":false},"version":2},"_wpas_customize_per_network":false},"categories":[104],"tags":[984,8643,8642],"class_list":["post-97454","post","type-post","status-publish","format-standard","has-post-thumbnail","hentry","category-cultura","tag-cine-mercedes","tag-estreno","tag-programacion","generate-columns","tablet-grid-50","mobile-grid-100","grid-parent","grid-50"],"jetpack_publicize_connections":[],"jetpack_featured_media_url":"https:\/\/www.hoymercedes.com.ar\/principal\/wp-content\/uploads\/2019\/08\/p1-cine-rapido.jpeg","wps_subtitle":"Cartelera local","jetpack_sharing_enabled":true,"_links":{"self":[{"href":"https:\/\/www.hoymercedes.com.ar\/principal\/wp-json\/wp\/v2\/posts\/97454","targetHints":{"allow":["GET"]}}],"collection":[{"href":"https:\/\/www.hoymercedes.com.ar\/principal\/wp-json\/wp\/v2\/posts"}],"about":[{"href":"https:\/\/www.hoymercedes.com.ar\/principal\/wp-json\/wp\/v2\/types\/post"}],"author":[{"embeddable":true,"href":"https:\/\/www.hoymercedes.com.ar\/principal\/wp-json\/wp\/v2\/users\/1"}],"replies":[{"embeddable":true,"href":"https:\/\/www.hoymercedes.com.ar\/principal\/wp-json\/wp\/v2\/comments?post=97454"}],"version-history":[{"count":0,"href":"https:\/\/www.hoymercedes.com.ar\/principal\/wp-json\/wp\/v2\/posts\/97454\/revisions"}],"wp:featuredmedia":[{"embeddable":true,"href":"https:\/\/www.hoymercedes.com.ar\/principal\/wp-json\/wp\/v2\/media\/97456"}],"wp:attachment":[{"href":"https:\/\/www.hoymercedes.com.ar\/principal\/wp-json\/wp\/v2\/media?parent=97454"}],"wp:term":[{"taxonomy":"category","embeddable":true,"href":"https:\/\/www.hoymercedes.com.ar\/principal\/wp-json\/wp\/v2\/categories?post=97454"},{"taxonomy":"post_tag","embeddable":true,"href":"https:\/\/www.hoymercedes.com.ar\/principal\/wp-json\/wp\/v2\/tags?post=97454"}],"curies":[{"name":"wp","href":"https:\/\/api.w.org\/{rel}","templated":true}]}}