{"id":97459,"date":"2019-08-01T18:52:16","date_gmt":"2019-08-01T21:52:16","guid":{"rendered":"http:\/\/www.hoymercedes.com.ar\/principal\/?p=97459"},"modified":"2019-08-01T19:07:12","modified_gmt":"2019-08-01T22:07:12","slug":"viernes-2-convocan-a-jornada-provincial-de-lucha","status":"publish","type":"post","link":"https:\/\/www.hoymercedes.com.ar\/principal\/2019\/08\/01\/viernes-2-convocan-a-jornada-provincial-de-lucha\/","title":{"rendered":"Viernes 2: convocan a jornada provincial de lucha"},"content":{"rendered":"\n<p>Desde la Asociaci\u00f3n  Trabajadores del Estado (ATE), convocan a Jornada Provincial de Lucha para el este viernes 2 de agosto, \u00abdeclarado D\u00eda de la Educaci\u00f3n P\u00fablica por escuelas dignas y seguras, con motivo de conmemorar la vida, la militancia y el enorme acto de entrega de nuestrxs Compa\u00f1erxs Rub\u00e9n Rodr\u00edguez y Sandra Calamano, fallecidos hace un a\u00f1o en la explosi\u00f3n de la Escuela N\u00ba 49 de Moreno, exigiendo Justicia, Salarios Dignos y Condiciones Laborales\u00bb.<\/p>\n\n\n\n<figure class=\"wp-block-image\"><img loading=\"lazy\" decoding=\"async\" width=\"800\" height=\"533\" data-attachment-id=\"97460\" data-permalink=\"https:\/\/www.hoymercedes.com.ar\/principal\/2019\/08\/01\/viernes-2-convocan-a-jornada-provincial-de-lucha\/01-sandra-ruben\/#main\" data-orig-file=\"https:\/\/www.hoymercedes.com.ar\/principal\/wp-content\/uploads\/2019\/08\/01-sandra-ruben.jpg\" data-orig-size=\"800,533\" data-comments-opened=\"0\" data-image-meta=\"{&quot;aperture&quot;:&quot;16&quot;,&quot;credit&quot;:&quot;Guadalupe Garcia&quot;,&quot;camera&quot;:&quot;Canon EOS 700D&quot;,&quot;caption&quot;:&quot;Movilizaci\\u00f3n a un mes de la explosi\\u00f3n de la escuela N49. Escuela 49. Moreno, 3 de septiembre, Garcia\/ANNCOM&quot;,&quot;created_timestamp&quot;:&quot;1535984972&quot;,&quot;copyright&quot;:&quot;&quot;,&quot;focal_length&quot;:&quot;18&quot;,&quot;iso&quot;:&quot;100&quot;,&quot;shutter_speed&quot;:&quot;0.008&quot;,&quot;title&quot;:&quot;&quot;,&quot;orientation&quot;:&quot;0&quot;}\" data-image-title=\"01 sandra ruben\" data-image-description=\"\" data-image-caption=\"&lt;p&gt;Movilizaci\u00f3n a un mes de la explosi\u00f3n de la escuela N49. Escuela 49. Moreno, 3 de septiembre, Garcia\/ANNCOM&lt;\/p&gt;\n\" data-large-file=\"https:\/\/www.hoymercedes.com.ar\/principal\/wp-content\/uploads\/2019\/08\/01-sandra-ruben.jpg\" src=\"https:\/\/www.hoymercedes.com.ar\/principal\/wp-content\/uploads\/2019\/08\/01-sandra-ruben.jpg\" alt=\"\" class=\"wp-image-97460\" srcset=\"https:\/\/www.hoymercedes.com.ar\/principal\/wp-content\/uploads\/2019\/08\/01-sandra-ruben.jpg 800w, https:\/\/www.hoymercedes.com.ar\/principal\/wp-content\/uploads\/2019\/08\/01-sandra-ruben-150x100.jpg 150w, https:\/\/www.hoymercedes.com.ar\/principal\/wp-content\/uploads\/2019\/08\/01-sandra-ruben-630x420.jpg 630w, https:\/\/www.hoymercedes.com.ar\/principal\/wp-content\/uploads\/2019\/08\/01-sandra-ruben-720x480.jpg 720w, https:\/\/www.hoymercedes.com.ar\/principal\/wp-content\/uploads\/2019\/08\/01-sandra-ruben-360x240.jpg 360w\" sizes=\"auto, (max-width: 800px) 100vw, 800px\" \/><figcaption>Movilizaci\u00f3n a un mes de la explosi\u00f3n de la escuela N49. Escuela 49. Moreno, 3 de septiembre, Garcia\/ANNCOM<\/figcaption><\/figure>\n\n\n\n<p>En este sentido, convocan a las Seccionales y Regionales de la CTA Aut\u00f3noma del Gran Buenos Aires a participar de la movilizaci\u00f3n al Consejo Escolar de Moreno el d\u00eda 2 de agosto concentr\u00e1ndose a las 9,30 horas en la Plazoleta Carlos Fuentealba (Acceso Oeste Km. 36,5 y Ruta 23, bajada Ruta 23 desde Buenos Aires).<\/p>\n\n\n\n<p>Ese mismo d\u00eda, a las 8:06\nhoras se realizar\u00e1 una Misa Ecum\u00e9nica en la Escuela N\u00ba 49.<\/p>\n\n\n\n<p>\u00abEn este marco, seguimos exigiendo la reapertura de paritaria para garantizar salarios dignos, estabilidad laboral, pase a planta permanente y condiciones laborales. Por esto, la organizaci\u00f3n sindical avala toda otra medida gremial en el marco de la Jornada Provincial de Lucha\u00bb, destacan desde ATE. <\/p>\n","protected":false},"excerpt":{"rendered":"<p>Desde la Asociaci\u00f3n Trabajadores del Estado (ATE), convocan a Jornada Provincial de Lucha para el este viernes 2 de agosto, &#8230; <a title=\"Viernes 2: convocan a jornada provincial de lucha\" class=\"read-more\" href=\"https:\/\/www.hoymercedes.com.ar\/principal\/2019\/08\/01\/viernes-2-convocan-a-jornada-provincial-de-lucha\/\" aria-label=\"Leer m\u00e1s sobre Viernes 2: convocan a jornada provincial de lucha\">Leer m\u00e1s<\/a><\/p>\n","protected":false},"author":1,"featured_media":97460,"comment_status":"closed","ping_status":"open","sticky":false,"template":"","format":"standard","meta":{"_monsterinsights_skip_tracking":false,"_monsterinsights_sitenote_active":false,"_monsterinsights_sitenote_note":"","_monsterinsights_sitenote_category":0,"jetpack_post_was_ever_published":false,"_jetpack_newsletter_access":"","_jetpack_dont_email_post_to_subs":false,"_jetpack_newsletter_tier_id":0,"_jetpack_memberships_contains_paywalled_content":false,"_jetpack_memberships_contains_paid_content":false,"footnotes":"","jetpack_publicize_message":"","jetpack_publicize_feature_enabled":true,"jetpack_social_post_already_shared":true,"jetpack_social_options":{"image_generator_settings":{"template":"highway","default_image_id":0,"font":"","enabled":false},"version":2},"_wpas_customize_per_network":false},"categories":[10563],"tags":[418,47,8799],"class_list":["post-97459","post","type-post","status-publish","format-standard","has-post-thumbnail","hentry","category-gremios-sindicatos","tag-ate","tag-educacion-2","tag-gremios","generate-columns","tablet-grid-50","mobile-grid-100","grid-parent","grid-50"],"jetpack_publicize_connections":[],"jetpack_featured_media_url":"https:\/\/www.hoymercedes.com.ar\/principal\/wp-content\/uploads\/2019\/08\/01-sandra-ruben.jpg","wps_subtitle":"Por Sandra y Ruben","jetpack_sharing_enabled":true,"_links":{"self":[{"href":"https:\/\/www.hoymercedes.com.ar\/principal\/wp-json\/wp\/v2\/posts\/97459","targetHints":{"allow":["GET"]}}],"collection":[{"href":"https:\/\/www.hoymercedes.com.ar\/principal\/wp-json\/wp\/v2\/posts"}],"about":[{"href":"https:\/\/www.hoymercedes.com.ar\/principal\/wp-json\/wp\/v2\/types\/post"}],"author":[{"embeddable":true,"href":"https:\/\/www.hoymercedes.com.ar\/principal\/wp-json\/wp\/v2\/users\/1"}],"replies":[{"embeddable":true,"href":"https:\/\/www.hoymercedes.com.ar\/principal\/wp-json\/wp\/v2\/comments?post=97459"}],"version-history":[{"count":0,"href":"https:\/\/www.hoymercedes.com.ar\/principal\/wp-json\/wp\/v2\/posts\/97459\/revisions"}],"wp:featuredmedia":[{"embeddable":true,"href":"https:\/\/www.hoymercedes.com.ar\/principal\/wp-json\/wp\/v2\/media\/97460"}],"wp:attachment":[{"href":"https:\/\/www.hoymercedes.com.ar\/principal\/wp-json\/wp\/v2\/media?parent=97459"}],"wp:term":[{"taxonomy":"category","embeddable":true,"href":"https:\/\/www.hoymercedes.com.ar\/principal\/wp-json\/wp\/v2\/categories?post=97459"},{"taxonomy":"post_tag","embeddable":true,"href":"https:\/\/www.hoymercedes.com.ar\/principal\/wp-json\/wp\/v2\/tags?post=97459"}],"curies":[{"name":"wp","href":"https:\/\/api.w.org\/{rel}","templated":true}]}}