{"id":97472,"date":"2019-08-02T00:58:36","date_gmt":"2019-08-02T03:58:36","guid":{"rendered":"http:\/\/www.hoymercedes.com.ar\/principal\/?p=97472"},"modified":"2019-08-01T21:39:34","modified_gmt":"2019-08-02T00:39:34","slug":"comienzan-la-inscripcion-para-segundo-cuatrimestre-de-fines","status":"publish","type":"post","link":"https:\/\/www.hoymercedes.com.ar\/principal\/2019\/08\/02\/comienzan-la-inscripcion-para-segundo-cuatrimestre-de-fines\/","title":{"rendered":"Comienzan la inscripci\u00f3n para segundo cuatrimestre de FINES"},"content":{"rendered":"\n<p><em>El 6 de agosto\nempieza la inscripci\u00f3n para quienes quieran iniciar el Trayecto Secundario que\nes presencial por cuatrimestre. Asimismo, aquellos que adeuden materias pueden\nconsultar por el programa Fines Deudores y por las Tutor\u00edas de Educaci\u00f3n a\nDistancia. <\/em><\/p>\n\n\n\n<p>Contin\u00faa el programa educativo que les permite a los\nadultos terminar el secundario. El 20 de agosto comenzar\u00e1 el cuatrimestre para\nlos que vienen cursando de meses anteriores e iniciar\u00e1n aquellos que quieran\ncomenzar a estudiar con el fin de terminar el nivel educativo que desde unos\na\u00f1os es obligatorio. <\/p>\n\n\n\n<p>En Mercedes, los adultos tienen la posibilidad de\nterminar el secundario a trav\u00e9s del Programa Fines de tres formas distintas. El\ntrayecto secundario que es presencial tres veces por semana, a trav\u00e9s de\ntutor\u00edas presenciales para que aquellos de adeudan pocas materias y una opci\u00f3n\nm\u00e1s que son tutor\u00edas a distancia en donde solo se presentan a rendir el examen\nfinal. <\/p>\n\n\n\n<p>De las tres modalidades, el trayecto secundario es el\nprimero que inicia. Las clases comienzan el 20 de agosto y las inscripci\u00f3n es\ndesde el d\u00eda 6. Los d\u00edas de atenci\u00f3n e inscripci\u00f3n son los martes y jueves de\n8:30 a 10 horas en calle 6 y 11 (Sede Hornero) y los jueves de 19 a 21 horas en\ncalle 26 entre 29 y 31. CENS N\u00b0 451 (Primaria N\u00b0 2). <\/p>\n\n\n\n<p>Por su parte, las tutor\u00edas de FINES Deudores de Materias\ncomienzan el 30 de septiembre y las consultas las pueden realizar en la Escuela\nT\u00e9cnica N\u00b0 1 desde el lunes 5, despu\u00e9s de la hora 18. Lo mismo que quienes\nquieran terminar el secundario con tutor\u00edas de educaci\u00f3n a distancias que\npueden consultar en <a href=\"http:\/\/www.educacionadultos.com.ar\" target=\"_blank\" rel=\"noopener\">www.educacionadultos.com.ar<\/a>\n<\/p>\n\n\n\n<p>Los requisitos para inscribirse en cualquiera de las\nmodalidades son: Ser mayor de 18 a\u00f1os y presentar fotocopias de DNI y CUIL, certificados\nde estudios (primarios completos y hasta donde hicieron secundario o qu\u00e9\nmateras adeudan, depende el caso),&nbsp;Partida de Nacimiento, ficha de\nInscripci\u00f3n de FINES (que se encuentra en el kiosco San Patricio calle 14 y 17)\ny un folio para el armado del legajo. <\/p>\n\n\n\n<p>Ante cualquier consulta, preguntar previamente en los\nlugares donde se encuentran las coordinaciones de las modalidades para terminar\nel secundario a trav\u00e9s del Plan FINES. <\/p>\n\n\n\n<p><strong>Modalidades <\/strong><\/p>\n\n\n\n<p>El Plan FinEs, l\u00ednea Deudores de Materias, es una propuesta pedag\u00f3gica destinada a aquellas personas que han terminado de cursar la Escuela Secundaria en forma completa y adeudan materias y\/o espacios curriculares o en forma parcial y deben asignaturas para completar el a\u00f1o en que dejaron para anotarse en el siguiente. Los inscriptos pueden provenir de escuelas de cualquier parte del pa\u00eds, en todas sus modalidades y planes de estudios.<\/p>\n\n\n\n<p>Cuenta con dos ejes rectores. El primero es el de\u00a0Terminalidad, el cual permite que los estudiantes rindan las materias que les faltan para finalizar sus estudios. El segundo es el de\u00a0Reingreso, cuya finalidad es la de facilitar que los alumnos completen las asignaturas pendientes de un a\u00f1o y puedan pasar al siguiente. <\/p>\n\n\n\n<p>Las tutor\u00edas tendr\u00e1n una duraci\u00f3n de dos meses (siete clases de tres horas cada una por cada materia). Las mismas se organizar\u00e1n en diferentes horarios para dar respuesta a las necesidades especiales que se pudieran presentar. Se conformar\u00e1n grupos a los que se les brindar\u00e1n clases a cargo de profesores (tutores) que implementar\u00e1n las propuestas de ense\u00f1anza contemplando la evaluaci\u00f3n final. Este cuatrimestre se suma como modalidad la posibilidad de hacer con tutores a distancia y a trav\u00e9s de la computadora. <\/p>\n\n\n\n<p>Por su parte, el Plan de Finalizaci\u00f3n de Estudios Secundarios \u2013 FinEs Trayecto Secundario\u00a0se cre\u00f3 en 2008 con el objetivo de garantizar la educaci\u00f3n secundaria obligatoria a toda la poblaci\u00f3n de j\u00f3venes y adultos mayores de 18 a\u00f1os. Se orienta a j\u00f3venes y adultos que no lograron terminar sus estudios en los plazos formales escolares del sistema educativo. <\/p>\n\n\n\n<p>Muchos de los estudiantes que se inscriben retoman sus\nestudios luego de largos per\u00edodos de alejamiento del sistema educativo, por lo\nque vienen de trayectorias truncas o fragmentadas. El plan ofrece una modalidad\nde cursada accesible para j\u00f3venes y adultos que tienen otras responsabilidades\nfamiliares y laborales. En los \u00faltimos a\u00f1os, m\u00e1s de 240 mil alumnos egresaron\nen la provincia, siendo Mercedes uno de los lugares donde sigue la propuesta\neducativa. <\/p>\n","protected":false},"excerpt":{"rendered":"<p>El 6 de agosto empieza la inscripci\u00f3n para quienes quieran iniciar el Trayecto Secundario que es presencial por cuatrimestre. Asimismo, &#8230; <a title=\"Comienzan la inscripci\u00f3n para segundo cuatrimestre de FINES\" class=\"read-more\" href=\"https:\/\/www.hoymercedes.com.ar\/principal\/2019\/08\/02\/comienzan-la-inscripcion-para-segundo-cuatrimestre-de-fines\/\" aria-label=\"Leer m\u00e1s sobre Comienzan la inscripci\u00f3n para segundo cuatrimestre de FINES\">Leer m\u00e1s<\/a><\/p>\n","protected":false},"author":1,"featured_media":88005,"comment_status":"closed","ping_status":"open","sticky":false,"template":"","format":"standard","meta":{"_monsterinsights_skip_tracking":false,"_monsterinsights_sitenote_active":false,"_monsterinsights_sitenote_note":"","_monsterinsights_sitenote_category":0,"jetpack_post_was_ever_published":false,"_jetpack_newsletter_access":"","_jetpack_dont_email_post_to_subs":false,"_jetpack_newsletter_tier_id":0,"_jetpack_memberships_contains_paywalled_content":false,"_jetpack_memberships_contains_paid_content":false,"footnotes":"","jetpack_publicize_message":"","jetpack_publicize_feature_enabled":true,"jetpack_social_post_already_shared":true,"jetpack_social_options":{"image_generator_settings":{"template":"highway","default_image_id":0,"font":"","enabled":false},"version":2},"_wpas_customize_per_network":false},"categories":[23],"tags":[47,15573],"class_list":["post-97472","post","type-post","status-publish","format-standard","has-post-thumbnail","hentry","category-educacion","tag-educacion-2","tag-inscripcion-fines","generate-columns","tablet-grid-50","mobile-grid-100","grid-parent","grid-50"],"jetpack_publicize_connections":[],"jetpack_featured_media_url":"https:\/\/www.hoymercedes.com.ar\/principal\/wp-content\/uploads\/2019\/02\/11-plan-fines.png","wps_subtitle":"Desde el 6 de agosto","jetpack_sharing_enabled":true,"_links":{"self":[{"href":"https:\/\/www.hoymercedes.com.ar\/principal\/wp-json\/wp\/v2\/posts\/97472","targetHints":{"allow":["GET"]}}],"collection":[{"href":"https:\/\/www.hoymercedes.com.ar\/principal\/wp-json\/wp\/v2\/posts"}],"about":[{"href":"https:\/\/www.hoymercedes.com.ar\/principal\/wp-json\/wp\/v2\/types\/post"}],"author":[{"embeddable":true,"href":"https:\/\/www.hoymercedes.com.ar\/principal\/wp-json\/wp\/v2\/users\/1"}],"replies":[{"embeddable":true,"href":"https:\/\/www.hoymercedes.com.ar\/principal\/wp-json\/wp\/v2\/comments?post=97472"}],"version-history":[{"count":0,"href":"https:\/\/www.hoymercedes.com.ar\/principal\/wp-json\/wp\/v2\/posts\/97472\/revisions"}],"wp:featuredmedia":[{"embeddable":true,"href":"https:\/\/www.hoymercedes.com.ar\/principal\/wp-json\/wp\/v2\/media\/88005"}],"wp:attachment":[{"href":"https:\/\/www.hoymercedes.com.ar\/principal\/wp-json\/wp\/v2\/media?parent=97472"}],"wp:term":[{"taxonomy":"category","embeddable":true,"href":"https:\/\/www.hoymercedes.com.ar\/principal\/wp-json\/wp\/v2\/categories?post=97472"},{"taxonomy":"post_tag","embeddable":true,"href":"https:\/\/www.hoymercedes.com.ar\/principal\/wp-json\/wp\/v2\/tags?post=97472"}],"curies":[{"name":"wp","href":"https:\/\/api.w.org\/{rel}","templated":true}]}}