{"id":97494,"date":"2019-08-02T14:30:01","date_gmt":"2019-08-02T17:30:01","guid":{"rendered":"http:\/\/www.hoymercedes.com.ar\/principal\/?p=97494"},"modified":"2019-08-02T18:30:11","modified_gmt":"2019-08-02T21:30:11","slug":"lujan-detenido-por-defraudacion-y-falsa-denuncia","status":"publish","type":"post","link":"https:\/\/www.hoymercedes.com.ar\/principal\/2019\/08\/02\/lujan-detenido-por-defraudacion-y-falsa-denuncia\/","title":{"rendered":"Luj\u00e1n: Detenido por defraudaci\u00f3n y falsa denuncia"},"content":{"rendered":"\n<p>En la jornada del\n30 de abril de 2019, un vecino de Pilar se present\u00f3 en la Comisar\u00eda de Luj\u00e1n,\nseccional Tercera en donde radic\u00f3 una denuncia por \u201cRobo agravado por el uso de\narma de fuego y privaci\u00f3n ileg\u00edtima de la libertad\u201d. Se descubri\u00f3 que el hecho\nnunca ocurri\u00f3 tal lo descripto y que colabor\u00f3 entregando la propiedad de la\nempresa para la cual trabajaba.<\/p>\n\n\n\n<p>De acuerdo a lo\nque pudo conocerse, el pilarense de 49 a\u00f1os, lleg\u00f3 en aquella oportunidad a\nradicar una denuncia dando cuenta que trabajaba como chofer de una empresa y\ncuando iba&nbsp; a bordo del cami\u00f3n el d\u00eda\nanterior (29 de abril) en &nbsp;Ruta\nProvincial N\u00ba 6, a la altura del kil\u00f3metro 169 de la localidad de Open Door fue\ninterceptado por dos camionetas de color negro. Presuntos malvivientes lo\nobligaron mediante arma de fuego a dejar el rodado yabordar otro donde\npermaneci\u00f3 cautivo hasta horas de la noche cuando habr\u00eda sido liberado en autopista\n25 de Mayo y Richieri.<\/p>\n\n\n\n<p>El acoplado fue\nhallado en la localidad de General Rodr\u00edguez en la Ruta Nacional N\u00b0 7 en la\nmisma jornada en que efectu\u00f3 la denuncia.<\/p>\n\n\n\n<p>Comenz \u00f3 la\ninvestigaci\u00f3n a instancias de la UFI N.\u00ba 9, a cargo de la dra. Laura\nCordiviola, junto al personal policial&nbsp; y\nse logr\u00f3 determinar luego de haber analizado el reporte hist\u00f3rico del\n\u00abGPS\u00bb aportado por la empresa de rastreo satelital que no se registr\u00f3\nque dicho veh\u00edculo haya detenido su marcha en el punto que el conductor\nse\u00f1alara en su denuncia ni en inmediaciones. Ni tampoco se registr\u00f3 el paso del\ncami\u00f3n en las c\u00e1maras de seguridad de la zona o los veh\u00edculos sindicados como\nlos usados por la presuntos delincuentes.<\/p>\n\n\n\n<p>En cambio, las\nc\u00e1maras s\u00ed registraron un episodio ocurrido algunos kil\u00f3metros atr\u00e1s cuando se\nvio al denunciante bajar del cami\u00f3n y subir a un autom\u00f3vil que no coincide con\nlos descriptos, mientras otra persona se llevaba el rodado de gran porte hacia\nla zona de General Rodr\u00edguez, donde deja el acoplado.<\/p>\n\n\n\n<p>Con todos los elementos probatorios reunidos, la UFI N.\u00ba 9\u00a0 solicit\u00f3 al Juzgado de Garant\u00edas N.\u00ba 2 su detenci\u00f3n por el delito de \u201cDefraudaci\u00f3n por administraci\u00f3n infiel en concurso real con falsa denuncia\u201d. Este lunes fue detenido y se le tom\u00f3 declaraci\u00f3n indagatoria al d\u00eda siguiente.<\/p>\n\n\n\n<p>Fuente: Ministerio P\u00fablico Bonaerense &#8211; Depto Judicial Mercedes<\/p>\n","protected":false},"excerpt":{"rendered":"<p>En la jornada del 30 de abril de 2019, un vecino de Pilar se present\u00f3 en la Comisar\u00eda de Luj\u00e1n, &#8230; <a title=\"Luj\u00e1n: Detenido por defraudaci\u00f3n y falsa denuncia\" class=\"read-more\" href=\"https:\/\/www.hoymercedes.com.ar\/principal\/2019\/08\/02\/lujan-detenido-por-defraudacion-y-falsa-denuncia\/\" aria-label=\"Leer m\u00e1s sobre Luj\u00e1n: Detenido por defraudaci\u00f3n y falsa denuncia\">Leer m\u00e1s<\/a><\/p>\n","protected":false},"author":1,"featured_media":97417,"comment_status":"closed","ping_status":"open","sticky":false,"template":"","format":"standard","meta":{"_monsterinsights_skip_tracking":false,"_monsterinsights_sitenote_active":false,"_monsterinsights_sitenote_note":"","_monsterinsights_sitenote_category":0,"jetpack_post_was_ever_published":false,"_jetpack_newsletter_access":"","_jetpack_dont_email_post_to_subs":false,"_jetpack_newsletter_tier_id":0,"_jetpack_memberships_contains_paywalled_content":false,"_jetpack_memberships_contains_paid_content":false,"footnotes":"","jetpack_publicize_message":"","jetpack_publicize_feature_enabled":true,"jetpack_social_post_already_shared":true,"jetpack_social_options":{"image_generator_settings":{"template":"highway","default_image_id":0,"font":"","enabled":false},"version":2},"_wpas_customize_per_network":false},"categories":[85],"tags":[6728,86,96],"class_list":["post-97494","post","type-post","status-publish","format-standard","has-post-thumbnail","hentry","category-policial","tag-detenido","tag-lujan","tag-policial-2","generate-columns","tablet-grid-50","mobile-grid-100","grid-parent","grid-50"],"jetpack_publicize_connections":[],"jetpack_featured_media_url":"https:\/\/www.hoymercedes.com.ar\/principal\/wp-content\/uploads\/2019\/07\/31-policia-areco.jpg","wps_subtitle":"","jetpack_sharing_enabled":true,"_links":{"self":[{"href":"https:\/\/www.hoymercedes.com.ar\/principal\/wp-json\/wp\/v2\/posts\/97494","targetHints":{"allow":["GET"]}}],"collection":[{"href":"https:\/\/www.hoymercedes.com.ar\/principal\/wp-json\/wp\/v2\/posts"}],"about":[{"href":"https:\/\/www.hoymercedes.com.ar\/principal\/wp-json\/wp\/v2\/types\/post"}],"author":[{"embeddable":true,"href":"https:\/\/www.hoymercedes.com.ar\/principal\/wp-json\/wp\/v2\/users\/1"}],"replies":[{"embeddable":true,"href":"https:\/\/www.hoymercedes.com.ar\/principal\/wp-json\/wp\/v2\/comments?post=97494"}],"version-history":[{"count":0,"href":"https:\/\/www.hoymercedes.com.ar\/principal\/wp-json\/wp\/v2\/posts\/97494\/revisions"}],"wp:featuredmedia":[{"embeddable":true,"href":"https:\/\/www.hoymercedes.com.ar\/principal\/wp-json\/wp\/v2\/media\/97417"}],"wp:attachment":[{"href":"https:\/\/www.hoymercedes.com.ar\/principal\/wp-json\/wp\/v2\/media?parent=97494"}],"wp:term":[{"taxonomy":"category","embeddable":true,"href":"https:\/\/www.hoymercedes.com.ar\/principal\/wp-json\/wp\/v2\/categories?post=97494"},{"taxonomy":"post_tag","embeddable":true,"href":"https:\/\/www.hoymercedes.com.ar\/principal\/wp-json\/wp\/v2\/tags?post=97494"}],"curies":[{"name":"wp","href":"https:\/\/api.w.org\/{rel}","templated":true}]}}