{"id":97496,"date":"2019-08-02T16:18:29","date_gmt":"2019-08-02T19:18:29","guid":{"rendered":"http:\/\/www.hoymercedes.com.ar\/principal\/?p=97496"},"modified":"2019-08-02T18:29:58","modified_gmt":"2019-08-02T21:29:58","slug":"ultimo-dia-del-tren-sanitario-en-la-estacion-del-sarmiento","status":"publish","type":"post","link":"https:\/\/www.hoymercedes.com.ar\/principal\/2019\/08\/02\/ultimo-dia-del-tren-sanitario-en-la-estacion-del-sarmiento\/","title":{"rendered":"\u00daltimo d\u00eda del tren sanitario en la estaci\u00f3n del Sarmiento"},"content":{"rendered":"\n<p><em>Durante toda la semana, el veh\u00edculo ferroviario del Ministerio de Desarrollo Social de la Naci\u00f3n atendi\u00f3 en odontolog\u00eda y oftalmolog\u00eda, adem\u00e1s de tener una oficina m\u00f3vil que realiz\u00f3 DNI e inscribi\u00f3 para programas sociales y un vag\u00f3n con actividades culturales. Hasta las 12:30 de este s\u00e1bado atender\u00e1n en la estaci\u00f3n de trenes del Sarmiento. <\/em><\/p>\n\n\n\n<figure class=\"wp-block-image\"><img loading=\"lazy\" decoding=\"async\" width=\"750\" height=\"500\" data-attachment-id=\"97497\" data-permalink=\"https:\/\/www.hoymercedes.com.ar\/principal\/2019\/08\/02\/ultimo-dia-del-tren-sanitario-en-la-estacion-del-sarmiento\/02-trensanitario03\/#main\" data-orig-file=\"https:\/\/www.hoymercedes.com.ar\/principal\/wp-content\/uploads\/2019\/08\/02-trensanitario03.jpg\" data-orig-size=\"750,500\" data-comments-opened=\"0\" data-image-meta=\"{&quot;aperture&quot;:&quot;2&quot;,&quot;credit&quot;:&quot;&quot;,&quot;camera&quot;:&quot;Moto G (5S) Plus&quot;,&quot;caption&quot;:&quot;&quot;,&quot;created_timestamp&quot;:&quot;1564745335&quot;,&quot;copyright&quot;:&quot;&quot;,&quot;focal_length&quot;:&quot;3.59&quot;,&quot;iso&quot;:&quot;100&quot;,&quot;shutter_speed&quot;:&quot;0.0006872852233677&quot;,&quot;title&quot;:&quot;&quot;,&quot;orientation&quot;:&quot;1&quot;}\" data-image-title=\"02-trensanitario03\" data-image-description=\"\" data-image-caption=\"\" data-large-file=\"https:\/\/www.hoymercedes.com.ar\/principal\/wp-content\/uploads\/2019\/08\/02-trensanitario03.jpg\" src=\"https:\/\/www.hoymercedes.com.ar\/principal\/wp-content\/uploads\/2019\/08\/02-trensanitario03.jpg\" alt=\"\" class=\"wp-image-97497\" srcset=\"https:\/\/www.hoymercedes.com.ar\/principal\/wp-content\/uploads\/2019\/08\/02-trensanitario03.jpg 750w, https:\/\/www.hoymercedes.com.ar\/principal\/wp-content\/uploads\/2019\/08\/02-trensanitario03-150x100.jpg 150w, https:\/\/www.hoymercedes.com.ar\/principal\/wp-content\/uploads\/2019\/08\/02-trensanitario03-630x420.jpg 630w, https:\/\/www.hoymercedes.com.ar\/principal\/wp-content\/uploads\/2019\/08\/02-trensanitario03-720x480.jpg 720w, https:\/\/www.hoymercedes.com.ar\/principal\/wp-content\/uploads\/2019\/08\/02-trensanitario03-360x240.jpg 360w\" sizes=\"auto, (max-width: 750px) 100vw, 750px\" \/><\/figure>\n\n\n\n<p>El tren\nsanitario que lleg\u00f3 a la estaci\u00f3n ferrocarril Sarmiento d\u00edas atr\u00e1s estuvo desde\nel lunes atendiendo a los vecinos que necesitaban atenci\u00f3n oftalmol\u00f3gica y odontol\u00f3gica,\nas\u00ed como vacunaci\u00f3n, renovaci\u00f3n de DNI y consultar sobre programas sociales.\nAdem\u00e1s de un vag\u00f3n con actividades recreativas de la Biblioteca del Congreso Nacional,\ncon libros, juegos y proyecci\u00f3n de cine y teatro. <\/p>\n\n\n\n<p>A lo\nlargo de la semana iniciada el lunes 29, el Tren Sanitario \u2013 El Estado en Tu\nBarrio atendi\u00f3 en uno de los andenes del ferrocarril Sarmiento y lo har\u00e1 hasta\neste s\u00e1bado 3 de agosto a las 12:30 horas. A partir de la hora 8 dar\u00e1n los\n\u00faltimos n\u00fameros de turnos para las atenciones que est\u00e1n brindando. <\/p>\n\n\n\n<p>La\nresponsable del Centro de Referencia local del Ministerio de Desarrollo Social,\nAna Luna, explic\u00f3 que hubo dos especialidades que tuvieron mayor demanda. La\natenci\u00f3n oftalmol\u00f3gica y odontol\u00f3gica fueron los dos servicios con mayor cantidad\nde personas. \u201cEl tren hace anteojos solo para adultos por eso la demanda diaria\nestuvo cubierta. En estos servicios fue un \u00e9xito\u201d, explic\u00f3 Luna. <\/p>\n\n\n\n<p>No\nobstante, algunos vecinos durante la semana lamentaron que no pudieron ser\natendidos en el vag\u00f3n de mamograf\u00eda. Sobre esto, Ana Luna explic\u00f3 que \u201cel\nmam\u00f3grafo se descompuso y como es un aparato que requiere de un servicio\nt\u00e9cnico de una empresa especializada result\u00f3 dif\u00edcil que el equipo t\u00e9cnico venga\na revisarlo en estos d\u00edas. Lamentablemente no se pudo brindar esta atenci\u00f3n\u201d.<\/p>\n\n\n\n<p>\u201cHubo\nmucha demanda, estamos satisfechos con la visita del Tren. Es muy bueno que el\nEstado nacional pueda acercar pol\u00edticas p\u00fablicas de este tipo a todos los\ndistritos. Es una manera de estar presente y de ayudar a la gente. Sabemos que\ntodo lo que es salud es costoso y a la vez, se dificulta en las entidades\np\u00fablicas conseguir un turno a la brevedad. Esto descomprimi\u00f3 bastante el\nsistema de salud local\u201d, agreg\u00f3 Ana Luna. <\/p>\n\n\n\n<p>\u00e1s all\u00e1\nde los vagones con servicios m\u00e9dicos. Pod\u00eda verse una larga cola en el lugar\ndonde se hac\u00edan DNI y entregaban partidas de nacimiento. Todas las ma\u00f1anas\nentregaban cerca de cien n\u00fameros para que los vecinos puedan renovar o\nactualizar su documento. <\/p>\n\n\n\n<p>Otro\nvag\u00f3n, cont\u00f3 con actividades culturales. Dispuesta por la Biblioteca del Congreso\nNacional, el espacio permit\u00eda que ni\u00f1os y grandes se acerquen para leer, jugar,\nver una pel\u00edcula del INCAA o una obra de teatro proyectada en la pantalla. <\/p>\n","protected":false},"excerpt":{"rendered":"<p>Durante toda la semana, el veh\u00edculo ferroviario del Ministerio de Desarrollo Social de la Naci\u00f3n atendi\u00f3 en odontolog\u00eda y oftalmolog\u00eda, &#8230; <a title=\"\u00daltimo d\u00eda del tren sanitario en la estaci\u00f3n del Sarmiento\" class=\"read-more\" href=\"https:\/\/www.hoymercedes.com.ar\/principal\/2019\/08\/02\/ultimo-dia-del-tren-sanitario-en-la-estacion-del-sarmiento\/\" aria-label=\"Leer m\u00e1s sobre \u00daltimo d\u00eda del tren sanitario en la estaci\u00f3n del Sarmiento\">Leer m\u00e1s<\/a><\/p>\n","protected":false},"author":1,"featured_media":97497,"comment_status":"closed","ping_status":"open","sticky":false,"template":"","format":"standard","meta":{"_monsterinsights_skip_tracking":false,"_monsterinsights_sitenote_active":false,"_monsterinsights_sitenote_note":"","_monsterinsights_sitenote_category":0,"jetpack_post_was_ever_published":false,"_jetpack_newsletter_access":"","_jetpack_dont_email_post_to_subs":false,"_jetpack_newsletter_tier_id":0,"_jetpack_memberships_contains_paywalled_content":false,"_jetpack_memberships_contains_paid_content":false,"footnotes":"","jetpack_publicize_message":"","jetpack_publicize_feature_enabled":true,"jetpack_social_post_already_shared":true,"jetpack_social_options":{"image_generator_settings":{"template":"highway","default_image_id":0,"font":"","enabled":false},"version":2},"_wpas_customize_per_network":false},"categories":[8],"tags":[1089,15510],"class_list":["post-97496","post","type-post","status-publish","format-standard","has-post-thumbnail","hentry","category-sociedad","tag-ministerio-de-desarrollo-social","tag-tren-sanitario","generate-columns","tablet-grid-50","mobile-grid-100","grid-parent","grid-50"],"jetpack_publicize_connections":[],"jetpack_featured_media_url":"https:\/\/www.hoymercedes.com.ar\/principal\/wp-content\/uploads\/2019\/08\/02-trensanitario03.jpg","wps_subtitle":"Hasta el mediod\u00eda del s\u00e1bado","jetpack_sharing_enabled":true,"_links":{"self":[{"href":"https:\/\/www.hoymercedes.com.ar\/principal\/wp-json\/wp\/v2\/posts\/97496","targetHints":{"allow":["GET"]}}],"collection":[{"href":"https:\/\/www.hoymercedes.com.ar\/principal\/wp-json\/wp\/v2\/posts"}],"about":[{"href":"https:\/\/www.hoymercedes.com.ar\/principal\/wp-json\/wp\/v2\/types\/post"}],"author":[{"embeddable":true,"href":"https:\/\/www.hoymercedes.com.ar\/principal\/wp-json\/wp\/v2\/users\/1"}],"replies":[{"embeddable":true,"href":"https:\/\/www.hoymercedes.com.ar\/principal\/wp-json\/wp\/v2\/comments?post=97496"}],"version-history":[{"count":0,"href":"https:\/\/www.hoymercedes.com.ar\/principal\/wp-json\/wp\/v2\/posts\/97496\/revisions"}],"wp:featuredmedia":[{"embeddable":true,"href":"https:\/\/www.hoymercedes.com.ar\/principal\/wp-json\/wp\/v2\/media\/97497"}],"wp:attachment":[{"href":"https:\/\/www.hoymercedes.com.ar\/principal\/wp-json\/wp\/v2\/media?parent=97496"}],"wp:term":[{"taxonomy":"category","embeddable":true,"href":"https:\/\/www.hoymercedes.com.ar\/principal\/wp-json\/wp\/v2\/categories?post=97496"},{"taxonomy":"post_tag","embeddable":true,"href":"https:\/\/www.hoymercedes.com.ar\/principal\/wp-json\/wp\/v2\/tags?post=97496"}],"curies":[{"name":"wp","href":"https:\/\/api.w.org\/{rel}","templated":true}]}}