{"id":97519,"date":"2019-08-02T12:58:18","date_gmt":"2019-08-02T15:58:18","guid":{"rendered":"http:\/\/www.hoymercedes.com.ar\/principal\/?p=97519"},"modified":"2019-08-02T18:30:32","modified_gmt":"2019-08-02T21:30:32","slug":"nuevos-inflables-gigantes-propuestas-juveniles-y-gran-cantidad-de-vecinos-en-vacaciones","status":"publish","type":"post","link":"https:\/\/www.hoymercedes.com.ar\/principal\/2019\/08\/02\/nuevos-inflables-gigantes-propuestas-juveniles-y-gran-cantidad-de-vecinos-en-vacaciones\/","title":{"rendered":"Nuevos inflables gigantes, propuestas juveniles y gran cantidad de vecinos en vacaciones"},"content":{"rendered":"\n<p>Con estrenos, siguen las actividades para toda la familia. Esta semana se puede disfrutar un nuevo inflable que es una pista gigante con calles, se\u00f1ales y kartings que adem\u00e1s de entretener permite aprender en t\u00e9rminos de seguridad vial. El inflable gigante es parte de las adquisiciones de la Municipalidad de Mercedes para el entretenimiento familiar. Tambi\u00e9n se inaugur\u00f3 un barco pirata de importantes dimensiones.<\/p>\n\n\n\n<figure class=\"wp-block-image\"><img loading=\"lazy\" decoding=\"async\" width=\"750\" height=\"501\" data-attachment-id=\"97521\" data-permalink=\"https:\/\/www.hoymercedes.com.ar\/principal\/2019\/08\/02\/nuevos-inflables-gigantes-propuestas-juveniles-y-gran-cantidad-de-vecinos-en-vacaciones\/02-trocha4dsc_0151\/#main\" data-orig-file=\"https:\/\/www.hoymercedes.com.ar\/principal\/wp-content\/uploads\/2019\/08\/02-trocha4DSC_0151.jpg\" data-orig-size=\"750,501\" data-comments-opened=\"0\" data-image-meta=\"{&quot;aperture&quot;:&quot;3.5&quot;,&quot;credit&quot;:&quot;&quot;,&quot;camera&quot;:&quot;NIKON D3500&quot;,&quot;caption&quot;:&quot;&quot;,&quot;created_timestamp&quot;:&quot;1533140084&quot;,&quot;copyright&quot;:&quot;&quot;,&quot;focal_length&quot;:&quot;18&quot;,&quot;iso&quot;:&quot;800&quot;,&quot;shutter_speed&quot;:&quot;0.004&quot;,&quot;title&quot;:&quot;&quot;,&quot;orientation&quot;:&quot;0&quot;}\" data-image-title=\"02 trocha4DSC_0151\" data-image-description=\"\" data-image-caption=\"\" data-large-file=\"https:\/\/www.hoymercedes.com.ar\/principal\/wp-content\/uploads\/2019\/08\/02-trocha4DSC_0151.jpg\" src=\"https:\/\/www.hoymercedes.com.ar\/principal\/wp-content\/uploads\/2019\/08\/02-trocha4DSC_0151.jpg\" alt=\"\" class=\"wp-image-97521\" srcset=\"https:\/\/www.hoymercedes.com.ar\/principal\/wp-content\/uploads\/2019\/08\/02-trocha4DSC_0151.jpg 750w, https:\/\/www.hoymercedes.com.ar\/principal\/wp-content\/uploads\/2019\/08\/02-trocha4DSC_0151-150x100.jpg 150w, https:\/\/www.hoymercedes.com.ar\/principal\/wp-content\/uploads\/2019\/08\/02-trocha4DSC_0151-630x421.jpg 630w, https:\/\/www.hoymercedes.com.ar\/principal\/wp-content\/uploads\/2019\/08\/02-trocha4DSC_0151-720x480.jpg 720w, https:\/\/www.hoymercedes.com.ar\/principal\/wp-content\/uploads\/2019\/08\/02-trocha4DSC_0151-360x240.jpg 360w\" sizes=\"auto, (max-width: 750px) 100vw, 750px\" \/><\/figure>\n\n\n\n<p>Adem\u00e1s, se vive, el \u201cgalp\u00f3n urbano joven\u201d, del rap, freestuly, danza, reggaeton, juegos, entretenimientos y propuestas para los adolescentes.<\/p>\n\n\n\n<p>\u201cEstamos muy contentos con las propuestas y especialmente con la gran asistencia de nuestros vecinos\u201d coment\u00f3 el intendente Ustarroz y remarc\u00f3 que \u201chay actividades para todas las edades y gustos. Deportes, teatro, museos, inflables, m\u00fasica, juegos, la verdad ha sido una gran labor de los trabajadores municipales de distintas \u00e1reas que generaron estas vacaciones de invierno inolvidables\u201d mencion\u00f3 y remarc\u00f3 que \u201choy vemos nuevos juegos, como esta pista gigante con sus kartings y la posibilidad de jugar aprendiendo. Tambi\u00e9n el barco pirata que como vemos ha sido de gran atractivo para los m\u00e1s peque\u00f1os\u201d<\/p>\n\n\n\n<p>Por su parte, la directora de cultura, Luc\u00eda Capaccio, afirm\u00f3 que \u201ces un orgullo ver a las familias disfrutando. Llevamos desde que iniciamos las vacaciones m\u00e1s de 15 mil asistentes en el circo, los museos, el teatro, las actividades en los barrios, las propuestas de Deportes y Juventud, es decir, un gran trabajo en equipo que nos beneficia a todos como ciudad\u201d coment\u00f3 entre otros conceptos.<\/p>\n\n\n\n<p>Desde la coordinaci\u00f3n de juventud Eugenia C\u00f3dega record\u00f3 que \u201ceste s\u00e1bado estar\u00e1 presente la banda nacional \u201cEl Kuelgue\u201d mientras que el viernes se podr\u00e1 disfrutar de las estrellas juveniles de \u201cklan\u201d, \u201cDj Zone\u201d y \u201cDtoke\u201d que dar\u00e1n un gran espect\u00e1culo en el cierra del Freestyle\u201d<\/p>\n\n\n\n<p>Las actividades son libres y gratuitas.<\/p>\n\n\n\n<p>Fuente: Prensa Municipal<\/p>\n\n\n\n<figure class=\"wp-block-image\"><img loading=\"lazy\" decoding=\"async\" width=\"750\" height=\"501\" data-attachment-id=\"97520\" data-permalink=\"https:\/\/www.hoymercedes.com.ar\/principal\/2019\/08\/02\/nuevos-inflables-gigantes-propuestas-juveniles-y-gran-cantidad-de-vecinos-en-vacaciones\/02-trocha4dsc_0081\/#main\" data-orig-file=\"https:\/\/www.hoymercedes.com.ar\/principal\/wp-content\/uploads\/2019\/08\/02-trocha4DSC_0081.jpg\" data-orig-size=\"750,501\" data-comments-opened=\"0\" data-image-meta=\"{&quot;aperture&quot;:&quot;8&quot;,&quot;credit&quot;:&quot;&quot;,&quot;camera&quot;:&quot;NIKON D3500&quot;,&quot;caption&quot;:&quot;&quot;,&quot;created_timestamp&quot;:&quot;1533139326&quot;,&quot;copyright&quot;:&quot;&quot;,&quot;focal_length&quot;:&quot;34&quot;,&quot;iso&quot;:&quot;100&quot;,&quot;shutter_speed&quot;:&quot;0.004&quot;,&quot;title&quot;:&quot;&quot;,&quot;orientation&quot;:&quot;0&quot;}\" data-image-title=\"02 trocha4DSC_0081\" data-image-description=\"\" data-image-caption=\"\" data-large-file=\"https:\/\/www.hoymercedes.com.ar\/principal\/wp-content\/uploads\/2019\/08\/02-trocha4DSC_0081.jpg\" src=\"https:\/\/www.hoymercedes.com.ar\/principal\/wp-content\/uploads\/2019\/08\/02-trocha4DSC_0081.jpg\" alt=\"\" class=\"wp-image-97520\" srcset=\"https:\/\/www.hoymercedes.com.ar\/principal\/wp-content\/uploads\/2019\/08\/02-trocha4DSC_0081.jpg 750w, https:\/\/www.hoymercedes.com.ar\/principal\/wp-content\/uploads\/2019\/08\/02-trocha4DSC_0081-150x100.jpg 150w, https:\/\/www.hoymercedes.com.ar\/principal\/wp-content\/uploads\/2019\/08\/02-trocha4DSC_0081-630x421.jpg 630w, https:\/\/www.hoymercedes.com.ar\/principal\/wp-content\/uploads\/2019\/08\/02-trocha4DSC_0081-720x480.jpg 720w, https:\/\/www.hoymercedes.com.ar\/principal\/wp-content\/uploads\/2019\/08\/02-trocha4DSC_0081-360x240.jpg 360w\" sizes=\"auto, (max-width: 750px) 100vw, 750px\" \/><\/figure>\n","protected":false},"excerpt":{"rendered":"<p>Con estrenos, siguen las actividades para toda la familia. Esta semana se puede disfrutar un nuevo inflable que es una &#8230; <a title=\"Nuevos inflables gigantes, propuestas juveniles y gran cantidad de vecinos en vacaciones\" class=\"read-more\" href=\"https:\/\/www.hoymercedes.com.ar\/principal\/2019\/08\/02\/nuevos-inflables-gigantes-propuestas-juveniles-y-gran-cantidad-de-vecinos-en-vacaciones\/\" aria-label=\"Leer m\u00e1s sobre Nuevos inflables gigantes, propuestas juveniles y gran cantidad de vecinos en vacaciones\">Leer m\u00e1s<\/a><\/p>\n","protected":false},"author":1,"featured_media":97520,"comment_status":"closed","ping_status":"open","sticky":false,"template":"","format":"standard","meta":{"_monsterinsights_skip_tracking":false,"_monsterinsights_sitenote_active":false,"_monsterinsights_sitenote_note":"","_monsterinsights_sitenote_category":0,"jetpack_post_was_ever_published":false,"_jetpack_newsletter_access":"","_jetpack_dont_email_post_to_subs":false,"_jetpack_newsletter_tier_id":0,"_jetpack_memberships_contains_paywalled_content":false,"_jetpack_memberships_contains_paid_content":false,"footnotes":"","jetpack_publicize_message":"","jetpack_publicize_feature_enabled":true,"jetpack_social_post_already_shared":true,"jetpack_social_options":{"image_generator_settings":{"template":"highway","default_image_id":0,"font":"","enabled":false},"version":2},"_wpas_customize_per_network":false},"categories":[30],"tags":[10940,244,7629],"class_list":["post-97519","post","type-post","status-publish","format-standard","has-post-thumbnail","hentry","category-municipio","tag-centro-cultural-la-trocha","tag-municipio-2","tag-vacaciones-de-invierno","generate-columns","tablet-grid-50","mobile-grid-100","grid-parent","grid-50"],"jetpack_publicize_connections":[],"jetpack_featured_media_url":"https:\/\/www.hoymercedes.com.ar\/principal\/wp-content\/uploads\/2019\/08\/02-trocha4DSC_0081.jpg","wps_subtitle":"\u00daltimo fin de semana","jetpack_sharing_enabled":true,"_links":{"self":[{"href":"https:\/\/www.hoymercedes.com.ar\/principal\/wp-json\/wp\/v2\/posts\/97519","targetHints":{"allow":["GET"]}}],"collection":[{"href":"https:\/\/www.hoymercedes.com.ar\/principal\/wp-json\/wp\/v2\/posts"}],"about":[{"href":"https:\/\/www.hoymercedes.com.ar\/principal\/wp-json\/wp\/v2\/types\/post"}],"author":[{"embeddable":true,"href":"https:\/\/www.hoymercedes.com.ar\/principal\/wp-json\/wp\/v2\/users\/1"}],"replies":[{"embeddable":true,"href":"https:\/\/www.hoymercedes.com.ar\/principal\/wp-json\/wp\/v2\/comments?post=97519"}],"version-history":[{"count":0,"href":"https:\/\/www.hoymercedes.com.ar\/principal\/wp-json\/wp\/v2\/posts\/97519\/revisions"}],"wp:featuredmedia":[{"embeddable":true,"href":"https:\/\/www.hoymercedes.com.ar\/principal\/wp-json\/wp\/v2\/media\/97520"}],"wp:attachment":[{"href":"https:\/\/www.hoymercedes.com.ar\/principal\/wp-json\/wp\/v2\/media?parent=97519"}],"wp:term":[{"taxonomy":"category","embeddable":true,"href":"https:\/\/www.hoymercedes.com.ar\/principal\/wp-json\/wp\/v2\/categories?post=97519"},{"taxonomy":"post_tag","embeddable":true,"href":"https:\/\/www.hoymercedes.com.ar\/principal\/wp-json\/wp\/v2\/tags?post=97519"}],"curies":[{"name":"wp","href":"https:\/\/api.w.org\/{rel}","templated":true}]}}