{"id":97528,"date":"2019-08-03T11:15:34","date_gmt":"2019-08-03T14:15:34","guid":{"rendered":"http:\/\/www.hoymercedes.com.ar\/principal\/?p=97528"},"modified":"2019-08-02T18:47:20","modified_gmt":"2019-08-02T21:47:20","slug":"menor-aprehendido-por-intento-de-robo-en-panaderia","status":"publish","type":"post","link":"https:\/\/www.hoymercedes.com.ar\/principal\/2019\/08\/03\/menor-aprehendido-por-intento-de-robo-en-panaderia\/","title":{"rendered":"Menor aprehendido por intento de robo en panader\u00eda"},"content":{"rendered":"\n<p>Durante la madrugada del jueves 1\u00b0, en horas de la madrugada, un sujeto se introdujo previo escalar un tapial, a la panificadora ubicada en avenida 29 y 10, de la ciudad de Mercedes. Ingres\u00f3 al local, da\u00f1\u00f3 una c\u00e1mara de seguridad, y se hizo de dinero que hab\u00eda en el lugar. <\/p>\n\n\n\n<p>Justo en ese momento ingresaba a cumplir servicio\nuno de los empleados del lugar y logr\u00f3 retenerlo para darle luego aviso a la\nPolic\u00eda Comunal. Result\u00f3 ser un menor de 15 a\u00f1os de edad. Fue aprehendido y\nluego se le recibi\u00f3 declaraci\u00f3n en la sede de la UFIJ N.\u00ba 8 a cargo de la doctora\nLaura Ricchini. <\/p>\n\n\n\n<p>Posteriormente fue entregado a sus progenitores y\nse solicitaron medidas de protecci\u00f3n integral de derechos al Juzgado de\nGarant\u00edas del Joven interviniente.<\/p>\n\n\n\n<p>Se inici\u00f3 una causa por \u201cRobo con escalamiento en tentativa\u201d y \u201cDa\u00f1o\u201d de la cual fue notificado. <\/p>\n\n\n\n<p>Fuente: Ministerio P\u00fablico Fiscal Bonaerense &#8211; Depto Judicial Mercedes<\/p>\n","protected":false},"excerpt":{"rendered":"<p>Durante la madrugada del jueves 1\u00b0, en horas de la madrugada, un sujeto se introdujo previo escalar un tapial, a &#8230; <a title=\"Menor aprehendido por intento de robo en panader\u00eda\" class=\"read-more\" href=\"https:\/\/www.hoymercedes.com.ar\/principal\/2019\/08\/03\/menor-aprehendido-por-intento-de-robo-en-panaderia\/\" aria-label=\"Leer m\u00e1s sobre Menor aprehendido por intento de robo en panader\u00eda\">Leer m\u00e1s<\/a><\/p>\n","protected":false},"author":1,"featured_media":92785,"comment_status":"closed","ping_status":"open","sticky":false,"template":"","format":"standard","meta":{"_monsterinsights_skip_tracking":false,"_monsterinsights_sitenote_active":false,"_monsterinsights_sitenote_note":"","_monsterinsights_sitenote_category":0,"jetpack_post_was_ever_published":false,"_jetpack_newsletter_access":"","_jetpack_dont_email_post_to_subs":false,"_jetpack_newsletter_tier_id":0,"_jetpack_memberships_contains_paywalled_content":false,"_jetpack_memberships_contains_paid_content":false,"footnotes":"","jetpack_publicize_message":"","jetpack_publicize_feature_enabled":true,"jetpack_social_post_already_shared":true,"jetpack_social_options":{"image_generator_settings":{"template":"highway","default_image_id":0,"font":"","enabled":false},"version":2},"_wpas_customize_per_network":false},"categories":[85],"tags":[215,9391,96,889],"class_list":["post-97528","post","type-post","status-publish","format-standard","has-post-thumbnail","hentry","category-policial","tag-detenciones","tag-panaderia","tag-policial-2","tag-robo","generate-columns","tablet-grid-50","mobile-grid-100","grid-parent","grid-50"],"jetpack_publicize_connections":[],"jetpack_featured_media_url":"https:\/\/www.hoymercedes.com.ar\/principal\/wp-content\/uploads\/2019\/05\/12-policia-patrulleros.jpg","wps_subtitle":"Detenciones","jetpack_sharing_enabled":true,"_links":{"self":[{"href":"https:\/\/www.hoymercedes.com.ar\/principal\/wp-json\/wp\/v2\/posts\/97528","targetHints":{"allow":["GET"]}}],"collection":[{"href":"https:\/\/www.hoymercedes.com.ar\/principal\/wp-json\/wp\/v2\/posts"}],"about":[{"href":"https:\/\/www.hoymercedes.com.ar\/principal\/wp-json\/wp\/v2\/types\/post"}],"author":[{"embeddable":true,"href":"https:\/\/www.hoymercedes.com.ar\/principal\/wp-json\/wp\/v2\/users\/1"}],"replies":[{"embeddable":true,"href":"https:\/\/www.hoymercedes.com.ar\/principal\/wp-json\/wp\/v2\/comments?post=97528"}],"version-history":[{"count":0,"href":"https:\/\/www.hoymercedes.com.ar\/principal\/wp-json\/wp\/v2\/posts\/97528\/revisions"}],"wp:featuredmedia":[{"embeddable":true,"href":"https:\/\/www.hoymercedes.com.ar\/principal\/wp-json\/wp\/v2\/media\/92785"}],"wp:attachment":[{"href":"https:\/\/www.hoymercedes.com.ar\/principal\/wp-json\/wp\/v2\/media?parent=97528"}],"wp:term":[{"taxonomy":"category","embeddable":true,"href":"https:\/\/www.hoymercedes.com.ar\/principal\/wp-json\/wp\/v2\/categories?post=97528"},{"taxonomy":"post_tag","embeddable":true,"href":"https:\/\/www.hoymercedes.com.ar\/principal\/wp-json\/wp\/v2\/tags?post=97528"}],"curies":[{"name":"wp","href":"https:\/\/api.w.org\/{rel}","templated":true}]}}