{"id":97531,"date":"2019-08-03T09:18:01","date_gmt":"2019-08-03T12:18:01","guid":{"rendered":"http:\/\/www.hoymercedes.com.ar\/principal\/?p=97531"},"modified":"2019-08-02T18:57:56","modified_gmt":"2019-08-02T21:57:56","slug":"el-salon-de-fotografia-recibira-las-obras-a-partir-del-5-de-agosto","status":"publish","type":"post","link":"https:\/\/www.hoymercedes.com.ar\/principal\/2019\/08\/03\/el-salon-de-fotografia-recibira-las-obras-a-partir-del-5-de-agosto\/","title":{"rendered":"El Sal\u00f3n de Fotograf\u00eda recibir\u00e1 las obras a partir del 5 de agosto"},"content":{"rendered":"\n<p><em>Por TeCleArte &#8211; La primera instancia comienza el lunes y se extiende hasta el 23 de agosto. Durante ese per\u00edodo el MAMM recibir\u00e1 por correo electr\u00f3nico las fotograf\u00edas concursantes para una preselecci\u00f3n. El Sal\u00f3n se inaugurar\u00e1 el 21 de septiembre. <\/em><\/p>\n\n\n\n<figure class=\"wp-block-image\"><img loading=\"lazy\" decoding=\"async\" width=\"750\" height=\"432\" data-attachment-id=\"97532\" data-permalink=\"https:\/\/www.hoymercedes.com.ar\/principal\/2019\/08\/03\/el-salon-de-fotografia-recibira-las-obras-a-partir-del-5-de-agosto\/03-salonfotografia\/#main\" data-orig-file=\"https:\/\/www.hoymercedes.com.ar\/principal\/wp-content\/uploads\/2019\/08\/03-salonfotografia.jpg\" data-orig-size=\"750,432\" data-comments-opened=\"0\" data-image-meta=\"{&quot;aperture&quot;:&quot;0&quot;,&quot;credit&quot;:&quot;&quot;,&quot;camera&quot;:&quot;&quot;,&quot;caption&quot;:&quot;&quot;,&quot;created_timestamp&quot;:&quot;0&quot;,&quot;copyright&quot;:&quot;&quot;,&quot;focal_length&quot;:&quot;0&quot;,&quot;iso&quot;:&quot;0&quot;,&quot;shutter_speed&quot;:&quot;0&quot;,&quot;title&quot;:&quot;&quot;,&quot;orientation&quot;:&quot;0&quot;}\" data-image-title=\"03-salonfotografia\" data-image-description=\"\" data-image-caption=\"\" data-large-file=\"https:\/\/www.hoymercedes.com.ar\/principal\/wp-content\/uploads\/2019\/08\/03-salonfotografia.jpg\" src=\"https:\/\/www.hoymercedes.com.ar\/principal\/wp-content\/uploads\/2019\/08\/03-salonfotografia.jpg\" alt=\"\" class=\"wp-image-97532\" srcset=\"https:\/\/www.hoymercedes.com.ar\/principal\/wp-content\/uploads\/2019\/08\/03-salonfotografia.jpg 750w, https:\/\/www.hoymercedes.com.ar\/principal\/wp-content\/uploads\/2019\/08\/03-salonfotografia-150x86.jpg 150w, https:\/\/www.hoymercedes.com.ar\/principal\/wp-content\/uploads\/2019\/08\/03-salonfotografia-630x363.jpg 630w\" sizes=\"auto, (max-width: 750px) 100vw, 750px\" \/><\/figure>\n\n\n\n<p>Desde el Museo de Arte \u201cMunicipalidad de Mercedes\u201d y la\nDirecci\u00f3n de Cultura se hizo p\u00fablica la convocatoria para participar del 11\u00b0\nSal\u00f3n Anual Nacional de Fotograf\u00eda. Este lunes comenzar\u00e1 la recepci\u00f3n de las\nim\u00e1genes en digital para el inicio de preselecci\u00f3n de un sal\u00f3n que se inaugurar\u00e1\nel venidero 21 de septiembre. <\/p>\n\n\n\n<p>Fot\u00f3grafos, aficionados o profesionales, mayores de 18\na\u00f1os, residentes de todo el pa\u00eds pueden participar del certamen de fotograf\u00eda\nde la ciudad que tiene una inscripci\u00f3n libre y gratuita. La categor\u00eda para\ninscribirse es \u00fanica, no importa si las im\u00e1genes son a colores o en blanco y\nnegro, ni el tema de la fotograf\u00eda. <\/p>\n\n\n\n<p>Cada autor podr\u00e1 presentar hasta dos fotograf\u00edas. En la\nprimera instancia que comienza el 5 de agosto, las im\u00e1genes deben mandarse por\ncorreo electr\u00f3nico a museodeartemamm@gmail.com, detallando en el asunto \u201c11\u00ba\nSal\u00f3n de Fotograf\u00eda Mercedes\u201d, en formato JPG, en 72 dpi de resoluci\u00f3n, con un\ntama\u00f1o no mayor de 1600 x 1200 pixeles y con un peso que no supere los 4MB cada\nuna. En el mismo correo, se enviar\u00e1n los datos: seud\u00f3nimo, nombre y apellido,\ndocumento de identidad, fecha de nacimiento, edad, domicilio, tel\u00e9fono de\ncontacto, t\u00edtulo de las obras presentadas, tama\u00f1o y caracter\u00edsticas que tendr\u00e1\nsu presentaci\u00f3n final en papel. Para luego desde el MAMM responder con un\nc\u00f3digo de identificaci\u00f3n para el concurso. Los fot\u00f3grafos tendr\u00e1n hasta el 23\nde agosto para esta primera instancia. <\/p>\n\n\n\n<p>Luego de esa fecha, el jurado har\u00e1 una preselecci\u00f3n de\nlas fotograf\u00edas para solicitar que los elegidos presentes sus im\u00e1genes impresas\npara exponer. Aqu\u00ed inicia la segunda instancia en donde los preseleccionados\ntienen entre el 2 y el 16 de septiembre para presentar la fotograf\u00eda lista para\nel Sal\u00f3n y para la selecci\u00f3n final de parte del jurado que se har\u00e1 luego de esa\nfecha. <\/p>\n\n\n\n<p>Este a\u00f1o, el Sal\u00f3n de Fotograf\u00eda tendr\u00e1 premios\nadquisici\u00f3n y menciones. El 1\u00ba premio ser\u00e1 de $10.000, medalla y diploma;&nbsp;as\u00ed\ncomo el 2\u00ba Premio de $8.000 con medalla y diploma. El premio al artista local\nser\u00e1 mayor. $12 mil recibir\u00e1 el fot\u00f3grafo de Mercedes que gane el premio. En\ncaso que el 1\u00b0 o el 2\u00b0 premio fuese de fot\u00f3grafo mercedino, no participar\u00e1 por\nel premio local. Se entregar\u00e1n Diplomas de Menci\u00f3n a las obras que determine el\njurado.<\/p>\n\n\n\n<p>La entrega de premios ser\u00e1 el 21 de septiembre, a la hora\n20, en el MAMM. Ese mismo d\u00eda se inaugurar\u00e1 el Sal\u00f3n de Fotograf\u00eda que quedar\u00e1\nen exposici\u00f3n hasta el 13 de octubre. <\/p>\n","protected":false},"excerpt":{"rendered":"<p>Por TeCleArte &#8211; La primera instancia comienza el lunes y se extiende hasta el 23 de agosto. Durante ese per\u00edodo &#8230; <a title=\"El Sal\u00f3n de Fotograf\u00eda recibir\u00e1 las obras a partir del 5 de agosto\" class=\"read-more\" href=\"https:\/\/www.hoymercedes.com.ar\/principal\/2019\/08\/03\/el-salon-de-fotografia-recibira-las-obras-a-partir-del-5-de-agosto\/\" aria-label=\"Leer m\u00e1s sobre El Sal\u00f3n de Fotograf\u00eda recibir\u00e1 las obras a partir del 5 de agosto\">Leer m\u00e1s<\/a><\/p>\n","protected":false},"author":1,"featured_media":97532,"comment_status":"closed","ping_status":"open","sticky":false,"template":"","format":"standard","meta":{"_monsterinsights_skip_tracking":false,"_monsterinsights_sitenote_active":false,"_monsterinsights_sitenote_note":"","_monsterinsights_sitenote_category":0,"jetpack_post_was_ever_published":false,"_jetpack_newsletter_access":"","_jetpack_dont_email_post_to_subs":false,"_jetpack_newsletter_tier_id":0,"_jetpack_memberships_contains_paywalled_content":false,"_jetpack_memberships_contains_paid_content":false,"footnotes":"","jetpack_publicize_message":"","jetpack_publicize_feature_enabled":true,"jetpack_social_post_already_shared":true,"jetpack_social_options":{"image_generator_settings":{"template":"highway","default_image_id":0,"font":"","enabled":false},"version":2},"_wpas_customize_per_network":false},"categories":[104],"tags":[739,8674,244,9632],"class_list":["post-97531","post","type-post","status-publish","format-standard","has-post-thumbnail","hentry","category-cultura","tag-direccion-de-cultura","tag-mamm","tag-municipio-2","tag-salon-de-fotografia","generate-columns","tablet-grid-50","mobile-grid-100","grid-parent","grid-50"],"jetpack_publicize_connections":[],"jetpack_featured_media_url":"https:\/\/www.hoymercedes.com.ar\/principal\/wp-content\/uploads\/2019\/08\/03-salonfotografia.jpg","wps_subtitle":"La inauguraci\u00f3n ser\u00e1 en septiembre","jetpack_sharing_enabled":true,"_links":{"self":[{"href":"https:\/\/www.hoymercedes.com.ar\/principal\/wp-json\/wp\/v2\/posts\/97531","targetHints":{"allow":["GET"]}}],"collection":[{"href":"https:\/\/www.hoymercedes.com.ar\/principal\/wp-json\/wp\/v2\/posts"}],"about":[{"href":"https:\/\/www.hoymercedes.com.ar\/principal\/wp-json\/wp\/v2\/types\/post"}],"author":[{"embeddable":true,"href":"https:\/\/www.hoymercedes.com.ar\/principal\/wp-json\/wp\/v2\/users\/1"}],"replies":[{"embeddable":true,"href":"https:\/\/www.hoymercedes.com.ar\/principal\/wp-json\/wp\/v2\/comments?post=97531"}],"version-history":[{"count":0,"href":"https:\/\/www.hoymercedes.com.ar\/principal\/wp-json\/wp\/v2\/posts\/97531\/revisions"}],"wp:featuredmedia":[{"embeddable":true,"href":"https:\/\/www.hoymercedes.com.ar\/principal\/wp-json\/wp\/v2\/media\/97532"}],"wp:attachment":[{"href":"https:\/\/www.hoymercedes.com.ar\/principal\/wp-json\/wp\/v2\/media?parent=97531"}],"wp:term":[{"taxonomy":"category","embeddable":true,"href":"https:\/\/www.hoymercedes.com.ar\/principal\/wp-json\/wp\/v2\/categories?post=97531"},{"taxonomy":"post_tag","embeddable":true,"href":"https:\/\/www.hoymercedes.com.ar\/principal\/wp-json\/wp\/v2\/tags?post=97531"}],"curies":[{"name":"wp","href":"https:\/\/api.w.org\/{rel}","templated":true}]}}