{"id":97561,"date":"2019-08-03T15:34:46","date_gmt":"2019-08-03T18:34:46","guid":{"rendered":"http:\/\/www.hoymercedes.com.ar\/principal\/?p=97561"},"modified":"2019-08-04T09:01:17","modified_gmt":"2019-08-04T12:01:17","slug":"urtubey-en-mercedes-el-empuje-de-los-jovenes-nos-muestra-que-otra-argentina-es-posible","status":"publish","type":"post","link":"https:\/\/www.hoymercedes.com.ar\/principal\/2019\/08\/03\/urtubey-en-mercedes-el-empuje-de-los-jovenes-nos-muestra-que-otra-argentina-es-posible\/","title":{"rendered":"Urtubey en Mercedes: \u201cEl empuje de los j\u00f3venes nos muestra que otra Argentina es posible\u00bb"},"content":{"rendered":"\n<p>El precandidato a vicepresidente por Consenso Federal y, junto al aspirante a la intendencia por el espacio que encabeza junto a Lavagna, Francisco \u201cPacha\u201d Cardozo, el precandidato a diputado provincial Fernando Rozas y Graciela Cama\u00f1o, recorrieron las calles mercedinas este s\u00e1bado a la ma\u00f1ana.<\/p>\n\n\n\n<figure class=\"wp-block-image\"><img loading=\"lazy\" decoding=\"async\" width=\"800\" height=\"600\" data-attachment-id=\"97562\" data-permalink=\"https:\/\/www.hoymercedes.com.ar\/principal\/2019\/08\/03\/urtubey-en-mercedes-el-empuje-de-los-jovenes-nos-muestra-que-otra-argentina-es-posible\/03-urtubey-00\/#main\" data-orig-file=\"https:\/\/www.hoymercedes.com.ar\/principal\/wp-content\/uploads\/2019\/08\/03-urtubey-00.jpg\" data-orig-size=\"800,600\" data-comments-opened=\"0\" data-image-meta=\"{&quot;aperture&quot;:&quot;0&quot;,&quot;credit&quot;:&quot;&quot;,&quot;camera&quot;:&quot;&quot;,&quot;caption&quot;:&quot;&quot;,&quot;created_timestamp&quot;:&quot;0&quot;,&quot;copyright&quot;:&quot;&quot;,&quot;focal_length&quot;:&quot;0&quot;,&quot;iso&quot;:&quot;0&quot;,&quot;shutter_speed&quot;:&quot;0&quot;,&quot;title&quot;:&quot;&quot;,&quot;orientation&quot;:&quot;0&quot;}\" data-image-title=\"03-urtubey-00\" data-image-description=\"\" data-image-caption=\"\" data-large-file=\"https:\/\/www.hoymercedes.com.ar\/principal\/wp-content\/uploads\/2019\/08\/03-urtubey-00.jpg\" src=\"https:\/\/www.hoymercedes.com.ar\/principal\/wp-content\/uploads\/2019\/08\/03-urtubey-00.jpg\" alt=\"\" class=\"wp-image-97562\" srcset=\"https:\/\/www.hoymercedes.com.ar\/principal\/wp-content\/uploads\/2019\/08\/03-urtubey-00.jpg 800w, https:\/\/www.hoymercedes.com.ar\/principal\/wp-content\/uploads\/2019\/08\/03-urtubey-00-150x113.jpg 150w, https:\/\/www.hoymercedes.com.ar\/principal\/wp-content\/uploads\/2019\/08\/03-urtubey-00-630x473.jpg 630w, https:\/\/www.hoymercedes.com.ar\/principal\/wp-content\/uploads\/2019\/08\/03-urtubey-00-320x240.jpg 320w, https:\/\/www.hoymercedes.com.ar\/principal\/wp-content\/uploads\/2019\/08\/03-urtubey-00-100x75.jpg 100w\" sizes=\"auto, (max-width: 800px) 100vw, 800px\" \/><\/figure>\n\n\n\n<p>Con una c\u00e1lida recepci\u00f3n de los vecinos, en el centro comercial, los referentes de Consenso Federal dieron detalles sobre las propuestas que presentaron Lavagna y Urtubey el jueves pasado en el marco del programa denominado ReactivArgentina que incluye, entre otras cosas, aumento del salario m\u00ednimo, desdolarizaci\u00f3n de tarifas, impuesto a las ganancias 0 para pymes que reinviertan y eliminaci\u00f3n del IVA en alimentos de la canasta b\u00e1sica.<\/p>\n\n\n\n<p>\u201cLa grieta es m\u00e1s grande que las elecciones anteriores, pero conf\u00edamos en el apoyo de los vecinos que est\u00e1n cansados del macrismo y del kirchnerismo\u201d, asegur\u00f3 Pacha Cardozo en l\u00ednea con lo que se\u00f1ala Juan Manuel Urtubey y enfatiz\u00f3: \u201cEs una decisi\u00f3n mutua. Nosotros elegimos estar en Consenso Federal porque es el que est\u00e1 por fuera de la grieta. Representamos a todos los vecinos de Mercedes en la provincia de Buenos Aires y a los argentinos que no comulgamos con el pasado y con el dif\u00edcil momento que se est\u00e1 viviendo en la actualidad. Por eso, tambi\u00e9n, Lavagna y Urtubey dan su respaldo a la Agrupaci\u00f3n 25 de Mayo que ha venido creciendo constantemente\u201d.<\/p>\n\n\n\n<figure class=\"wp-block-image\"><img loading=\"lazy\" decoding=\"async\" width=\"800\" height=\"600\" data-attachment-id=\"97563\" data-permalink=\"https:\/\/www.hoymercedes.com.ar\/principal\/2019\/08\/03\/urtubey-en-mercedes-el-empuje-de-los-jovenes-nos-muestra-que-otra-argentina-es-posible\/03-urtubey-600\/#main\" data-orig-file=\"https:\/\/www.hoymercedes.com.ar\/principal\/wp-content\/uploads\/2019\/08\/03-urtubey-600.jpg\" data-orig-size=\"800,600\" data-comments-opened=\"0\" data-image-meta=\"{&quot;aperture&quot;:&quot;0&quot;,&quot;credit&quot;:&quot;&quot;,&quot;camera&quot;:&quot;&quot;,&quot;caption&quot;:&quot;&quot;,&quot;created_timestamp&quot;:&quot;0&quot;,&quot;copyright&quot;:&quot;&quot;,&quot;focal_length&quot;:&quot;0&quot;,&quot;iso&quot;:&quot;0&quot;,&quot;shutter_speed&quot;:&quot;0&quot;,&quot;title&quot;:&quot;&quot;,&quot;orientation&quot;:&quot;0&quot;}\" data-image-title=\"03 urtubey 600\" data-image-description=\"\" data-image-caption=\"\" data-large-file=\"https:\/\/www.hoymercedes.com.ar\/principal\/wp-content\/uploads\/2019\/08\/03-urtubey-600.jpg\" src=\"https:\/\/www.hoymercedes.com.ar\/principal\/wp-content\/uploads\/2019\/08\/03-urtubey-600.jpg\" alt=\"\" class=\"wp-image-97563\" srcset=\"https:\/\/www.hoymercedes.com.ar\/principal\/wp-content\/uploads\/2019\/08\/03-urtubey-600.jpg 800w, https:\/\/www.hoymercedes.com.ar\/principal\/wp-content\/uploads\/2019\/08\/03-urtubey-600-150x113.jpg 150w, https:\/\/www.hoymercedes.com.ar\/principal\/wp-content\/uploads\/2019\/08\/03-urtubey-600-630x473.jpg 630w, https:\/\/www.hoymercedes.com.ar\/principal\/wp-content\/uploads\/2019\/08\/03-urtubey-600-320x240.jpg 320w, https:\/\/www.hoymercedes.com.ar\/principal\/wp-content\/uploads\/2019\/08\/03-urtubey-600-100x75.jpg 100w\" sizes=\"auto, (max-width: 800px) 100vw, 800px\" \/><\/figure>\n\n\n\n<p>Acompa\u00f1ados por otros integrantes de la lista de Consenso Federal de Mercedes, estuvieron en la Catedral que, pese a ser monumento hist\u00f3rico nacional, no tiene el mantenimiento suficiente por lo cual plantearon a Urtubey la necesidad de contar con fondos provinciales y nacionales para hacerlo. Tambi\u00e9n visitaron a los expositores en el Paseo del Vino.<\/p>\n\n\n\n<p>Francisco \u201cPacha\u201d Cardozo comparti\u00f3 con Juan Manuel Urtubey su anhelo tener una universidad en Mercedes y plante\u00f3 que, si es elegido, ceder\u00e1 el palacio municipal para que lo ocupen sedes de universidades p\u00fablicas y privadas. \u201cSue\u00f1o con que la intendencia no sea de un partido pol\u00edtico, sino de todos los vecinos y este es un anhelo que compartimos\u201d.<\/p>\n\n\n\n<p>\u201cTenemos que entender que sin una juventud integrada a la sociedad y con ganas de que Argentina crezca en serio, no podemos pensar en el futuro\u201d, remarc\u00f3 Urtubey y agreg\u00f3: \u201cEl potencial de nuestros j\u00f3venes es infinito. S\u00e9 de la importancia de escucharlos, incentivarlos y acompa\u00f1arlos. Yo tuve esa oportunidad y hoy aspiro a conducir los destinos de nuestro pa\u00eds con Roberto Lavagna despu\u00e9s de haber sido diputado provincial, diputado nacional y 12 a\u00f1os gobernador. Por eso me entusiasma tanto estar ac\u00e1 trabajando con Pacha Cardozo as\u00ed como con Bali Bucca o en Mar del Pata con Santiago Bonifatti como muchos otros referentes j\u00f3venes que creen que debemos salir de las propuestas del miedo y el ajuste que tanto mal nos hacen\u201d.<\/p>\n\n\n\n<div class=\"wp-block-jetpack-slideshow aligncenter\" data-effect=\"slide\"><div class=\"wp-block-jetpack-slideshow_container swiper-container\"><ul class=\"wp-block-jetpack-slideshow_swiper-wrapper swiper-wrapper\"><li class=\"wp-block-jetpack-slideshow_slide swiper-slide\"><figure><img loading=\"lazy\" decoding=\"async\" width=\"750\" height=\"563\" alt=\"\" class=\"wp-block-jetpack-slideshow_image wp-image-97578\" data-id=\"97578\" src=\"https:\/\/www.hoymercedes.com.ar\/principal\/wp-content\/uploads\/2019\/08\/03-urtubey-1.jpg\" srcset=\"https:\/\/www.hoymercedes.com.ar\/principal\/wp-content\/uploads\/2019\/08\/03-urtubey-1.jpg 750w, https:\/\/www.hoymercedes.com.ar\/principal\/wp-content\/uploads\/2019\/08\/03-urtubey-1-150x113.jpg 150w, https:\/\/www.hoymercedes.com.ar\/principal\/wp-content\/uploads\/2019\/08\/03-urtubey-1-630x473.jpg 630w, https:\/\/www.hoymercedes.com.ar\/principal\/wp-content\/uploads\/2019\/08\/03-urtubey-1-320x240.jpg 320w, https:\/\/www.hoymercedes.com.ar\/principal\/wp-content\/uploads\/2019\/08\/03-urtubey-1-100x75.jpg 100w\" sizes=\"(max-width: 750px) 100vw, 750px\" \/><\/figure><\/li><li class=\"wp-block-jetpack-slideshow_slide swiper-slide\"><figure><img loading=\"lazy\" decoding=\"async\" width=\"750\" height=\"563\" alt=\"\" class=\"wp-block-jetpack-slideshow_image wp-image-97579\" data-id=\"97579\" src=\"https:\/\/www.hoymercedes.com.ar\/principal\/wp-content\/uploads\/2019\/08\/03-urtubey-2.jpg\" srcset=\"https:\/\/www.hoymercedes.com.ar\/principal\/wp-content\/uploads\/2019\/08\/03-urtubey-2.jpg 750w, https:\/\/www.hoymercedes.com.ar\/principal\/wp-content\/uploads\/2019\/08\/03-urtubey-2-150x113.jpg 150w, https:\/\/www.hoymercedes.com.ar\/principal\/wp-content\/uploads\/2019\/08\/03-urtubey-2-630x473.jpg 630w, https:\/\/www.hoymercedes.com.ar\/principal\/wp-content\/uploads\/2019\/08\/03-urtubey-2-320x240.jpg 320w, https:\/\/www.hoymercedes.com.ar\/principal\/wp-content\/uploads\/2019\/08\/03-urtubey-2-100x75.jpg 100w\" sizes=\"(max-width: 750px) 100vw, 750px\" \/><\/figure><\/li><li class=\"wp-block-jetpack-slideshow_slide swiper-slide\"><figure><img loading=\"lazy\" decoding=\"async\" width=\"750\" height=\"563\" alt=\"\" class=\"wp-block-jetpack-slideshow_image wp-image-97580\" data-id=\"97580\" src=\"https:\/\/www.hoymercedes.com.ar\/principal\/wp-content\/uploads\/2019\/08\/03-urtubey-3.jpg\" srcset=\"https:\/\/www.hoymercedes.com.ar\/principal\/wp-content\/uploads\/2019\/08\/03-urtubey-3.jpg 750w, https:\/\/www.hoymercedes.com.ar\/principal\/wp-content\/uploads\/2019\/08\/03-urtubey-3-150x113.jpg 150w, https:\/\/www.hoymercedes.com.ar\/principal\/wp-content\/uploads\/2019\/08\/03-urtubey-3-630x473.jpg 630w, https:\/\/www.hoymercedes.com.ar\/principal\/wp-content\/uploads\/2019\/08\/03-urtubey-3-320x240.jpg 320w, https:\/\/www.hoymercedes.com.ar\/principal\/wp-content\/uploads\/2019\/08\/03-urtubey-3-100x75.jpg 100w\" sizes=\"(max-width: 750px) 100vw, 750px\" \/><\/figure><\/li><li class=\"wp-block-jetpack-slideshow_slide swiper-slide\"><figure><img loading=\"lazy\" decoding=\"async\" width=\"750\" height=\"563\" alt=\"\" class=\"wp-block-jetpack-slideshow_image wp-image-97581\" data-id=\"97581\" src=\"https:\/\/www.hoymercedes.com.ar\/principal\/wp-content\/uploads\/2019\/08\/03-urtubey-4.jpg\" srcset=\"https:\/\/www.hoymercedes.com.ar\/principal\/wp-content\/uploads\/2019\/08\/03-urtubey-4.jpg 750w, https:\/\/www.hoymercedes.com.ar\/principal\/wp-content\/uploads\/2019\/08\/03-urtubey-4-150x113.jpg 150w, https:\/\/www.hoymercedes.com.ar\/principal\/wp-content\/uploads\/2019\/08\/03-urtubey-4-630x473.jpg 630w, https:\/\/www.hoymercedes.com.ar\/principal\/wp-content\/uploads\/2019\/08\/03-urtubey-4-320x240.jpg 320w, https:\/\/www.hoymercedes.com.ar\/principal\/wp-content\/uploads\/2019\/08\/03-urtubey-4-100x75.jpg 100w\" sizes=\"(max-width: 750px) 100vw, 750px\" \/><\/figure><\/li><li class=\"wp-block-jetpack-slideshow_slide swiper-slide\"><figure><img loading=\"lazy\" decoding=\"async\" width=\"750\" height=\"563\" alt=\"\" class=\"wp-block-jetpack-slideshow_image wp-image-97582\" data-id=\"97582\" src=\"https:\/\/www.hoymercedes.com.ar\/principal\/wp-content\/uploads\/2019\/08\/03-urtubey-5.jpg\" srcset=\"https:\/\/www.hoymercedes.com.ar\/principal\/wp-content\/uploads\/2019\/08\/03-urtubey-5.jpg 750w, https:\/\/www.hoymercedes.com.ar\/principal\/wp-content\/uploads\/2019\/08\/03-urtubey-5-150x113.jpg 150w, https:\/\/www.hoymercedes.com.ar\/principal\/wp-content\/uploads\/2019\/08\/03-urtubey-5-630x473.jpg 630w, https:\/\/www.hoymercedes.com.ar\/principal\/wp-content\/uploads\/2019\/08\/03-urtubey-5-320x240.jpg 320w, https:\/\/www.hoymercedes.com.ar\/principal\/wp-content\/uploads\/2019\/08\/03-urtubey-5-100x75.jpg 100w\" sizes=\"(max-width: 750px) 100vw, 750px\" \/><\/figure><\/li><li class=\"wp-block-jetpack-slideshow_slide swiper-slide\"><figure><img loading=\"lazy\" decoding=\"async\" width=\"800\" height=\"600\" alt=\"\" class=\"wp-block-jetpack-slideshow_image wp-image-97564\" data-id=\"97564\" src=\"https:\/\/www.hoymercedes.com.ar\/principal\/wp-content\/uploads\/2019\/08\/03-urtubey-0.jpg\" srcset=\"https:\/\/www.hoymercedes.com.ar\/principal\/wp-content\/uploads\/2019\/08\/03-urtubey-0.jpg 800w, https:\/\/www.hoymercedes.com.ar\/principal\/wp-content\/uploads\/2019\/08\/03-urtubey-0-150x113.jpg 150w, https:\/\/www.hoymercedes.com.ar\/principal\/wp-content\/uploads\/2019\/08\/03-urtubey-0-630x473.jpg 630w, https:\/\/www.hoymercedes.com.ar\/principal\/wp-content\/uploads\/2019\/08\/03-urtubey-0-320x240.jpg 320w, https:\/\/www.hoymercedes.com.ar\/principal\/wp-content\/uploads\/2019\/08\/03-urtubey-0-100x75.jpg 100w\" sizes=\"(max-width: 800px) 100vw, 800px\" \/><\/figure><\/li><li class=\"wp-block-jetpack-slideshow_slide swiper-slide\"><figure><img loading=\"lazy\" decoding=\"async\" width=\"800\" height=\"600\" alt=\"\" class=\"wp-block-jetpack-slideshow_image wp-image-97565\" data-id=\"97565\" src=\"https:\/\/www.hoymercedes.com.ar\/principal\/wp-content\/uploads\/2019\/08\/03-cama\u00f1o-0.jpg\" srcset=\"https:\/\/www.hoymercedes.com.ar\/principal\/wp-content\/uploads\/2019\/08\/03-cama\u00f1o-0.jpg 800w, https:\/\/www.hoymercedes.com.ar\/principal\/wp-content\/uploads\/2019\/08\/03-cama\u00f1o-0-150x113.jpg 150w, https:\/\/www.hoymercedes.com.ar\/principal\/wp-content\/uploads\/2019\/08\/03-cama\u00f1o-0-630x473.jpg 630w, https:\/\/www.hoymercedes.com.ar\/principal\/wp-content\/uploads\/2019\/08\/03-cama\u00f1o-0-320x240.jpg 320w, https:\/\/www.hoymercedes.com.ar\/principal\/wp-content\/uploads\/2019\/08\/03-cama\u00f1o-0-100x75.jpg 100w\" sizes=\"(max-width: 800px) 100vw, 800px\" \/><\/figure><\/li><\/ul><a class=\"wp-block-jetpack-slideshow_button-prev swiper-button-prev swiper-button-white\" role=\"button\"><\/a><a class=\"wp-block-jetpack-slideshow_button-next swiper-button-next swiper-button-white\" role=\"button\"><\/a><a aria-label=\"Pause Slideshow\" class=\"wp-block-jetpack-slideshow_button-pause\" role=\"button\"><\/a><div class=\"wp-block-jetpack-slideshow_pagination swiper-pagination swiper-pagination-white\"><\/div><\/div><\/div>\n","protected":false},"excerpt":{"rendered":"<p>El precandidato a vicepresidente por Consenso Federal y, junto al aspirante a la intendencia por el espacio que encabeza junto &#8230; <a title=\"Urtubey en Mercedes: \u201cEl empuje de los j\u00f3venes nos muestra que otra Argentina es posible\u00bb\" class=\"read-more\" href=\"https:\/\/www.hoymercedes.com.ar\/principal\/2019\/08\/03\/urtubey-en-mercedes-el-empuje-de-los-jovenes-nos-muestra-que-otra-argentina-es-posible\/\" aria-label=\"Leer m\u00e1s sobre Urtubey en Mercedes: \u201cEl empuje de los j\u00f3venes nos muestra que otra Argentina es posible\u00bb\">Leer m\u00e1s<\/a><\/p>\n","protected":false},"author":1,"featured_media":97563,"comment_status":"closed","ping_status":"open","sticky":false,"template":"","format":"standard","meta":{"_monsterinsights_skip_tracking":false,"_monsterinsights_sitenote_active":false,"_monsterinsights_sitenote_note":"","_monsterinsights_sitenote_category":0,"jetpack_post_was_ever_published":false,"_jetpack_newsletter_access":"","_jetpack_dont_email_post_to_subs":false,"_jetpack_newsletter_tier_id":0,"_jetpack_memberships_contains_paywalled_content":false,"_jetpack_memberships_contains_paid_content":false,"footnotes":"","jetpack_publicize_message":"","jetpack_publicize_feature_enabled":true,"jetpack_social_post_already_shared":true,"jetpack_social_options":{"image_generator_settings":{"template":"highway","default_image_id":0,"font":"","enabled":false},"version":2},"_wpas_customize_per_network":false},"categories":[5],"tags":[15579,15379,14403,14199],"class_list":["post-97561","post","type-post","status-publish","format-standard","has-post-thumbnail","hentry","category-politica","tag-candidatos-de-visita","tag-consenso-federal","tag-elecciones-2019","tag-politica","generate-columns","tablet-grid-50","mobile-grid-100","grid-parent","grid-50"],"jetpack_publicize_connections":[],"jetpack_featured_media_url":"https:\/\/www.hoymercedes.com.ar\/principal\/wp-content\/uploads\/2019\/08\/03-urtubey-600.jpg","wps_subtitle":"Ma\u00f1ana de recorrida con candidatos locales","jetpack_sharing_enabled":true,"_links":{"self":[{"href":"https:\/\/www.hoymercedes.com.ar\/principal\/wp-json\/wp\/v2\/posts\/97561","targetHints":{"allow":["GET"]}}],"collection":[{"href":"https:\/\/www.hoymercedes.com.ar\/principal\/wp-json\/wp\/v2\/posts"}],"about":[{"href":"https:\/\/www.hoymercedes.com.ar\/principal\/wp-json\/wp\/v2\/types\/post"}],"author":[{"embeddable":true,"href":"https:\/\/www.hoymercedes.com.ar\/principal\/wp-json\/wp\/v2\/users\/1"}],"replies":[{"embeddable":true,"href":"https:\/\/www.hoymercedes.com.ar\/principal\/wp-json\/wp\/v2\/comments?post=97561"}],"version-history":[{"count":0,"href":"https:\/\/www.hoymercedes.com.ar\/principal\/wp-json\/wp\/v2\/posts\/97561\/revisions"}],"wp:featuredmedia":[{"embeddable":true,"href":"https:\/\/www.hoymercedes.com.ar\/principal\/wp-json\/wp\/v2\/media\/97563"}],"wp:attachment":[{"href":"https:\/\/www.hoymercedes.com.ar\/principal\/wp-json\/wp\/v2\/media?parent=97561"}],"wp:term":[{"taxonomy":"category","embeddable":true,"href":"https:\/\/www.hoymercedes.com.ar\/principal\/wp-json\/wp\/v2\/categories?post=97561"},{"taxonomy":"post_tag","embeddable":true,"href":"https:\/\/www.hoymercedes.com.ar\/principal\/wp-json\/wp\/v2\/tags?post=97561"}],"curies":[{"name":"wp","href":"https:\/\/api.w.org\/{rel}","templated":true}]}}