{"id":97585,"date":"2019-08-04T09:30:35","date_gmt":"2019-08-04T12:30:35","guid":{"rendered":"http:\/\/www.hoymercedes.com.ar\/principal\/?p=97585"},"modified":"2019-08-04T09:33:12","modified_gmt":"2019-08-04T12:33:12","slug":"carlos-selva-volvemos-para-ser-mejores","status":"publish","type":"post","link":"https:\/\/www.hoymercedes.com.ar\/principal\/2019\/08\/04\/carlos-selva-volvemos-para-ser-mejores\/","title":{"rendered":"Carlos Selva: \u201cVolvemos para ser mejores\u201d"},"content":{"rendered":"\n<p>\u201cVolvemos para ser mejores\u201d, se\u00f1al\u00f3 en diputado nacional Carlos Selva, respecto a las\u00a0expectativas \u00a0electorales del Frente de Todos, la alianza de partido conformada por un amplio sector de la oposici\u00f3n y que el legislador integra como referente del Frente Renovador.<\/p>\n\n\n\n<figure class=\"wp-block-image\"><img loading=\"lazy\" decoding=\"async\" width=\"750\" height=\"499\" data-attachment-id=\"97586\" data-permalink=\"https:\/\/www.hoymercedes.com.ar\/principal\/2019\/08\/04\/carlos-selva-volvemos-para-ser-mejores\/04-selva-navarro\/#main\" data-orig-file=\"https:\/\/www.hoymercedes.com.ar\/principal\/wp-content\/uploads\/2019\/08\/04-Selva-navarro.jpg\" data-orig-size=\"750,499\" data-comments-opened=\"0\" data-image-meta=\"{&quot;aperture&quot;:&quot;0&quot;,&quot;credit&quot;:&quot;&quot;,&quot;camera&quot;:&quot;&quot;,&quot;caption&quot;:&quot;&quot;,&quot;created_timestamp&quot;:&quot;0&quot;,&quot;copyright&quot;:&quot;&quot;,&quot;focal_length&quot;:&quot;0&quot;,&quot;iso&quot;:&quot;0&quot;,&quot;shutter_speed&quot;:&quot;0&quot;,&quot;title&quot;:&quot;&quot;,&quot;orientation&quot;:&quot;0&quot;}\" data-image-title=\"04 Selva navarro\" data-image-description=\"\" data-image-caption=\"\" data-large-file=\"https:\/\/www.hoymercedes.com.ar\/principal\/wp-content\/uploads\/2019\/08\/04-Selva-navarro.jpg\" src=\"https:\/\/www.hoymercedes.com.ar\/principal\/wp-content\/uploads\/2019\/08\/04-Selva-navarro.jpg\" alt=\"\" class=\"wp-image-97586\" srcset=\"https:\/\/www.hoymercedes.com.ar\/principal\/wp-content\/uploads\/2019\/08\/04-Selva-navarro.jpg 750w, https:\/\/www.hoymercedes.com.ar\/principal\/wp-content\/uploads\/2019\/08\/04-Selva-navarro-150x100.jpg 150w, https:\/\/www.hoymercedes.com.ar\/principal\/wp-content\/uploads\/2019\/08\/04-Selva-navarro-630x419.jpg 630w, https:\/\/www.hoymercedes.com.ar\/principal\/wp-content\/uploads\/2019\/08\/04-Selva-navarro-720x480.jpg 720w, https:\/\/www.hoymercedes.com.ar\/principal\/wp-content\/uploads\/2019\/08\/04-Selva-navarro-360x240.jpg 360w\" sizes=\"auto, (max-width: 750px) 100vw, 750px\" \/><\/figure>\n\n\n\n<p>Metido de lleno en la campa\u00f1a de cara a las pr\u00f3ximas elecciones primarias del 11 de agosto, \u00a0Selva, recorri\u00f3 distintos puntos \u00a0de la provincia de Buenos Aires y acompa\u00f1\u00f3 a la candidata a concejal local Andrea Bozzini.<\/p>\n\n\n\n<p>Entre otras\nactividades, el pasado martes, el legislador mercedino, junto a Sergio Massa y Axel\nKiciloff, (candidatos a primer Diputado y Gobernador de la provincia\nrespectivamente) visit\u00f3 las localidades de Navarro y General Las Heras, el\njueves entreg\u00f3 subsidios a estudiantes en la sede de la Agrupaci\u00f3n 17 de\nOctubre y&nbsp; junto a Andrea Bozzini, candidata\na concejal de la ciudad de Mercedes, visit\u00f3 el Hogar la Divina Providencia y el\nHogar Nicol\u00e1s Lowe y acercaron \u201cun peque\u00f1o aporte econ\u00f3mico en car\u00e1cter de\nsubsidios, que no alcanzan para resolver la dif\u00edcil situaci\u00f3n que atraviesan,\npero que son una manera de estar cerca y de valorar la tarea que realizan con\nni\u00f1os y adultos mayores todos los d\u00edas con mucho esfuerzo\u201d, destac\u00f3 Carlos\nSelva.<\/p>\n\n\n\n<p>Selva, busca\nrenovar su banca en la C\u00e1mara Baja y al respecto manifest\u00f3 &nbsp;\u201cnecesitamos poner en la C\u00e1mara de Diputados\nde la Naci\u00f3n, una estructura orientada al desarrollo y la producci\u00f3n, para\nello, nos hemos propuesto como candidatos a diputados en el Frente de Todos,\ntenemos claro las leyes que hemos impulsado para el desarrollo y que este\ngobierno lamentablemente a deso\u00eddo en su aplicaci\u00f3n priorizando el sistema\nfinanciero\u201d.<\/p>\n\n\n\n<p>\u201cProponerme como candidato a Diputado Nacional tiene que ver con lo que se\u00f1ale\u00a0 anteriormente, con fomentar el desarrollo, fomentar la generaci\u00f3n de empleo como ejes centrales de una pol\u00edtica que, complementada con el sistema educativo en base a las nuevas realidades, con una fuerte apuesta al desarrollo de la ciencia y la tecnolog\u00eda, son objetivos fundamentales que nos hemos propuesto en el Frente de Todos para ser una alternativa de Gobierno con una definici\u00f3n clara, volvemos para ser mejores\u201d concluy\u00f3 .<\/p>\n\n\n\n<p>Fuente: Prensa Carlos Selva<\/p>\n","protected":false},"excerpt":{"rendered":"<p>\u201cVolvemos para ser mejores\u201d, se\u00f1al\u00f3 en diputado nacional Carlos Selva, respecto a las\u00a0expectativas \u00a0electorales del Frente de Todos, la alianza &#8230; <a title=\"Carlos Selva: \u201cVolvemos para ser mejores\u201d\" class=\"read-more\" href=\"https:\/\/www.hoymercedes.com.ar\/principal\/2019\/08\/04\/carlos-selva-volvemos-para-ser-mejores\/\" aria-label=\"Leer m\u00e1s sobre Carlos Selva: \u201cVolvemos para ser mejores\u201d\">Leer m\u00e1s<\/a><\/p>\n","protected":false},"author":1,"featured_media":97586,"comment_status":"closed","ping_status":"open","sticky":false,"template":"","format":"standard","meta":{"_monsterinsights_skip_tracking":false,"_monsterinsights_sitenote_active":false,"_monsterinsights_sitenote_note":"","_monsterinsights_sitenote_category":0,"jetpack_post_was_ever_published":false,"_jetpack_newsletter_access":"","_jetpack_dont_email_post_to_subs":false,"_jetpack_newsletter_tier_id":0,"_jetpack_memberships_contains_paywalled_content":false,"_jetpack_memberships_contains_paid_content":false,"footnotes":"","jetpack_publicize_message":"","jetpack_publicize_feature_enabled":true,"jetpack_social_post_already_shared":true,"jetpack_social_options":{"image_generator_settings":{"template":"highway","default_image_id":0,"font":"","enabled":false},"version":2},"_wpas_customize_per_network":false},"categories":[5210],"tags":[39,7500,15581,15488,3537,5319],"class_list":["post-97585","post","type-post","status-publish","format-standard","has-post-thumbnail","hentry","category-politica-nacional","tag-carlos-selva","tag-diputado-nacional","tag-eleccion-2019","tag-frente-para-todos","tag-frente-renovador","tag-politica-2","generate-columns","tablet-grid-50","mobile-grid-100","grid-parent","grid-50"],"jetpack_publicize_connections":[],"jetpack_featured_media_url":"https:\/\/www.hoymercedes.com.ar\/principal\/wp-content\/uploads\/2019\/08\/04-Selva-navarro.jpg","wps_subtitle":"De campa\u00f1a por la provincia","jetpack_sharing_enabled":true,"_links":{"self":[{"href":"https:\/\/www.hoymercedes.com.ar\/principal\/wp-json\/wp\/v2\/posts\/97585","targetHints":{"allow":["GET"]}}],"collection":[{"href":"https:\/\/www.hoymercedes.com.ar\/principal\/wp-json\/wp\/v2\/posts"}],"about":[{"href":"https:\/\/www.hoymercedes.com.ar\/principal\/wp-json\/wp\/v2\/types\/post"}],"author":[{"embeddable":true,"href":"https:\/\/www.hoymercedes.com.ar\/principal\/wp-json\/wp\/v2\/users\/1"}],"replies":[{"embeddable":true,"href":"https:\/\/www.hoymercedes.com.ar\/principal\/wp-json\/wp\/v2\/comments?post=97585"}],"version-history":[{"count":0,"href":"https:\/\/www.hoymercedes.com.ar\/principal\/wp-json\/wp\/v2\/posts\/97585\/revisions"}],"wp:featuredmedia":[{"embeddable":true,"href":"https:\/\/www.hoymercedes.com.ar\/principal\/wp-json\/wp\/v2\/media\/97586"}],"wp:attachment":[{"href":"https:\/\/www.hoymercedes.com.ar\/principal\/wp-json\/wp\/v2\/media?parent=97585"}],"wp:term":[{"taxonomy":"category","embeddable":true,"href":"https:\/\/www.hoymercedes.com.ar\/principal\/wp-json\/wp\/v2\/categories?post=97585"},{"taxonomy":"post_tag","embeddable":true,"href":"https:\/\/www.hoymercedes.com.ar\/principal\/wp-json\/wp\/v2\/tags?post=97585"}],"curies":[{"name":"wp","href":"https:\/\/api.w.org\/{rel}","templated":true}]}}