{"id":97590,"date":"2019-08-04T10:33:54","date_gmt":"2019-08-04T13:33:54","guid":{"rendered":"http:\/\/www.hoymercedes.com.ar\/principal\/?p=97590"},"modified":"2019-08-04T10:54:48","modified_gmt":"2019-08-04T13:54:48","slug":"obras-de-drenaje-en-el-barrio-seminario","status":"publish","type":"post","link":"https:\/\/www.hoymercedes.com.ar\/principal\/2019\/08\/04\/obras-de-drenaje-en-el-barrio-seminario\/","title":{"rendered":"Obras de drenaje en el Barrio Seminario"},"content":{"rendered":"\n<p>El Municipio de Mercedes est\u00e1 realizando obras de reparaci\u00f3n y mejoramiento en la zona del barrio Seminario. Lugar donde hab\u00eda problemas recurrentes con el drenaje del agua. Es importante recordar que hace poco tiempo la comuna realiz\u00f3 un pluvial desde calle 15 a 19, por 114, con lo cual este trabajo viene a completar esa obra. <\/p>\n\n\n\n<figure class=\"wp-block-image\"><img loading=\"lazy\" decoding=\"async\" width=\"750\" height=\"500\" data-attachment-id=\"97592\" data-permalink=\"https:\/\/www.hoymercedes.com.ar\/principal\/2019\/08\/04\/obras-de-drenaje-en-el-barrio-seminario\/04-obras-seminario1\/#main\" data-orig-file=\"https:\/\/www.hoymercedes.com.ar\/principal\/wp-content\/uploads\/2019\/08\/04-obras-seminario1.jpg\" data-orig-size=\"750,500\" data-comments-opened=\"0\" data-image-meta=\"{&quot;aperture&quot;:&quot;0&quot;,&quot;credit&quot;:&quot;&quot;,&quot;camera&quot;:&quot;&quot;,&quot;caption&quot;:&quot;&quot;,&quot;created_timestamp&quot;:&quot;0&quot;,&quot;copyright&quot;:&quot;&quot;,&quot;focal_length&quot;:&quot;0&quot;,&quot;iso&quot;:&quot;0&quot;,&quot;shutter_speed&quot;:&quot;0&quot;,&quot;title&quot;:&quot;&quot;,&quot;orientation&quot;:&quot;0&quot;}\" data-image-title=\"04 obras seminario1\" data-image-description=\"\" data-image-caption=\"\" data-large-file=\"https:\/\/www.hoymercedes.com.ar\/principal\/wp-content\/uploads\/2019\/08\/04-obras-seminario1.jpg\" src=\"https:\/\/www.hoymercedes.com.ar\/principal\/wp-content\/uploads\/2019\/08\/04-obras-seminario1.jpg\" alt=\"\" class=\"wp-image-97592\" srcset=\"https:\/\/www.hoymercedes.com.ar\/principal\/wp-content\/uploads\/2019\/08\/04-obras-seminario1.jpg 750w, https:\/\/www.hoymercedes.com.ar\/principal\/wp-content\/uploads\/2019\/08\/04-obras-seminario1-150x100.jpg 150w, https:\/\/www.hoymercedes.com.ar\/principal\/wp-content\/uploads\/2019\/08\/04-obras-seminario1-630x420.jpg 630w, https:\/\/www.hoymercedes.com.ar\/principal\/wp-content\/uploads\/2019\/08\/04-obras-seminario1-720x480.jpg 720w, https:\/\/www.hoymercedes.com.ar\/principal\/wp-content\/uploads\/2019\/08\/04-obras-seminario1-360x240.jpg 360w\" sizes=\"auto, (max-width: 750px) 100vw, 750px\" \/><\/figure>\n\n\n\n<p>\u201cLo que se est\u00e1 haciendo es un bad\u00e9n que lo que har\u00e1 es drenar el agua hacia las distintas c\u00e1maras que se van a hacer y unirlas al pluvial que hab\u00edamos hecho anteriormente\u201d explic\u00f3 Mat\u00edas Dematei, Jefe de Gabinete encargado del \u00e1rea de Obras y Servicios P\u00fablicos.\u00a0\u00a0\u00a0<\/p>\n\n\n\n<p>Asimismo, Dematei manifest\u00f3 \u201cesta es una obra que ven\u00edan pidiendo los vecinos y toda la comunidad educativa de la escuela Parroquial que nos manifestaban que los d\u00edas de lluvia ten\u00edan muchos problemas con el tema del agua y se hac\u00eda complejo la entrada de los chicos\u201d y agreg\u00f3 \u201cpor ese motivo tomamos la decisi\u00f3n con el intendente Ustarroz de hacer esta obra\u201d.<\/p>\n\n\n\n<p>Por otro lado, el jefe de gabinete indic\u00f3 \u201ctambi\u00e9n estamos haciendo un estacionamiento para veh\u00edculos en la calle 114 entre 15 y 19\u201d y destac\u00f3 \u201cser\u00e1 importante para el ordenamiento del tr\u00e1nsito ya que este es un lugar altamente transitado debido a las instituciones educativas emplazadas en la zona\u201d.<\/p>\n\n\n\n<p>\u201cEstas obras se pueden realizar gracias a que el Municipio tiene una econom\u00eda ordenada y saneada\u201d destac\u00f3 Dematei y evalu\u00f3 \u201csolucionamos un problema que era serio para todos los vecinos, generando adem\u00e1s trabajo, algo que para nosotros es muy importante\u201d.<\/p>\n\n\n\n<p>Fuente: Prensa Municipal<\/p>\n\n\n\n<figure class=\"wp-block-image\"><img loading=\"lazy\" decoding=\"async\" width=\"750\" height=\"499\" data-attachment-id=\"97591\" data-permalink=\"https:\/\/www.hoymercedes.com.ar\/principal\/2019\/08\/04\/obras-de-drenaje-en-el-barrio-seminario\/04-obras-seminario\/#main\" data-orig-file=\"https:\/\/www.hoymercedes.com.ar\/principal\/wp-content\/uploads\/2019\/08\/04-obras-seminario.jpg\" data-orig-size=\"750,499\" data-comments-opened=\"0\" data-image-meta=\"{&quot;aperture&quot;:&quot;0&quot;,&quot;credit&quot;:&quot;&quot;,&quot;camera&quot;:&quot;&quot;,&quot;caption&quot;:&quot;&quot;,&quot;created_timestamp&quot;:&quot;0&quot;,&quot;copyright&quot;:&quot;&quot;,&quot;focal_length&quot;:&quot;0&quot;,&quot;iso&quot;:&quot;0&quot;,&quot;shutter_speed&quot;:&quot;0&quot;,&quot;title&quot;:&quot;&quot;,&quot;orientation&quot;:&quot;0&quot;}\" data-image-title=\"04 obras seminario\" data-image-description=\"\" data-image-caption=\"\" data-large-file=\"https:\/\/www.hoymercedes.com.ar\/principal\/wp-content\/uploads\/2019\/08\/04-obras-seminario.jpg\" src=\"https:\/\/www.hoymercedes.com.ar\/principal\/wp-content\/uploads\/2019\/08\/04-obras-seminario.jpg\" alt=\"\" class=\"wp-image-97591\" srcset=\"https:\/\/www.hoymercedes.com.ar\/principal\/wp-content\/uploads\/2019\/08\/04-obras-seminario.jpg 750w, https:\/\/www.hoymercedes.com.ar\/principal\/wp-content\/uploads\/2019\/08\/04-obras-seminario-150x100.jpg 150w, https:\/\/www.hoymercedes.com.ar\/principal\/wp-content\/uploads\/2019\/08\/04-obras-seminario-630x419.jpg 630w, https:\/\/www.hoymercedes.com.ar\/principal\/wp-content\/uploads\/2019\/08\/04-obras-seminario-720x480.jpg 720w, https:\/\/www.hoymercedes.com.ar\/principal\/wp-content\/uploads\/2019\/08\/04-obras-seminario-360x240.jpg 360w\" sizes=\"auto, (max-width: 750px) 100vw, 750px\" \/><\/figure>\n","protected":false},"excerpt":{"rendered":"<p>El Municipio de Mercedes est\u00e1 realizando obras de reparaci\u00f3n y mejoramiento en la zona del barrio Seminario. Lugar donde hab\u00eda &#8230; <a title=\"Obras de drenaje en el Barrio Seminario\" class=\"read-more\" href=\"https:\/\/www.hoymercedes.com.ar\/principal\/2019\/08\/04\/obras-de-drenaje-en-el-barrio-seminario\/\" aria-label=\"Leer m\u00e1s sobre Obras de drenaje en el Barrio Seminario\">Leer m\u00e1s<\/a><\/p>\n","protected":false},"author":1,"featured_media":97591,"comment_status":"closed","ping_status":"open","sticky":false,"template":"","format":"standard","meta":{"_monsterinsights_skip_tracking":false,"_monsterinsights_sitenote_active":false,"_monsterinsights_sitenote_note":"","_monsterinsights_sitenote_category":0,"jetpack_post_was_ever_published":false,"_jetpack_newsletter_access":"","_jetpack_dont_email_post_to_subs":false,"_jetpack_newsletter_tier_id":0,"_jetpack_memberships_contains_paywalled_content":false,"_jetpack_memberships_contains_paid_content":false,"footnotes":"","jetpack_publicize_message":"","jetpack_publicize_feature_enabled":true,"jetpack_social_post_already_shared":true,"jetpack_social_options":{"image_generator_settings":{"template":"highway","default_image_id":0,"font":"","enabled":false},"version":2},"_wpas_customize_per_network":false},"categories":[30],"tags":[2460,600,244,5947],"class_list":["post-97590","post","type-post","status-publish","format-standard","has-post-thumbnail","hentry","category-municipio","tag-agua-corriente","tag-barrios","tag-municipio-2","tag-obras-publicas","generate-columns","tablet-grid-50","mobile-grid-100","grid-parent","grid-50"],"jetpack_publicize_connections":[],"jetpack_featured_media_url":"https:\/\/www.hoymercedes.com.ar\/principal\/wp-content\/uploads\/2019\/08\/04-obras-seminario.jpg","wps_subtitle":"Drenaje de agua","jetpack_sharing_enabled":true,"_links":{"self":[{"href":"https:\/\/www.hoymercedes.com.ar\/principal\/wp-json\/wp\/v2\/posts\/97590","targetHints":{"allow":["GET"]}}],"collection":[{"href":"https:\/\/www.hoymercedes.com.ar\/principal\/wp-json\/wp\/v2\/posts"}],"about":[{"href":"https:\/\/www.hoymercedes.com.ar\/principal\/wp-json\/wp\/v2\/types\/post"}],"author":[{"embeddable":true,"href":"https:\/\/www.hoymercedes.com.ar\/principal\/wp-json\/wp\/v2\/users\/1"}],"replies":[{"embeddable":true,"href":"https:\/\/www.hoymercedes.com.ar\/principal\/wp-json\/wp\/v2\/comments?post=97590"}],"version-history":[{"count":0,"href":"https:\/\/www.hoymercedes.com.ar\/principal\/wp-json\/wp\/v2\/posts\/97590\/revisions"}],"wp:featuredmedia":[{"embeddable":true,"href":"https:\/\/www.hoymercedes.com.ar\/principal\/wp-json\/wp\/v2\/media\/97591"}],"wp:attachment":[{"href":"https:\/\/www.hoymercedes.com.ar\/principal\/wp-json\/wp\/v2\/media?parent=97590"}],"wp:term":[{"taxonomy":"category","embeddable":true,"href":"https:\/\/www.hoymercedes.com.ar\/principal\/wp-json\/wp\/v2\/categories?post=97590"},{"taxonomy":"post_tag","embeddable":true,"href":"https:\/\/www.hoymercedes.com.ar\/principal\/wp-json\/wp\/v2\/tags?post=97590"}],"curies":[{"name":"wp","href":"https:\/\/api.w.org\/{rel}","templated":true}]}}