{"id":97594,"date":"2019-08-04T11:32:55","date_gmt":"2019-08-04T14:32:55","guid":{"rendered":"http:\/\/www.hoymercedes.com.ar\/principal\/?p=97594"},"modified":"2019-08-04T10:54:25","modified_gmt":"2019-08-04T13:54:25","slug":"exitoso-cierre-de-las-vacaciones-de-invierno-en-la-camara-economica","status":"publish","type":"post","link":"https:\/\/www.hoymercedes.com.ar\/principal\/2019\/08\/04\/exitoso-cierre-de-las-vacaciones-de-invierno-en-la-camara-economica\/","title":{"rendered":"Exitoso cierre de las vacaciones de invierno en la C\u00e1mara Econ\u00f3mica"},"content":{"rendered":"\n<p><em>El \u00faltimo s\u00e1bado la sede de Avenida 29 de la C\u00e1mara Econ\u00f3mica fue centro de actividades para la familia. Hubo manualidades, juegos y yoga para los m\u00e1s peque\u00f1os y un taller de estampaci\u00f3n en tela. <\/em><\/p>\n\n\n\n<figure class=\"wp-block-image\"><img loading=\"lazy\" decoding=\"async\" width=\"750\" height=\"563\" data-attachment-id=\"97597\" data-permalink=\"https:\/\/www.hoymercedes.com.ar\/principal\/2019\/08\/04\/exitoso-cierre-de-las-vacaciones-de-invierno-en-la-camara-economica\/04-cem-cierre-vacaciones-3\/#main\" data-orig-file=\"https:\/\/www.hoymercedes.com.ar\/principal\/wp-content\/uploads\/2019\/08\/04-CEM-cierre-vacaciones-3.jpg\" data-orig-size=\"750,563\" data-comments-opened=\"0\" data-image-meta=\"{&quot;aperture&quot;:&quot;2&quot;,&quot;credit&quot;:&quot;&quot;,&quot;camera&quot;:&quot;Moto G (5S) Plus&quot;,&quot;caption&quot;:&quot;&quot;,&quot;created_timestamp&quot;:&quot;1564848028&quot;,&quot;copyright&quot;:&quot;&quot;,&quot;focal_length&quot;:&quot;3.59&quot;,&quot;iso&quot;:&quot;103&quot;,&quot;shutter_speed&quot;:&quot;0.01&quot;,&quot;title&quot;:&quot;&quot;,&quot;orientation&quot;:&quot;1&quot;}\" data-image-title=\"04 CEM cierre vacaciones 3\" data-image-description=\"\" data-image-caption=\"\" data-large-file=\"https:\/\/www.hoymercedes.com.ar\/principal\/wp-content\/uploads\/2019\/08\/04-CEM-cierre-vacaciones-3.jpg\" src=\"https:\/\/www.hoymercedes.com.ar\/principal\/wp-content\/uploads\/2019\/08\/04-CEM-cierre-vacaciones-3.jpg\" alt=\"\" class=\"wp-image-97597\" srcset=\"https:\/\/www.hoymercedes.com.ar\/principal\/wp-content\/uploads\/2019\/08\/04-CEM-cierre-vacaciones-3.jpg 750w, https:\/\/www.hoymercedes.com.ar\/principal\/wp-content\/uploads\/2019\/08\/04-CEM-cierre-vacaciones-3-150x113.jpg 150w, https:\/\/www.hoymercedes.com.ar\/principal\/wp-content\/uploads\/2019\/08\/04-CEM-cierre-vacaciones-3-630x473.jpg 630w, https:\/\/www.hoymercedes.com.ar\/principal\/wp-content\/uploads\/2019\/08\/04-CEM-cierre-vacaciones-3-320x240.jpg 320w, https:\/\/www.hoymercedes.com.ar\/principal\/wp-content\/uploads\/2019\/08\/04-CEM-cierre-vacaciones-3-100x75.jpg 100w\" sizes=\"auto, (max-width: 750px) 100vw, 750px\" \/><\/figure>\n\n\n\n<p>En la sede\nde la C\u00e1mara Econ\u00f3mica Mercedina durante la ma\u00f1ana y la tarde del s\u00e1bado Las\npuertas se abrieron para que los ni\u00f1os y ni\u00f1as, acompa\u00f1ados de sus padres,\nt\u00edos, t\u00edas, abuelas, abuelos, la familia en general disfruten del \u00faltimo s\u00e1bado\nde las vacaciones de invierno. <\/p>\n\n\n\n<p>Las\nactividades comenzaron a la ma\u00f1ana con un seminario de estampaci\u00f3n textil.\nInscriptos previamente, diez personas participaron de la propuesta de la\ndise\u00f1adora de indumentaria y textil Hilen Peisino de Pangea y su taller de t\u00e9cnica\nshibori. Un poco m\u00e1s tarde, el Centro de Capacitaci\u00f3n CEIM propuso una clase de\nyoga para ni\u00f1os menores de 12 a\u00f1os. <\/p>\n\n\n\n<p>A la tarde hab\u00eda tres actividades en paralelo. Eso signific\u00f3 que a la vez m\u00e1s de cien chicos con sus familias jueguen en algunas de las salas de la CEM. En una de las salas, el Taller de los Sentidos de Celeste Gonz\u00e1lez Canga propon\u00eda un taller de collage m\u00f3vil. En otra, Giro Did\u00e1ctico Mercedes present\u00f3 un espacio de juegos y lectura. Y en la tercera sala, La Placita Delivery instal\u00f3 una placita blanda para los m\u00e1s peque\u00f1os. <\/p>\n\n\n\n<figure class=\"wp-block-image\"><img loading=\"lazy\" decoding=\"async\" width=\"750\" height=\"500\" data-attachment-id=\"97598\" data-permalink=\"https:\/\/www.hoymercedes.com.ar\/principal\/2019\/08\/04\/exitoso-cierre-de-las-vacaciones-de-invierno-en-la-camara-economica\/04-cem-cierre-vacaciones-4\/#main\" data-orig-file=\"https:\/\/www.hoymercedes.com.ar\/principal\/wp-content\/uploads\/2019\/08\/04-CEM-cierre-vacaciones-4.jpg\" data-orig-size=\"750,500\" data-comments-opened=\"0\" data-image-meta=\"{&quot;aperture&quot;:&quot;2&quot;,&quot;credit&quot;:&quot;&quot;,&quot;camera&quot;:&quot;Moto G (5S) Plus&quot;,&quot;caption&quot;:&quot;&quot;,&quot;created_timestamp&quot;:&quot;1564848227&quot;,&quot;copyright&quot;:&quot;&quot;,&quot;focal_length&quot;:&quot;3.59&quot;,&quot;iso&quot;:&quot;381&quot;,&quot;shutter_speed&quot;:&quot;0.03030303030303&quot;,&quot;title&quot;:&quot;&quot;,&quot;orientation&quot;:&quot;1&quot;}\" data-image-title=\"04 CEM cierre vacaciones 4\" data-image-description=\"\" data-image-caption=\"\" data-large-file=\"https:\/\/www.hoymercedes.com.ar\/principal\/wp-content\/uploads\/2019\/08\/04-CEM-cierre-vacaciones-4.jpg\" src=\"https:\/\/www.hoymercedes.com.ar\/principal\/wp-content\/uploads\/2019\/08\/04-CEM-cierre-vacaciones-4.jpg\" alt=\"\" class=\"wp-image-97598\" srcset=\"https:\/\/www.hoymercedes.com.ar\/principal\/wp-content\/uploads\/2019\/08\/04-CEM-cierre-vacaciones-4.jpg 750w, https:\/\/www.hoymercedes.com.ar\/principal\/wp-content\/uploads\/2019\/08\/04-CEM-cierre-vacaciones-4-150x100.jpg 150w, https:\/\/www.hoymercedes.com.ar\/principal\/wp-content\/uploads\/2019\/08\/04-CEM-cierre-vacaciones-4-630x420.jpg 630w, https:\/\/www.hoymercedes.com.ar\/principal\/wp-content\/uploads\/2019\/08\/04-CEM-cierre-vacaciones-4-720x480.jpg 720w, https:\/\/www.hoymercedes.com.ar\/principal\/wp-content\/uploads\/2019\/08\/04-CEM-cierre-vacaciones-4-360x240.jpg 360w\" sizes=\"auto, (max-width: 750px) 100vw, 750px\" \/><\/figure>\n\n\n\n<p>Para las\nfamilias que acompa\u00f1aron a los m\u00e1s peque\u00f1os, en el hall de la C\u00e1mara hubo un\nrefrigerio a cargo de Ludmarc y de Creme Pasteler\u00eda. Durante toda la jornada,\nla fot\u00f3grafa Mar\u00eda Cretella estuvo sacando fotos que podr\u00e1n verse en la fan\npage del Facebook de la C\u00e1mara Econ\u00f3mica Mercedina. <\/p>\n\n\n\n<p>En el\ncierre de la jornada, hubo sorteos y regalos para todos los presentes. Los m\u00e1s\nchiquitos se llevaban una bolsita con golosinas y los m\u00e1s grandes se llevaron cupones\nde descuentos de comercios asociados a la C\u00e1mara Econ\u00f3mica para ser utilizados\nen el marco del D\u00eda del Ni\u00f1o, entre ellos Encontrarte Talleres, Mi Mam\u00e1 Me Mima\ny Puntos Cardinales. <\/p>\n\n\n\n<p>Desde la C\u00e1mara Econ\u00f3mica agradecieron a todas las familias que se hicieron eco de la invitaci\u00f3n abierta que hizo la invitaci\u00f3n a trav\u00e9s de las Mujeres CEM. En particular, destac\u00f3 la colaboraci\u00f3n de socios y socias de la CEM, que se sumaron y ayudaron de una u otra forma para compartir una jornada familiar. \u00a0<\/p>\n\n\n\n<p>Fuente: Prensa CEM<\/p>\n\n\n\n<figure class=\"wp-block-image\"><img loading=\"lazy\" decoding=\"async\" width=\"563\" height=\"750\" data-attachment-id=\"97595\" data-permalink=\"https:\/\/www.hoymercedes.com.ar\/principal\/2019\/08\/04\/exitoso-cierre-de-las-vacaciones-de-invierno-en-la-camara-economica\/04-cem-cierre-vacaciones-1\/#main\" data-orig-file=\"https:\/\/www.hoymercedes.com.ar\/principal\/wp-content\/uploads\/2019\/08\/04-CEM-cierre-vacaciones-1.jpg\" data-orig-size=\"563,750\" data-comments-opened=\"0\" data-image-meta=\"{&quot;aperture&quot;:&quot;0&quot;,&quot;credit&quot;:&quot;&quot;,&quot;camera&quot;:&quot;&quot;,&quot;caption&quot;:&quot;&quot;,&quot;created_timestamp&quot;:&quot;0&quot;,&quot;copyright&quot;:&quot;&quot;,&quot;focal_length&quot;:&quot;0&quot;,&quot;iso&quot;:&quot;0&quot;,&quot;shutter_speed&quot;:&quot;0&quot;,&quot;title&quot;:&quot;&quot;,&quot;orientation&quot;:&quot;0&quot;}\" data-image-title=\"04 CEM cierre vacaciones 1\" data-image-description=\"\" data-image-caption=\"\" data-large-file=\"https:\/\/www.hoymercedes.com.ar\/principal\/wp-content\/uploads\/2019\/08\/04-CEM-cierre-vacaciones-1.jpg\" src=\"https:\/\/www.hoymercedes.com.ar\/principal\/wp-content\/uploads\/2019\/08\/04-CEM-cierre-vacaciones-1.jpg\" alt=\"\" class=\"wp-image-97595\" srcset=\"https:\/\/www.hoymercedes.com.ar\/principal\/wp-content\/uploads\/2019\/08\/04-CEM-cierre-vacaciones-1.jpg 563w, https:\/\/www.hoymercedes.com.ar\/principal\/wp-content\/uploads\/2019\/08\/04-CEM-cierre-vacaciones-1-113x150.jpg 113w, https:\/\/www.hoymercedes.com.ar\/principal\/wp-content\/uploads\/2019\/08\/04-CEM-cierre-vacaciones-1-465x620.jpg 465w\" sizes=\"auto, (max-width: 563px) 100vw, 563px\" \/><\/figure>\n\n\n\n<figure class=\"wp-block-image\"><img loading=\"lazy\" decoding=\"async\" width=\"750\" height=\"563\" data-attachment-id=\"97596\" data-permalink=\"https:\/\/www.hoymercedes.com.ar\/principal\/2019\/08\/04\/exitoso-cierre-de-las-vacaciones-de-invierno-en-la-camara-economica\/04-cem-cierre-vacaciones-2\/#main\" data-orig-file=\"https:\/\/www.hoymercedes.com.ar\/principal\/wp-content\/uploads\/2019\/08\/04-CEM-cierre-vacaciones-2.jpg\" data-orig-size=\"750,563\" data-comments-opened=\"0\" data-image-meta=\"{&quot;aperture&quot;:&quot;2&quot;,&quot;credit&quot;:&quot;&quot;,&quot;camera&quot;:&quot;Moto G (5S) Plus&quot;,&quot;caption&quot;:&quot;&quot;,&quot;created_timestamp&quot;:&quot;1564848072&quot;,&quot;copyright&quot;:&quot;&quot;,&quot;focal_length&quot;:&quot;3.59&quot;,&quot;iso&quot;:&quot;100&quot;,&quot;shutter_speed&quot;:&quot;0.02&quot;,&quot;title&quot;:&quot;&quot;,&quot;orientation&quot;:&quot;1&quot;}\" data-image-title=\"04 CEM cierre vacaciones 2\" data-image-description=\"\" data-image-caption=\"\" data-large-file=\"https:\/\/www.hoymercedes.com.ar\/principal\/wp-content\/uploads\/2019\/08\/04-CEM-cierre-vacaciones-2.jpg\" src=\"https:\/\/www.hoymercedes.com.ar\/principal\/wp-content\/uploads\/2019\/08\/04-CEM-cierre-vacaciones-2.jpg\" alt=\"\" class=\"wp-image-97596\" srcset=\"https:\/\/www.hoymercedes.com.ar\/principal\/wp-content\/uploads\/2019\/08\/04-CEM-cierre-vacaciones-2.jpg 750w, https:\/\/www.hoymercedes.com.ar\/principal\/wp-content\/uploads\/2019\/08\/04-CEM-cierre-vacaciones-2-150x113.jpg 150w, https:\/\/www.hoymercedes.com.ar\/principal\/wp-content\/uploads\/2019\/08\/04-CEM-cierre-vacaciones-2-630x473.jpg 630w, https:\/\/www.hoymercedes.com.ar\/principal\/wp-content\/uploads\/2019\/08\/04-CEM-cierre-vacaciones-2-320x240.jpg 320w, https:\/\/www.hoymercedes.com.ar\/principal\/wp-content\/uploads\/2019\/08\/04-CEM-cierre-vacaciones-2-100x75.jpg 100w\" sizes=\"auto, (max-width: 750px) 100vw, 750px\" \/><\/figure>\n","protected":false},"excerpt":{"rendered":"<p>El \u00faltimo s\u00e1bado la sede de Avenida 29 de la C\u00e1mara Econ\u00f3mica fue centro de actividades para la familia. Hubo &#8230; <a title=\"Exitoso cierre de las vacaciones de invierno en la C\u00e1mara Econ\u00f3mica\" class=\"read-more\" href=\"https:\/\/www.hoymercedes.com.ar\/principal\/2019\/08\/04\/exitoso-cierre-de-las-vacaciones-de-invierno-en-la-camara-economica\/\" aria-label=\"Leer m\u00e1s sobre Exitoso cierre de las vacaciones de invierno en la C\u00e1mara Econ\u00f3mica\">Leer m\u00e1s<\/a><\/p>\n","protected":false},"author":1,"featured_media":97596,"comment_status":"closed","ping_status":"open","sticky":false,"template":"","format":"standard","meta":{"_monsterinsights_skip_tracking":false,"_monsterinsights_sitenote_active":false,"_monsterinsights_sitenote_note":"","_monsterinsights_sitenote_category":0,"jetpack_post_was_ever_published":false,"_jetpack_newsletter_access":"","_jetpack_dont_email_post_to_subs":false,"_jetpack_newsletter_tier_id":0,"_jetpack_memberships_contains_paywalled_content":false,"_jetpack_memberships_contains_paid_content":false,"footnotes":"","jetpack_publicize_message":"","jetpack_publicize_feature_enabled":true,"jetpack_social_post_already_shared":true,"jetpack_social_options":{"image_generator_settings":{"template":"highway","default_image_id":0,"font":"","enabled":false},"version":2},"_wpas_customize_per_network":false},"categories":[8],"tags":[1271,682,15582,7629],"class_list":["post-97594","post","type-post","status-publish","format-standard","has-post-thumbnail","hentry","category-sociedad","tag-camara-economica","tag-cem","tag-mujeres-cem","tag-vacaciones-de-invierno","generate-columns","tablet-grid-50","mobile-grid-100","grid-parent","grid-50"],"jetpack_publicize_connections":[],"jetpack_featured_media_url":"https:\/\/www.hoymercedes.com.ar\/principal\/wp-content\/uploads\/2019\/08\/04-CEM-cierre-vacaciones-2.jpg","wps_subtitle":"Para toda la familia","jetpack_sharing_enabled":true,"_links":{"self":[{"href":"https:\/\/www.hoymercedes.com.ar\/principal\/wp-json\/wp\/v2\/posts\/97594","targetHints":{"allow":["GET"]}}],"collection":[{"href":"https:\/\/www.hoymercedes.com.ar\/principal\/wp-json\/wp\/v2\/posts"}],"about":[{"href":"https:\/\/www.hoymercedes.com.ar\/principal\/wp-json\/wp\/v2\/types\/post"}],"author":[{"embeddable":true,"href":"https:\/\/www.hoymercedes.com.ar\/principal\/wp-json\/wp\/v2\/users\/1"}],"replies":[{"embeddable":true,"href":"https:\/\/www.hoymercedes.com.ar\/principal\/wp-json\/wp\/v2\/comments?post=97594"}],"version-history":[{"count":0,"href":"https:\/\/www.hoymercedes.com.ar\/principal\/wp-json\/wp\/v2\/posts\/97594\/revisions"}],"wp:featuredmedia":[{"embeddable":true,"href":"https:\/\/www.hoymercedes.com.ar\/principal\/wp-json\/wp\/v2\/media\/97596"}],"wp:attachment":[{"href":"https:\/\/www.hoymercedes.com.ar\/principal\/wp-json\/wp\/v2\/media?parent=97594"}],"wp:term":[{"taxonomy":"category","embeddable":true,"href":"https:\/\/www.hoymercedes.com.ar\/principal\/wp-json\/wp\/v2\/categories?post=97594"},{"taxonomy":"post_tag","embeddable":true,"href":"https:\/\/www.hoymercedes.com.ar\/principal\/wp-json\/wp\/v2\/tags?post=97594"}],"curies":[{"name":"wp","href":"https:\/\/api.w.org\/{rel}","templated":true}]}}