{"id":97626,"date":"2019-08-04T23:30:12","date_gmt":"2019-08-05T02:30:12","guid":{"rendered":"http:\/\/www.hoymercedes.com.ar\/principal\/?p=97626"},"modified":"2019-08-05T10:16:37","modified_gmt":"2019-08-05T13:16:37","slug":"un-detenido-de-monte-grande-por-robo-en-suipacha","status":"publish","type":"post","link":"https:\/\/www.hoymercedes.com.ar\/principal\/2019\/08\/04\/un-detenido-de-monte-grande-por-robo-en-suipacha\/","title":{"rendered":"Un detenido de Monte Grande por robo  en Suipacha"},"content":{"rendered":"\n<p>A fines del mes de mayo se cometi\u00f3 un robo en\nel&nbsp; predio de la empresa de\ncomunicaciones Movistar y Telecom de la localidad de Suipacha, en el cual se\nsustrajeron bater\u00edas de una importante valuaci\u00f3n econ\u00f3mica. Esta semana se\nlogr\u00f3 detener a uno de los presuntos autores.<\/p>\n\n\n\n<p>El hecho ocurri\u00f3 el pasado 28 de mayo, en horas\nde la tarde, en el predio de la empresa de comunicaciones Movistar y Telecom en\ninmediaciones de la ruta 43 de la localidad de Suipacha. All\u00ed ingres\u00f3 una\ncamioneta marca Renault tipo utilitaria en la cual iban dos personas que,&nbsp; tras forzar y romper la&nbsp; la cadena y el candado que aseguraban el\nport\u00f3n de dos hojas de acceso al predio, lograron ingresar con el veh\u00edculo\nhasta el \u00e1rea del contenedor. Utilizando una copia de llave o instrumento\nsemejante compatible con la cerradura (llave maestra) lograron abrirlo y se\napoderaron ileg\u00edtimamente de ocho bater\u00edas de doce voltios y de ciento novena\namperes de color gris, las que cargaron en el veh\u00edculo para luego retirarse del\nlugar, consumando as\u00ed el robo. <\/p>\n\n\n\n<p>Tras diversas tareas investigativas se logr\u00f3\nestablecer que no ser\u00eda ajeno al hecho un contratista que realizaba\ninstalaciones de antenas y equipos de telecomunicaciones, de 25 a\u00f1os de edad,\ncon domicilio en la localidad de Monte Grande. <\/p>\n\n\n\n<p>Con los elementos recabados se solicit\u00f3 al\nJuzgado de Garant\u00edas N.\u00ba 1 su detenci\u00f3n y un allanamiento en su morada,&nbsp; lo que personal policial de Suipacha llev\u00f3 a\ncabo el mi\u00e9rcoles pasado. En el operativo se lograron recabar elementos de\ninter\u00e9s para la investigaci\u00f3n.<\/p>\n\n\n\n<p>Imputado como coautor del delito de \u201cRobo agravado por su comisi\u00f3n con el uso de llave falsa u otro instrumento semejante\u201d compareci\u00f3 ante el Agente Fiscal a cargo de la Unidad Funcional de Instrucci\u00f3n N\u00ba 4, dr Lisandro Mass\u00f3n. Tras ello, permanece detenido.<\/p>\n\n\n\n<p>Fuente: Ministerio P\u00fablico Fiscal &#8211; Depto. Judicial Mercedes<\/p>\n","protected":false},"excerpt":{"rendered":"<p>A fines del mes de mayo se cometi\u00f3 un robo en el&nbsp; predio de la empresa de comunicaciones Movistar y &#8230; <a title=\"Un detenido de Monte Grande por robo  en Suipacha\" class=\"read-more\" href=\"https:\/\/www.hoymercedes.com.ar\/principal\/2019\/08\/04\/un-detenido-de-monte-grande-por-robo-en-suipacha\/\" aria-label=\"Leer m\u00e1s sobre Un detenido de Monte Grande por robo  en Suipacha\">Leer m\u00e1s<\/a><\/p>\n","protected":false},"author":1,"featured_media":90495,"comment_status":"closed","ping_status":"open","sticky":false,"template":"","format":"standard","meta":{"_monsterinsights_skip_tracking":false,"_monsterinsights_sitenote_active":false,"_monsterinsights_sitenote_note":"","_monsterinsights_sitenote_category":0,"jetpack_post_was_ever_published":false,"_jetpack_newsletter_access":"","_jetpack_dont_email_post_to_subs":false,"_jetpack_newsletter_tier_id":0,"_jetpack_memberships_contains_paywalled_content":false,"_jetpack_memberships_contains_paid_content":false,"footnotes":"","jetpack_publicize_message":"","jetpack_publicize_feature_enabled":true,"jetpack_social_post_already_shared":true,"jetpack_social_options":{"image_generator_settings":{"template":"highway","default_image_id":0,"font":"","enabled":false},"version":2},"_wpas_customize_per_network":false},"categories":[85],"tags":[96,1057,559],"class_list":["post-97626","post","type-post","status-publish","format-standard","has-post-thumbnail","hentry","category-policial","tag-policial-2","tag-regional","tag-suipacha","generate-columns","tablet-grid-50","mobile-grid-100","grid-parent","grid-50"],"jetpack_publicize_connections":[],"jetpack_featured_media_url":"https:\/\/www.hoymercedes.com.ar\/principal\/wp-content\/uploads\/2019\/04\/01-policial.jpg","wps_subtitle":"Informaci\u00f3n regional","jetpack_sharing_enabled":true,"_links":{"self":[{"href":"https:\/\/www.hoymercedes.com.ar\/principal\/wp-json\/wp\/v2\/posts\/97626","targetHints":{"allow":["GET"]}}],"collection":[{"href":"https:\/\/www.hoymercedes.com.ar\/principal\/wp-json\/wp\/v2\/posts"}],"about":[{"href":"https:\/\/www.hoymercedes.com.ar\/principal\/wp-json\/wp\/v2\/types\/post"}],"author":[{"embeddable":true,"href":"https:\/\/www.hoymercedes.com.ar\/principal\/wp-json\/wp\/v2\/users\/1"}],"replies":[{"embeddable":true,"href":"https:\/\/www.hoymercedes.com.ar\/principal\/wp-json\/wp\/v2\/comments?post=97626"}],"version-history":[{"count":0,"href":"https:\/\/www.hoymercedes.com.ar\/principal\/wp-json\/wp\/v2\/posts\/97626\/revisions"}],"wp:featuredmedia":[{"embeddable":true,"href":"https:\/\/www.hoymercedes.com.ar\/principal\/wp-json\/wp\/v2\/media\/90495"}],"wp:attachment":[{"href":"https:\/\/www.hoymercedes.com.ar\/principal\/wp-json\/wp\/v2\/media?parent=97626"}],"wp:term":[{"taxonomy":"category","embeddable":true,"href":"https:\/\/www.hoymercedes.com.ar\/principal\/wp-json\/wp\/v2\/categories?post=97626"},{"taxonomy":"post_tag","embeddable":true,"href":"https:\/\/www.hoymercedes.com.ar\/principal\/wp-json\/wp\/v2\/tags?post=97626"}],"curies":[{"name":"wp","href":"https:\/\/api.w.org\/{rel}","templated":true}]}}