{"id":97629,"date":"2019-08-04T22:50:03","date_gmt":"2019-08-05T01:50:03","guid":{"rendered":"http:\/\/www.hoymercedes.com.ar\/principal\/?p=97629"},"modified":"2019-08-05T10:17:15","modified_gmt":"2019-08-05T13:17:15","slug":"preocupacion-ante-la-posible-disolucion-de-tres-juzgados-civiles-y-una-camara","status":"publish","type":"post","link":"https:\/\/www.hoymercedes.com.ar\/principal\/2019\/08\/04\/preocupacion-ante-la-posible-disolucion-de-tres-juzgados-civiles-y-una-camara\/","title":{"rendered":"Preocupaci\u00f3n ante la posible disoluci\u00f3n de tres juzgados civiles y una C\u00e1mara"},"content":{"rendered":"\n<figure class=\"wp-block-image\"><img loading=\"lazy\" decoding=\"async\" width=\"948\" height=\"632\" data-attachment-id=\"97630\" data-permalink=\"https:\/\/www.hoymercedes.com.ar\/principal\/2019\/08\/04\/preocupacion-ante-la-posible-disolucion-de-tres-juzgados-civiles-y-una-camara\/dsc_0006-4\/#main\" data-orig-file=\"https:\/\/www.hoymercedes.com.ar\/principal\/wp-content\/uploads\/2019\/08\/DSC_0006.jpg\" data-orig-size=\"948,632\" data-comments-opened=\"0\" data-image-meta=\"{&quot;aperture&quot;:&quot;0&quot;,&quot;credit&quot;:&quot;&quot;,&quot;camera&quot;:&quot;&quot;,&quot;caption&quot;:&quot;&quot;,&quot;created_timestamp&quot;:&quot;0&quot;,&quot;copyright&quot;:&quot;&quot;,&quot;focal_length&quot;:&quot;0&quot;,&quot;iso&quot;:&quot;0&quot;,&quot;shutter_speed&quot;:&quot;0&quot;,&quot;title&quot;:&quot;&quot;,&quot;orientation&quot;:&quot;0&quot;}\" data-image-title=\"DSC_0006\" data-image-description=\"\" data-image-caption=\"\" data-large-file=\"https:\/\/www.hoymercedes.com.ar\/principal\/wp-content\/uploads\/2019\/08\/DSC_0006.jpg\" src=\"https:\/\/www.hoymercedes.com.ar\/principal\/wp-content\/uploads\/2019\/08\/DSC_0006.jpg\" alt=\"\" class=\"wp-image-97630\" srcset=\"https:\/\/www.hoymercedes.com.ar\/principal\/wp-content\/uploads\/2019\/08\/DSC_0006.jpg 948w, https:\/\/www.hoymercedes.com.ar\/principal\/wp-content\/uploads\/2019\/08\/DSC_0006-150x100.jpg 150w, https:\/\/www.hoymercedes.com.ar\/principal\/wp-content\/uploads\/2019\/08\/DSC_0006-630x420.jpg 630w, https:\/\/www.hoymercedes.com.ar\/principal\/wp-content\/uploads\/2019\/08\/DSC_0006-720x480.jpg 720w, https:\/\/www.hoymercedes.com.ar\/principal\/wp-content\/uploads\/2019\/08\/DSC_0006-360x240.jpg 360w\" sizes=\"auto, (max-width: 948px) 100vw, 948px\" \/><figcaption>Diputado R\u00e9vora, Intendente Ustarroz,  doctor Marcelo Valle <\/figcaption><\/figure>\n\n\n\n<p>La Suprema Corte de Justicia de la provincia de Buenos Aires firm\u00f3 la resoluci\u00f3n 1640\/19, mediante la cual le solicit\u00f3 al resto de los poderes del Estado que apruebe un proyecto de ley para crear, transformar y disolver juzgados en los diferentes Departamentos Judiciales. En este aspecto, la iniciativa tiene como objetivo lograr una mayor eficacia en el trabajo de los juzgados.<br> Los miembros de la Corte tomaron la decisi\u00f3n de firmar este documento, luego de conocer los resultados de un informe producido por la Secretar\u00eda de Planificaci\u00f3n. El mismo mostr\u00f3 las dificultades en la litigiosidad, la carga de trabajo que afrontan los juzgados y el n\u00famero de las causas en tr\u00e1mite de los \u00faltimos a\u00f1os.<\/p>\n\n\n\n<p><br> \u201cLa Honorable Legislatura ha sancionado diversas leyes de creaci\u00f3n de \u00f3rganos, en algunos casos sin mediar consulta a esta Suprema Corte, y que al d\u00eda de la fecha y a pesar del tiempo transcurrido desde su sanci\u00f3n, no se han puesto en funcionamiento, y en la mayor\u00eda de los casos no se ha dispuesto el llamado a concurso de sus magistrados, por lo que se entiende conveniente una primera revisi\u00f3n a la luz de la demanda de justicia actual\u201d, argumenta el pedido que se firm\u00f3 el pasado 10 de julio.<\/p>\n\n\n\n<p><br>En este contexto, los jueces Eduardo de L\u00e1zzari, Daniel Soria, H\u00e9ctor Negri, Luis Genoud, Hilda Kogan, y Sergio Torres detallaron en su escrito que \u201cse impone considerar nuevas creaciones, algunas de las cuales fueron solicitadas con anterioridad a la Legislatura provincial, trasladar y\/o transformar \u00f3rganos creados sin funcionar en otros que resulten imprescindibles y, a la vez, disolver \u00f3rganos cuya litigiosidad en expectativa sea muy inferior al promedio provincial, lo que torne innecesaria su existencia\u201d.<\/p>\n\n\n\n<p><br>Asimismo, argumentaron que \u201cen algunos casos, las creaciones solicitadas deben ir acompa\u00f1adas, con el crecimiento de la infraestructura edilicia, a fin de evitar la superpoblaci\u00f3n de los edificios existentes y la dispersi\u00f3n urbana de los adquiridos y\/o alquilados\u201d. De este modo, tras la firma de la resoluci\u00f3n, propusieron la creaci\u00f3n de 18 \u00f3rganos judiciales. De estos, la mitad corresponde a Juzgados de Familia, al tiempo que recomendaron la transformaci\u00f3n en juzgados de familias de ocho juzgados ya existentes pertenecientes a otros fueros.<\/p>\n\n\n\n<p><br>En este sentido, el pedido de la Corte se basa en la necesidad de aumentar los juzgados de familia, ya que es necesario por el crecimiento sostenido de las causas ingresadas al fuero, en especial aquellas vinculadas a la \u201cProtecci\u00f3n contra la Violencia Familiar\u201d. Esta decisi\u00f3n se apoya en un informe de la Secretar\u00eda de Planificaci\u00f3n, el cual revela que en 2018 la cantidad de causas subi\u00f3 0,6% m\u00e1s que en 2017.<\/p>\n\n\n\n<p><br>Seg\u00fan el documento firmado por los supremos de la provincia de Buenos Aires se deben disolver un juzgado de garant\u00edas, cuatro tribunales criminales, dos juzgados correccionales, un juzgados de Garant\u00edas del Joven, seis juzgados de Responsabilidad Penal Juvenil, doce juzgados en lo civil y comercial, una sala de C\u00e1mara de Apelaciones en lo Civil y Comercial y un juzgado de familia.<\/p>\n\n\n\n<p><br>De las dependencias a disolver, Mercedes ser\u00eda uno de los departamentos m\u00e1s perjudicados. Por cuanto tres de los doce juzgados civiles y comerciales ser\u00edan de Mercedes al igual que la C\u00e1mara Civil. Se prev\u00e9 adem\u00e1s transformar en juzgados de familia un juzgado correccional \u2013que fue creado pero a\u00fan no funciona- al igual que un juzgado de garant\u00edas.<\/p>\n\n\n\n<p>Reuni\u00f3n en el palacio<\/p>\n\n\n\n<p><br>El viernes en horas de la ma\u00f1ana el intendente Juan Ustarroz junto con el diputado provincial Santiago R\u00e9vora se entrevistaron con el doctor Marcelo Valle, flamante presidente del Colegio de Magistrados del Departamento Judicial de Mercedes y ex integrante del Consejo de la Magistratura bonaerense a los efectos de analizar los cambios que se impulsan desde la Corte y las consecuencias que ello traer\u00eda a Mercedes.<\/p>\n\n\n\n<p><br> \u201cEl juez Valle nos explic\u00f3 las consecuencias y quedamos en conformar una mesa de trabajo con representantes de la AJB, del Colegio de Abogados y del HCD. Santiago R\u00e9vora \u2013 en su car\u00e1cter de legislador provincial- tambi\u00e9n se sumar\u00e1 a esta problem\u00e1tica. Estamos de acuerdo en cualquier medida que beneficie el acceso a la justicia y la celeridad en el tr\u00e1mite de las causas, pero creemos que en este pedido hay muchas cuestiones que no se han tenido en cuenta\u201d, explic\u00f3 el intendente Ustarroz y adelant\u00f3 que las pr\u00f3ximas semanas se llevar\u00e1n adelante las primeras reuniones.<\/p>\n","protected":false},"excerpt":{"rendered":"<p>La Suprema Corte de Justicia de la provincia de Buenos Aires firm\u00f3 la resoluci\u00f3n 1640\/19, mediante la cual le solicit\u00f3 &#8230; <a title=\"Preocupaci\u00f3n ante la posible disoluci\u00f3n de tres juzgados civiles y una C\u00e1mara\" class=\"read-more\" href=\"https:\/\/www.hoymercedes.com.ar\/principal\/2019\/08\/04\/preocupacion-ante-la-posible-disolucion-de-tres-juzgados-civiles-y-una-camara\/\" aria-label=\"Leer m\u00e1s sobre Preocupaci\u00f3n ante la posible disoluci\u00f3n de tres juzgados civiles y una C\u00e1mara\">Leer m\u00e1s<\/a><\/p>\n","protected":false},"author":1,"featured_media":97630,"comment_status":"closed","ping_status":"open","sticky":false,"template":"","format":"standard","meta":{"_monsterinsights_skip_tracking":false,"_monsterinsights_sitenote_active":false,"_monsterinsights_sitenote_note":"","_monsterinsights_sitenote_category":0,"jetpack_post_was_ever_published":false,"_jetpack_newsletter_access":"","_jetpack_dont_email_post_to_subs":false,"_jetpack_newsletter_tier_id":0,"_jetpack_memberships_contains_paywalled_content":false,"_jetpack_memberships_contains_paid_content":false,"footnotes":"","jetpack_publicize_message":"","jetpack_publicize_feature_enabled":true,"jetpack_social_post_already_shared":true,"jetpack_social_options":{"image_generator_settings":{"template":"highway","default_image_id":0,"font":"","enabled":false},"version":2},"_wpas_customize_per_network":false},"categories":[5501],"tags":[15584,677],"class_list":["post-97629","post","type-post","status-publish","format-standard","has-post-thumbnail","hentry","category-region","tag-dr-valle","tag-justicia-mercedes","generate-columns","tablet-grid-50","mobile-grid-100","grid-parent","grid-50"],"jetpack_publicize_connections":[],"jetpack_featured_media_url":"https:\/\/www.hoymercedes.com.ar\/principal\/wp-content\/uploads\/2019\/08\/DSC_0006.jpg","wps_subtitle":"Situaci\u00f3n compleja","jetpack_sharing_enabled":true,"_links":{"self":[{"href":"https:\/\/www.hoymercedes.com.ar\/principal\/wp-json\/wp\/v2\/posts\/97629","targetHints":{"allow":["GET"]}}],"collection":[{"href":"https:\/\/www.hoymercedes.com.ar\/principal\/wp-json\/wp\/v2\/posts"}],"about":[{"href":"https:\/\/www.hoymercedes.com.ar\/principal\/wp-json\/wp\/v2\/types\/post"}],"author":[{"embeddable":true,"href":"https:\/\/www.hoymercedes.com.ar\/principal\/wp-json\/wp\/v2\/users\/1"}],"replies":[{"embeddable":true,"href":"https:\/\/www.hoymercedes.com.ar\/principal\/wp-json\/wp\/v2\/comments?post=97629"}],"version-history":[{"count":0,"href":"https:\/\/www.hoymercedes.com.ar\/principal\/wp-json\/wp\/v2\/posts\/97629\/revisions"}],"wp:featuredmedia":[{"embeddable":true,"href":"https:\/\/www.hoymercedes.com.ar\/principal\/wp-json\/wp\/v2\/media\/97630"}],"wp:attachment":[{"href":"https:\/\/www.hoymercedes.com.ar\/principal\/wp-json\/wp\/v2\/media?parent=97629"}],"wp:term":[{"taxonomy":"category","embeddable":true,"href":"https:\/\/www.hoymercedes.com.ar\/principal\/wp-json\/wp\/v2\/categories?post=97629"},{"taxonomy":"post_tag","embeddable":true,"href":"https:\/\/www.hoymercedes.com.ar\/principal\/wp-json\/wp\/v2\/tags?post=97629"}],"curies":[{"name":"wp","href":"https:\/\/api.w.org\/{rel}","templated":true}]}}