{"id":97665,"date":"2019-08-05T08:54:11","date_gmt":"2019-08-05T11:54:11","guid":{"rendered":"http:\/\/www.hoymercedes.com.ar\/principal\/?p=97665"},"modified":"2019-08-05T09:09:49","modified_gmt":"2019-08-05T12:09:49","slug":"una-goleada-historica-un-partido-suspendido-una-modificacion-en-una-zona-una-reprogramacion-y-siete-clasificados-el-saldo-de-la-fecha-20-de-la-liga","status":"publish","type":"post","link":"https:\/\/www.hoymercedes.com.ar\/principal\/2019\/08\/05\/una-goleada-historica-un-partido-suspendido-una-modificacion-en-una-zona-una-reprogramacion-y-siete-clasificados-el-saldo-de-la-fecha-20-de-la-liga\/","title":{"rendered":"Una goleada hist\u00f3rica, un partido suspendido, una modificaci\u00f3n en una zona, una reprogramaci\u00f3n y siete clasificados, el saldo de la fecha 20 de la Liga"},"content":{"rendered":"\n<p>En un torneo en el que cuesta conseguir atractivos, aunque hay dos zonas que se tornaron parejas, la fecha 20 del torneo de Primera Divisi\u00f3n de la Liga Mercedina dej\u00f3 algunos puntos para tener en cuenta. Uno de ellos fue la goleada de AMEFIP Barrio San Mart\u00edn a Talleres Payr\u00f3 por 15 a 0, superando a la de Club Mercedes sobre Comunicaciones de 14 a 1 y la de Quilmes a Juventud de Suipacha de 14 a 0, ambas ocurridas en la \u00faltima d\u00e9cada.<\/p>\n\n\n\n<p>Por otra parte, en Marcos Paz, este domingo jugaba Atl\u00e9tico ante Estudiantes, pero a los 38 minutos del segundo tiempo y tras el gol convertido por Facundo Heredia, el encuentro se tuvo que suspender por una serie de agresiones que dej\u00f3 sin garant\u00edas de juego al \u00e1rbitro Viglietti y ahora se espera por su fallo para saber lo que determine el Tribunal de Disciplina.<\/p>\n\n\n\n<p>Teniendo en cuenta que este pr\u00f3ximo fin de semana s\u00f3lo se puede jugar el s\u00e1bado, debido a que el domingo se realizan las elecciones PASO, la Liga Mercedina modific\u00f3 el fixture y en lugar de jugar la fecha 21, disputar\u00e1 la 24, ya que es una jornada de pocos encuentros y, de esa manera, se pueden jugar otros dos encuentros que est\u00e1n pendientes.<\/p>\n\n\n\n<p>En cuanto a la clasificaci\u00f3n, con la derrota de Uni\u00f3n ante Trocha, Pabell\u00f3n y Holanda se aseguraron la clasificaci\u00f3n en forma matem\u00e1tica y de obtener un triunfo La Diego Armando y Estudiantes, tambi\u00e9n lo conseguir\u00e1n. Luego restar\u00e1 la pelea por la posici\u00f3n que ocupen y la fase que eviten de Liguilla.<\/p>\n\n\n\n<p>En la Zona B, con el empate de Col\u00f3n y las victorias de Trocha y Mercedes, estos dos tambi\u00e9n lograron la clasificaci\u00f3n, mientras que Atl\u00e9tico Marcos Paz qued\u00f3 a 5 del objetivo (y espera por la resoluci\u00f3n de su victoria parcial ante Estudiantes), mientras que Ateneo y el Lujanero pelear\u00e1n por la Liguilla hasta el final.<\/p>\n\n\n\n<p>En la Zona C, ya estaba clasificado El Front\u00f3n, y en esta jornada se les sum\u00f3 Quilmes y Los Carteros, mientras que Defensores sigue necesitando 12 puntos para asegurarse el lugar.<\/p>\n\n\n\n<p>En la Zona D, Costa Brava ya no puede alcanzar a Juventud de Suipacha y con que V\u00e9lez sume cinco, Palometas seis, El Tim\u00f3n siete y AMEFIP 9, no tendr\u00e1 posibilidad de superarlos. En el caso de los de Barrio San Mart\u00edn, con el triunfo se metieron m\u00e1s adentro de la pelea y con 21 puntos en juego, est\u00e1n a nueve de la punta. El Lechero, con sumar 14 unidades, no depender\u00e1 de nadie para pasar de fase, los del Molino necesitan 18, el Granate 19 y los de J\u00e1uregui, 21.<\/p>\n\n\n\n<table class=\"wp-block-table\"><tbody><tr><td>Fecha 20<\/td><td>&nbsp;<\/td><td>&nbsp;<\/td><\/tr><tr><td>Los Carteros<\/td><td>2<\/td><td>Nicol\u00e1s Montenegro y Laureano Torres<\/td><\/tr><tr><td>El Tim\u00f3n<\/td><td>1<\/td><td>Mat\u00edas S\u00e1nchez<\/td><\/tr><tr><td>&nbsp;<\/td><td>&nbsp;<\/td><td>&nbsp;<\/td><\/tr><tr><td>La Diego Armando<\/td><td>1<\/td><td>Ramiro Radrizzani<\/td><\/tr><tr><td>Mercedes<\/td><td>3<\/td><td>Francisco Bomaggio (2) y Leandro Filippini<\/td><\/tr><tr><td>&nbsp;<\/td><td>&nbsp;<\/td><td>&nbsp;<\/td><\/tr><tr><td>Holanda<\/td><td>2<\/td><td>Juli\u00e1n Vita (2)<\/td><\/tr><tr><td>Ateneo<\/td><td>1<\/td><td>\u00c1ngel Puchetta<\/td><\/tr><tr><td>&nbsp;<\/td><td>&nbsp;<\/td><td>&nbsp;<\/td><\/tr><tr><td>Palometas<\/td><td>0<\/td><td>&nbsp;<\/td><\/tr><tr><td>El Front\u00f3n<\/td><td>1<\/td><td>Mat\u00edas Paolacci<\/td><\/tr><tr><td>&nbsp;<\/td><td>&nbsp;<\/td><td>&nbsp;<\/td><\/tr><tr><td>Uni\u00f3n<\/td><td>0<\/td><td>&nbsp;<\/td><\/tr><tr><td>Trocha<\/td><td>6<\/td><td>Iv\u00e1n Portillo,\n  Lucas Gallo, Santiago Yasky 2, Marcelo Gonz\u00e1lez y Emanuel Vel\u00e1zquez.<\/td><\/tr><tr><td>&nbsp;<\/td><td>&nbsp;<\/td><td>&nbsp;<\/td><\/tr><tr><td>AMEFIP<\/td><td>15<\/td><td>Marcos Camargo\n  5, Federico Amaya 5, Juli\u00e1n Cano 2, Enzo Cobuccio, Cristian Salvatierra y\n  Sergio Pereyra para AMFIP San Mart\u00edn.<\/td><\/tr><tr><td>Talleres<\/td><td>0<\/td><td>&nbsp;<\/td><\/tr><tr><td>&nbsp;<\/td><td>&nbsp;<\/td><td>&nbsp;<\/td><\/tr><tr><td>Quilmes<\/td><td>3<\/td><td>Dami\u00e1n\n  Mansilla, Facundo Quiroga y Alejandro Cardozo<\/td><\/tr><tr><td>V\u00e9lez<\/td><td>3<\/td><td>Jonathan\n  Torre, Lucas Alfonso y Rodolfo Aquino<\/td><\/tr><tr><td>&nbsp;<\/td><td>&nbsp;<\/td><td>&nbsp;<\/td><\/tr><tr><td>Juventud<\/td><td>3<\/td><td>Luis Lawler (2) y Mart\u00edn Carreto<\/td><\/tr><tr><td>Defensores<\/td><td>0<\/td><td>&nbsp;<\/td><\/tr><tr><td>&nbsp;<\/td><td>&nbsp;<\/td><td>&nbsp;<\/td><\/tr><tr><td>Col\u00f3n<\/td><td>1<\/td><td>Gustavo Miranda<\/td><\/tr><tr><td>Pabell\u00f3n<\/td><td>1<\/td><td>Mart\u00edn Rey (e\/c)<\/td><\/tr><tr><td>&nbsp;<\/td><td>&nbsp;<\/td><td>&nbsp;<\/td><\/tr><tr><td>Marcos Paz<\/td><td>1<\/td><td>Facundo Heredia<\/td><\/tr><tr><td>Estudiantes<\/td><td>0<\/td><td>Partido suspendido a los 38 st<\/td><\/tr><\/tbody><\/table>\n\n\n\n<p><em><strong>S\u00e1bado 10 de agosto, cancha Liga Mercedina<\/strong><\/em><br>13:00 hs. Defensores Juniors Vs. El Tim\u00f3n<br>15:00 hs. Talleres Payr\u00f3 Vs. V\u00e9lez<br>17:00 hs. Los Carteros Vs. Palometas FC.<\/p>\n\n\n\n<p><em><strong>A confirmar<\/strong><\/em><br>El Front\u00f3n Vs. AMEFIP<\/p>\n\n\n\n<p><em><strong>A confirmar<\/strong><\/em><br>Pabell\u00f3n Argentino Vs. La Diego Armando (fecha 18)<\/p>\n\n\n\n<p><em><strong>A confirmar\u00a0<\/strong><\/em><br>Juventud Vs. Ateneo (Fecha 17)<\/p>\n\n\n\n<p><em><strong>A confirmar<\/strong><\/em><br>Costa Brava Vs. Quilmes<\/p>\n\n\n\n<figure class=\"wp-block-image\"><img loading=\"lazy\" decoding=\"async\" width=\"658\" height=\"748\" data-attachment-id=\"97667\" data-permalink=\"https:\/\/www.hoymercedes.com.ar\/principal\/2019\/08\/05\/una-goleada-historica-un-partido-suspendido-una-modificacion-en-una-zona-una-reprogramacion-y-siete-clasificados-el-saldo-de-la-fecha-20-de-la-liga\/primera-liga-pos-20\/#main\" data-orig-file=\"https:\/\/www.hoymercedes.com.ar\/principal\/wp-content\/uploads\/2019\/08\/PRIMERA-LIGA-POS.png\" data-orig-size=\"658,748\" data-comments-opened=\"0\" data-image-meta=\"{&quot;aperture&quot;:&quot;0&quot;,&quot;credit&quot;:&quot;&quot;,&quot;camera&quot;:&quot;&quot;,&quot;caption&quot;:&quot;&quot;,&quot;created_timestamp&quot;:&quot;0&quot;,&quot;copyright&quot;:&quot;&quot;,&quot;focal_length&quot;:&quot;0&quot;,&quot;iso&quot;:&quot;0&quot;,&quot;shutter_speed&quot;:&quot;0&quot;,&quot;title&quot;:&quot;&quot;,&quot;orientation&quot;:&quot;0&quot;}\" data-image-title=\"PRIMERA-LIGA-POS\" data-image-description=\"\" data-image-caption=\"\" data-large-file=\"https:\/\/www.hoymercedes.com.ar\/principal\/wp-content\/uploads\/2019\/08\/PRIMERA-LIGA-POS.png\" src=\"https:\/\/www.hoymercedes.com.ar\/principal\/wp-content\/uploads\/2019\/08\/PRIMERA-LIGA-POS.png\" alt=\"\" class=\"wp-image-97667\" srcset=\"https:\/\/www.hoymercedes.com.ar\/principal\/wp-content\/uploads\/2019\/08\/PRIMERA-LIGA-POS.png 658w, https:\/\/www.hoymercedes.com.ar\/principal\/wp-content\/uploads\/2019\/08\/PRIMERA-LIGA-POS-132x150.png 132w, https:\/\/www.hoymercedes.com.ar\/principal\/wp-content\/uploads\/2019\/08\/PRIMERA-LIGA-POS-545x620.png 545w\" sizes=\"auto, (max-width: 658px) 100vw, 658px\" \/><\/figure>\n\n\n\n<div class=\"wp-block-image\"><figure class=\"aligncenter\"><img loading=\"lazy\" decoding=\"async\" width=\"334\" height=\"876\" data-attachment-id=\"97668\" data-permalink=\"https:\/\/www.hoymercedes.com.ar\/principal\/2019\/08\/05\/una-goleada-historica-un-partido-suspendido-una-modificacion-en-una-zona-una-reprogramacion-y-siete-clasificados-el-saldo-de-la-fecha-20-de-la-liga\/goles-liga-pri-12\/#main\" data-orig-file=\"https:\/\/www.hoymercedes.com.ar\/principal\/wp-content\/uploads\/2019\/08\/Goles-LIGA-PRI.png\" data-orig-size=\"334,876\" data-comments-opened=\"0\" data-image-meta=\"{&quot;aperture&quot;:&quot;0&quot;,&quot;credit&quot;:&quot;&quot;,&quot;camera&quot;:&quot;&quot;,&quot;caption&quot;:&quot;&quot;,&quot;created_timestamp&quot;:&quot;0&quot;,&quot;copyright&quot;:&quot;&quot;,&quot;focal_length&quot;:&quot;0&quot;,&quot;iso&quot;:&quot;0&quot;,&quot;shutter_speed&quot;:&quot;0&quot;,&quot;title&quot;:&quot;&quot;,&quot;orientation&quot;:&quot;0&quot;}\" data-image-title=\"Goles-LIGA-PRI\" data-image-description=\"\" data-image-caption=\"\" data-large-file=\"https:\/\/www.hoymercedes.com.ar\/principal\/wp-content\/uploads\/2019\/08\/Goles-LIGA-PRI.png\" src=\"https:\/\/www.hoymercedes.com.ar\/principal\/wp-content\/uploads\/2019\/08\/Goles-LIGA-PRI.png\" alt=\"\" class=\"wp-image-97668\" srcset=\"https:\/\/www.hoymercedes.com.ar\/principal\/wp-content\/uploads\/2019\/08\/Goles-LIGA-PRI.png 334w, https:\/\/www.hoymercedes.com.ar\/principal\/wp-content\/uploads\/2019\/08\/Goles-LIGA-PRI-57x150.png 57w, https:\/\/www.hoymercedes.com.ar\/principal\/wp-content\/uploads\/2019\/08\/Goles-LIGA-PRI-236x620.png 236w\" sizes=\"auto, (max-width: 334px) 100vw, 334px\" \/><\/figure><\/div>\n","protected":false},"excerpt":{"rendered":"<p>En un torneo en el que cuesta conseguir atractivos, aunque hay dos zonas que se tornaron parejas, la fecha 20 &#8230; <a title=\"Una goleada hist\u00f3rica, un partido suspendido, una modificaci\u00f3n en una zona, una reprogramaci\u00f3n y siete clasificados, el saldo de la fecha 20 de la Liga\" class=\"read-more\" href=\"https:\/\/www.hoymercedes.com.ar\/principal\/2019\/08\/05\/una-goleada-historica-un-partido-suspendido-una-modificacion-en-una-zona-una-reprogramacion-y-siete-clasificados-el-saldo-de-la-fecha-20-de-la-liga\/\" aria-label=\"Leer m\u00e1s sobre Una goleada hist\u00f3rica, un partido suspendido, una modificaci\u00f3n en una zona, una reprogramaci\u00f3n y siete clasificados, el saldo de la fecha 20 de la Liga\">Leer m\u00e1s<\/a><\/p>\n","protected":false},"author":1,"featured_media":97667,"comment_status":"closed","ping_status":"open","sticky":false,"template":"","format":"standard","meta":{"_monsterinsights_skip_tracking":false,"_monsterinsights_sitenote_active":false,"_monsterinsights_sitenote_note":"","_monsterinsights_sitenote_category":0,"jetpack_post_was_ever_published":false,"_jetpack_newsletter_access":"","_jetpack_dont_email_post_to_subs":false,"_jetpack_newsletter_tier_id":0,"_jetpack_memberships_contains_paywalled_content":false,"_jetpack_memberships_contains_paid_content":false,"footnotes":"","jetpack_publicize_message":"","jetpack_publicize_feature_enabled":true,"jetpack_social_post_already_shared":true,"jetpack_social_options":{"image_generator_settings":{"template":"highway","default_image_id":0,"font":"","enabled":false},"version":2},"_wpas_customize_per_network":false},"categories":[21],"tags":[],"class_list":["post-97665","post","type-post","status-publish","format-standard","has-post-thumbnail","hentry","category-deportes","generate-columns","tablet-grid-50","mobile-grid-100","grid-parent","grid-50"],"jetpack_publicize_connections":[],"jetpack_featured_media_url":"https:\/\/www.hoymercedes.com.ar\/principal\/wp-content\/uploads\/2019\/08\/PRIMERA-LIGA-POS.png","wps_subtitle":"Liga Mercedina","jetpack_sharing_enabled":true,"_links":{"self":[{"href":"https:\/\/www.hoymercedes.com.ar\/principal\/wp-json\/wp\/v2\/posts\/97665","targetHints":{"allow":["GET"]}}],"collection":[{"href":"https:\/\/www.hoymercedes.com.ar\/principal\/wp-json\/wp\/v2\/posts"}],"about":[{"href":"https:\/\/www.hoymercedes.com.ar\/principal\/wp-json\/wp\/v2\/types\/post"}],"author":[{"embeddable":true,"href":"https:\/\/www.hoymercedes.com.ar\/principal\/wp-json\/wp\/v2\/users\/1"}],"replies":[{"embeddable":true,"href":"https:\/\/www.hoymercedes.com.ar\/principal\/wp-json\/wp\/v2\/comments?post=97665"}],"version-history":[{"count":0,"href":"https:\/\/www.hoymercedes.com.ar\/principal\/wp-json\/wp\/v2\/posts\/97665\/revisions"}],"wp:featuredmedia":[{"embeddable":true,"href":"https:\/\/www.hoymercedes.com.ar\/principal\/wp-json\/wp\/v2\/media\/97667"}],"wp:attachment":[{"href":"https:\/\/www.hoymercedes.com.ar\/principal\/wp-json\/wp\/v2\/media?parent=97665"}],"wp:term":[{"taxonomy":"category","embeddable":true,"href":"https:\/\/www.hoymercedes.com.ar\/principal\/wp-json\/wp\/v2\/categories?post=97665"},{"taxonomy":"post_tag","embeddable":true,"href":"https:\/\/www.hoymercedes.com.ar\/principal\/wp-json\/wp\/v2\/tags?post=97665"}],"curies":[{"name":"wp","href":"https:\/\/api.w.org\/{rel}","templated":true}]}}