{"id":97675,"date":"2019-08-05T15:02:18","date_gmt":"2019-08-05T18:02:18","guid":{"rendered":"http:\/\/www.hoymercedes.com.ar\/principal\/?p=97675"},"modified":"2019-08-05T10:15:57","modified_gmt":"2019-08-05T13:15:57","slug":"el-centro-ecuestre-maria-silvina-se-lucion-en-chivilcoy","status":"publish","type":"post","link":"https:\/\/www.hoymercedes.com.ar\/principal\/2019\/08\/05\/el-centro-ecuestre-maria-silvina-se-lucion-en-chivilcoy\/","title":{"rendered":"El Centro Ecuestre Mar\u00eda Silvina se luci\u00f3n en Chivilcoy"},"content":{"rendered":"\n<p>El pasado domingo 4 de agosto se realiz\u00f3 en el Campo H\u00edpico La Candela de Chivilcoy la quinta fecha correspondiente al AHDO en la que se hicieron presentes amazonas y jinetes del Centro Ecuestre Mar\u00eda Silvina junto a su instructor Lucas Rey.<\/p>\n\n\n\n<figure class=\"wp-block-image\"><img loading=\"lazy\" decoding=\"async\" width=\"1024\" height=\"768\" data-attachment-id=\"97676\" data-permalink=\"https:\/\/www.hoymercedes.com.ar\/principal\/2019\/08\/05\/el-centro-ecuestre-maria-silvina-se-lucion-en-chivilcoy\/whatsapp-image-2019-08-05-at-08-25-46\/#main\" data-orig-file=\"https:\/\/www.hoymercedes.com.ar\/principal\/wp-content\/uploads\/2019\/08\/WhatsApp-Image-2019-08-05-at-08.25.46.jpeg\" data-orig-size=\"1032,774\" data-comments-opened=\"0\" data-image-meta=\"{&quot;aperture&quot;:&quot;0&quot;,&quot;credit&quot;:&quot;&quot;,&quot;camera&quot;:&quot;&quot;,&quot;caption&quot;:&quot;&quot;,&quot;created_timestamp&quot;:&quot;0&quot;,&quot;copyright&quot;:&quot;&quot;,&quot;focal_length&quot;:&quot;0&quot;,&quot;iso&quot;:&quot;0&quot;,&quot;shutter_speed&quot;:&quot;0&quot;,&quot;title&quot;:&quot;&quot;,&quot;orientation&quot;:&quot;0&quot;}\" data-image-title=\"WhatsApp-Image-2019-08-05-at-08.25.46\" data-image-description=\"\" data-image-caption=\"\" data-large-file=\"https:\/\/www.hoymercedes.com.ar\/principal\/wp-content\/uploads\/2019\/08\/WhatsApp-Image-2019-08-05-at-08.25.46-1024x768.jpeg\" src=\"https:\/\/www.hoymercedes.com.ar\/principal\/wp-content\/uploads\/2019\/08\/WhatsApp-Image-2019-08-05-at-08.25.46-1024x768.jpeg\" alt=\"\" class=\"wp-image-97676\" srcset=\"https:\/\/www.hoymercedes.com.ar\/principal\/wp-content\/uploads\/2019\/08\/WhatsApp-Image-2019-08-05-at-08.25.46-1024x768.jpeg 1024w, https:\/\/www.hoymercedes.com.ar\/principal\/wp-content\/uploads\/2019\/08\/WhatsApp-Image-2019-08-05-at-08.25.46-150x113.jpeg 150w, https:\/\/www.hoymercedes.com.ar\/principal\/wp-content\/uploads\/2019\/08\/WhatsApp-Image-2019-08-05-at-08.25.46-630x473.jpeg 630w, https:\/\/www.hoymercedes.com.ar\/principal\/wp-content\/uploads\/2019\/08\/WhatsApp-Image-2019-08-05-at-08.25.46-320x240.jpeg 320w, https:\/\/www.hoymercedes.com.ar\/principal\/wp-content\/uploads\/2019\/08\/WhatsApp-Image-2019-08-05-at-08.25.46-100x75.jpeg 100w, https:\/\/www.hoymercedes.com.ar\/principal\/wp-content\/uploads\/2019\/08\/WhatsApp-Image-2019-08-05-at-08.25.46.jpeg 1032w\" sizes=\"auto, (max-width: 1024px) 100vw, 1024px\" \/><\/figure>\n\n\n\n<p>Los resultados fueron:<\/p>\n\n\n\n<p>En 30 Cm:\u00a0 1\u00b0 Puesto Luisina Martinelli con Elegida.<\/p>\n\n\n\n<p>3\u00b0 Puesto Clementina Renaldo con Elegida.<\/p>\n\n\n\n<p>Particip\u00f3 Tambien Luz Boico con un excelente recorrido.<\/p>\n\n\n\n<p>En 40 Cm: 5\u00b0 Puesto Fatima Averame con Euro.<\/p>\n\n\n\n<p>En 50 Cm: 1\u00b0 Puesto Fatima Averame con Euro. Participaron tambi\u00e9n Cloe Guardines, Belen Arocena y Abril Guardines.<\/p>\n\n\n\n<p>En 60 Cm: 2\u00b0 Puesto Lucia Mitarotonda con Cerveza.<\/p>\n\n\n\n<p>4\u00b0 Puesto Tomas Rondon con Cerveza. <\/p>\n\n\n\n<p>Participo Tambien con excelente recorrido Romina Spettoli Con Ulises Ii.<\/p>\n\n\n\n<p>En 70 Cm: 2\u00b0 Puesto Maria Paz Rey Pruzzo con Jofre.<\/p>\n\n\n\n<p>5\u00b0 Puesto Cloe Guardines Con Jofre. Participo Tambien\nCatalina Revello&nbsp; Con Muy Buen Recorrido.<\/p>\n\n\n\n<p>En 80 Cm: 1\u00b0 Puesto Joaquina Dellafontana Con Elektra.<\/p>\n\n\n\n<p>3\u00b0 Puesto Maria Del Rosario Navia Con Charm Z.<\/p>\n\n\n\n<p>En 90 Cm: 2\u00b0 Puesto Maria Belen Rey Pruzzo Con Lv Choice Pearl.<\/p>\n\n\n\n<p>3\u00b0Puesto Joaquina Dellafontana Con Elektra. Participo\nTambien Luciana Juarez Nasso Con Talisman.<\/p>\n\n\n\n<p>En 1 Metro 1\u00b0 Puesto Maria Belen Rey Pruzzo Con Lv Choice Pearl<\/p>\n\n\n\n<ul class=\"wp-block-gallery columns-3 is-cropped wp-block-gallery-1 is-layout-flex wp-block-gallery-is-layout-flex\"><li class=\"blocks-gallery-item\"><figure><img loading=\"lazy\" decoding=\"async\" width=\"768\" height=\"1024\" data-attachment-id=\"97677\" data-permalink=\"https:\/\/www.hoymercedes.com.ar\/principal\/2019\/08\/05\/el-centro-ecuestre-maria-silvina-se-lucion-en-chivilcoy\/whatsapp-image-2019-08-05-at-08-25-48\/#main\" data-orig-file=\"https:\/\/www.hoymercedes.com.ar\/principal\/wp-content\/uploads\/2019\/08\/WhatsApp-Image-2019-08-05-at-08.25.48.jpeg\" data-orig-size=\"774,1032\" data-comments-opened=\"0\" data-image-meta=\"{&quot;aperture&quot;:&quot;0&quot;,&quot;credit&quot;:&quot;&quot;,&quot;camera&quot;:&quot;&quot;,&quot;caption&quot;:&quot;&quot;,&quot;created_timestamp&quot;:&quot;0&quot;,&quot;copyright&quot;:&quot;&quot;,&quot;focal_length&quot;:&quot;0&quot;,&quot;iso&quot;:&quot;0&quot;,&quot;shutter_speed&quot;:&quot;0&quot;,&quot;title&quot;:&quot;&quot;,&quot;orientation&quot;:&quot;0&quot;}\" data-image-title=\"WhatsApp-Image-2019-08-05-at-08.25.48\" data-image-description=\"\" data-image-caption=\"\" data-large-file=\"https:\/\/www.hoymercedes.com.ar\/principal\/wp-content\/uploads\/2019\/08\/WhatsApp-Image-2019-08-05-at-08.25.48-768x1024.jpeg\" src=\"https:\/\/www.hoymercedes.com.ar\/principal\/wp-content\/uploads\/2019\/08\/WhatsApp-Image-2019-08-05-at-08.25.48-768x1024.jpeg\" alt=\"\" data-id=\"97677\" data-link=\"https:\/\/www.hoymercedes.com.ar\/principal\/?attachment_id=97677\" class=\"wp-image-97677\" srcset=\"https:\/\/www.hoymercedes.com.ar\/principal\/wp-content\/uploads\/2019\/08\/WhatsApp-Image-2019-08-05-at-08.25.48-768x1024.jpeg 768w, https:\/\/www.hoymercedes.com.ar\/principal\/wp-content\/uploads\/2019\/08\/WhatsApp-Image-2019-08-05-at-08.25.48-113x150.jpeg 113w, https:\/\/www.hoymercedes.com.ar\/principal\/wp-content\/uploads\/2019\/08\/WhatsApp-Image-2019-08-05-at-08.25.48-465x620.jpeg 465w, https:\/\/www.hoymercedes.com.ar\/principal\/wp-content\/uploads\/2019\/08\/WhatsApp-Image-2019-08-05-at-08.25.48.jpeg 774w\" sizes=\"auto, (max-width: 768px) 100vw, 768px\" \/><\/figure><\/li><li class=\"blocks-gallery-item\"><figure><img loading=\"lazy\" decoding=\"async\" width=\"768\" height=\"1024\" data-attachment-id=\"97678\" data-permalink=\"https:\/\/www.hoymercedes.com.ar\/principal\/2019\/08\/05\/el-centro-ecuestre-maria-silvina-se-lucion-en-chivilcoy\/whatsapp-image-2019-08-05-at-08-25-47-1\/#main\" data-orig-file=\"https:\/\/www.hoymercedes.com.ar\/principal\/wp-content\/uploads\/2019\/08\/WhatsApp-Image-2019-08-05-at-08.25.47-1.jpeg\" data-orig-size=\"774,1032\" data-comments-opened=\"0\" data-image-meta=\"{&quot;aperture&quot;:&quot;0&quot;,&quot;credit&quot;:&quot;&quot;,&quot;camera&quot;:&quot;&quot;,&quot;caption&quot;:&quot;&quot;,&quot;created_timestamp&quot;:&quot;0&quot;,&quot;copyright&quot;:&quot;&quot;,&quot;focal_length&quot;:&quot;0&quot;,&quot;iso&quot;:&quot;0&quot;,&quot;shutter_speed&quot;:&quot;0&quot;,&quot;title&quot;:&quot;&quot;,&quot;orientation&quot;:&quot;0&quot;}\" data-image-title=\"WhatsApp-Image-2019-08-05-at-08.25.47-1\" data-image-description=\"\" data-image-caption=\"\" data-large-file=\"https:\/\/www.hoymercedes.com.ar\/principal\/wp-content\/uploads\/2019\/08\/WhatsApp-Image-2019-08-05-at-08.25.47-1-768x1024.jpeg\" src=\"https:\/\/www.hoymercedes.com.ar\/principal\/wp-content\/uploads\/2019\/08\/WhatsApp-Image-2019-08-05-at-08.25.47-1-768x1024.jpeg\" alt=\"\" data-id=\"97678\" data-link=\"https:\/\/www.hoymercedes.com.ar\/principal\/?attachment_id=97678\" class=\"wp-image-97678\" srcset=\"https:\/\/www.hoymercedes.com.ar\/principal\/wp-content\/uploads\/2019\/08\/WhatsApp-Image-2019-08-05-at-08.25.47-1-768x1024.jpeg 768w, https:\/\/www.hoymercedes.com.ar\/principal\/wp-content\/uploads\/2019\/08\/WhatsApp-Image-2019-08-05-at-08.25.47-1-113x150.jpeg 113w, https:\/\/www.hoymercedes.com.ar\/principal\/wp-content\/uploads\/2019\/08\/WhatsApp-Image-2019-08-05-at-08.25.47-1-465x620.jpeg 465w, https:\/\/www.hoymercedes.com.ar\/principal\/wp-content\/uploads\/2019\/08\/WhatsApp-Image-2019-08-05-at-08.25.47-1.jpeg 774w\" sizes=\"auto, (max-width: 768px) 100vw, 768px\" \/><\/figure><\/li><li class=\"blocks-gallery-item\"><figure><img loading=\"lazy\" decoding=\"async\" width=\"768\" height=\"1024\" data-attachment-id=\"97679\" data-permalink=\"https:\/\/www.hoymercedes.com.ar\/principal\/2019\/08\/05\/el-centro-ecuestre-maria-silvina-se-lucion-en-chivilcoy\/whatsapp-image-2019-08-05-at-08-25-47\/#main\" data-orig-file=\"https:\/\/www.hoymercedes.com.ar\/principal\/wp-content\/uploads\/2019\/08\/WhatsApp-Image-2019-08-05-at-08.25.47.jpeg\" data-orig-size=\"774,1032\" data-comments-opened=\"0\" data-image-meta=\"{&quot;aperture&quot;:&quot;0&quot;,&quot;credit&quot;:&quot;&quot;,&quot;camera&quot;:&quot;&quot;,&quot;caption&quot;:&quot;&quot;,&quot;created_timestamp&quot;:&quot;0&quot;,&quot;copyright&quot;:&quot;&quot;,&quot;focal_length&quot;:&quot;0&quot;,&quot;iso&quot;:&quot;0&quot;,&quot;shutter_speed&quot;:&quot;0&quot;,&quot;title&quot;:&quot;&quot;,&quot;orientation&quot;:&quot;0&quot;}\" data-image-title=\"WhatsApp-Image-2019-08-05-at-08.25.47\" data-image-description=\"\" data-image-caption=\"\" data-large-file=\"https:\/\/www.hoymercedes.com.ar\/principal\/wp-content\/uploads\/2019\/08\/WhatsApp-Image-2019-08-05-at-08.25.47-768x1024.jpeg\" src=\"https:\/\/www.hoymercedes.com.ar\/principal\/wp-content\/uploads\/2019\/08\/WhatsApp-Image-2019-08-05-at-08.25.47-768x1024.jpeg\" alt=\"\" data-id=\"97679\" data-link=\"https:\/\/www.hoymercedes.com.ar\/principal\/?attachment_id=97679\" class=\"wp-image-97679\" srcset=\"https:\/\/www.hoymercedes.com.ar\/principal\/wp-content\/uploads\/2019\/08\/WhatsApp-Image-2019-08-05-at-08.25.47-768x1024.jpeg 768w, https:\/\/www.hoymercedes.com.ar\/principal\/wp-content\/uploads\/2019\/08\/WhatsApp-Image-2019-08-05-at-08.25.47-113x150.jpeg 113w, https:\/\/www.hoymercedes.com.ar\/principal\/wp-content\/uploads\/2019\/08\/WhatsApp-Image-2019-08-05-at-08.25.47-465x620.jpeg 465w, https:\/\/www.hoymercedes.com.ar\/principal\/wp-content\/uploads\/2019\/08\/WhatsApp-Image-2019-08-05-at-08.25.47.jpeg 774w\" sizes=\"auto, (max-width: 768px) 100vw, 768px\" \/><\/figure><\/li><li class=\"blocks-gallery-item\"><figure><img loading=\"lazy\" decoding=\"async\" width=\"768\" height=\"1024\" data-attachment-id=\"97680\" data-permalink=\"https:\/\/www.hoymercedes.com.ar\/principal\/2019\/08\/05\/el-centro-ecuestre-maria-silvina-se-lucion-en-chivilcoy\/whatsapp-image-2019-08-05-at-08-25-46-1\/#main\" data-orig-file=\"https:\/\/www.hoymercedes.com.ar\/principal\/wp-content\/uploads\/2019\/08\/WhatsApp-Image-2019-08-05-at-08.25.46-1.jpeg\" data-orig-size=\"774,1032\" data-comments-opened=\"0\" data-image-meta=\"{&quot;aperture&quot;:&quot;0&quot;,&quot;credit&quot;:&quot;&quot;,&quot;camera&quot;:&quot;&quot;,&quot;caption&quot;:&quot;&quot;,&quot;created_timestamp&quot;:&quot;0&quot;,&quot;copyright&quot;:&quot;&quot;,&quot;focal_length&quot;:&quot;0&quot;,&quot;iso&quot;:&quot;0&quot;,&quot;shutter_speed&quot;:&quot;0&quot;,&quot;title&quot;:&quot;&quot;,&quot;orientation&quot;:&quot;0&quot;}\" data-image-title=\"WhatsApp-Image-2019-08-05-at-08.25.46-1\" data-image-description=\"\" data-image-caption=\"\" data-large-file=\"https:\/\/www.hoymercedes.com.ar\/principal\/wp-content\/uploads\/2019\/08\/WhatsApp-Image-2019-08-05-at-08.25.46-1-768x1024.jpeg\" src=\"https:\/\/www.hoymercedes.com.ar\/principal\/wp-content\/uploads\/2019\/08\/WhatsApp-Image-2019-08-05-at-08.25.46-1-768x1024.jpeg\" alt=\"\" data-id=\"97680\" data-link=\"https:\/\/www.hoymercedes.com.ar\/principal\/?attachment_id=97680\" class=\"wp-image-97680\" srcset=\"https:\/\/www.hoymercedes.com.ar\/principal\/wp-content\/uploads\/2019\/08\/WhatsApp-Image-2019-08-05-at-08.25.46-1-768x1024.jpeg 768w, https:\/\/www.hoymercedes.com.ar\/principal\/wp-content\/uploads\/2019\/08\/WhatsApp-Image-2019-08-05-at-08.25.46-1-113x150.jpeg 113w, https:\/\/www.hoymercedes.com.ar\/principal\/wp-content\/uploads\/2019\/08\/WhatsApp-Image-2019-08-05-at-08.25.46-1-465x620.jpeg 465w, https:\/\/www.hoymercedes.com.ar\/principal\/wp-content\/uploads\/2019\/08\/WhatsApp-Image-2019-08-05-at-08.25.46-1.jpeg 774w\" sizes=\"auto, (max-width: 768px) 100vw, 768px\" \/><\/figure><\/li><\/ul>\n","protected":false},"excerpt":{"rendered":"<p>El pasado domingo 4 de agosto se realiz\u00f3 en el Campo H\u00edpico La Candela de Chivilcoy la quinta fecha correspondiente &#8230; <a title=\"El Centro Ecuestre Mar\u00eda Silvina se luci\u00f3n en Chivilcoy\" class=\"read-more\" href=\"https:\/\/www.hoymercedes.com.ar\/principal\/2019\/08\/05\/el-centro-ecuestre-maria-silvina-se-lucion-en-chivilcoy\/\" aria-label=\"Leer m\u00e1s sobre El Centro Ecuestre Mar\u00eda Silvina se luci\u00f3n en Chivilcoy\">Leer m\u00e1s<\/a><\/p>\n","protected":false},"author":1,"featured_media":97676,"comment_status":"closed","ping_status":"open","sticky":false,"template":"","format":"standard","meta":{"_monsterinsights_skip_tracking":false,"_monsterinsights_sitenote_active":false,"_monsterinsights_sitenote_note":"","_monsterinsights_sitenote_category":0,"jetpack_post_was_ever_published":false,"_jetpack_newsletter_access":"","_jetpack_dont_email_post_to_subs":false,"_jetpack_newsletter_tier_id":0,"_jetpack_memberships_contains_paywalled_content":false,"_jetpack_memberships_contains_paid_content":false,"footnotes":"","jetpack_publicize_message":"","jetpack_publicize_feature_enabled":true,"jetpack_social_post_already_shared":true,"jetpack_social_options":{"image_generator_settings":{"template":"highway","default_image_id":0,"font":"","enabled":false},"version":2},"_wpas_customize_per_network":false},"categories":[21],"tags":[204,1821],"class_list":["post-97675","post","type-post","status-publish","format-standard","has-post-thumbnail","hentry","category-deportes","tag-deportes-2","tag-equitacion","generate-columns","tablet-grid-50","mobile-grid-100","grid-parent","grid-50"],"jetpack_publicize_connections":[],"jetpack_featured_media_url":"https:\/\/www.hoymercedes.com.ar\/principal\/wp-content\/uploads\/2019\/08\/WhatsApp-Image-2019-08-05-at-08.25.46.jpeg","wps_subtitle":"Equitaci\u00f3n","jetpack_sharing_enabled":true,"_links":{"self":[{"href":"https:\/\/www.hoymercedes.com.ar\/principal\/wp-json\/wp\/v2\/posts\/97675","targetHints":{"allow":["GET"]}}],"collection":[{"href":"https:\/\/www.hoymercedes.com.ar\/principal\/wp-json\/wp\/v2\/posts"}],"about":[{"href":"https:\/\/www.hoymercedes.com.ar\/principal\/wp-json\/wp\/v2\/types\/post"}],"author":[{"embeddable":true,"href":"https:\/\/www.hoymercedes.com.ar\/principal\/wp-json\/wp\/v2\/users\/1"}],"replies":[{"embeddable":true,"href":"https:\/\/www.hoymercedes.com.ar\/principal\/wp-json\/wp\/v2\/comments?post=97675"}],"version-history":[{"count":0,"href":"https:\/\/www.hoymercedes.com.ar\/principal\/wp-json\/wp\/v2\/posts\/97675\/revisions"}],"wp:featuredmedia":[{"embeddable":true,"href":"https:\/\/www.hoymercedes.com.ar\/principal\/wp-json\/wp\/v2\/media\/97676"}],"wp:attachment":[{"href":"https:\/\/www.hoymercedes.com.ar\/principal\/wp-json\/wp\/v2\/media?parent=97675"}],"wp:term":[{"taxonomy":"category","embeddable":true,"href":"https:\/\/www.hoymercedes.com.ar\/principal\/wp-json\/wp\/v2\/categories?post=97675"},{"taxonomy":"post_tag","embeddable":true,"href":"https:\/\/www.hoymercedes.com.ar\/principal\/wp-json\/wp\/v2\/tags?post=97675"}],"curies":[{"name":"wp","href":"https:\/\/api.w.org\/{rel}","templated":true}]}}