{"id":97694,"date":"2019-08-05T17:41:31","date_gmt":"2019-08-05T20:41:31","guid":{"rendered":"http:\/\/www.hoymercedes.com.ar\/principal\/?p=97694"},"modified":"2019-08-05T17:41:37","modified_gmt":"2019-08-05T20:41:37","slug":"el-clausura-2019-se-puso-en-marcha","status":"publish","type":"post","link":"https:\/\/www.hoymercedes.com.ar\/principal\/2019\/08\/05\/el-clausura-2019-se-puso-en-marcha\/","title":{"rendered":"El Clausura 2019 se puso en marcha"},"content":{"rendered":"\n<p>Con una totalidad de 12 planteles, comenz\u00f3 la segunda parte del calendario futbol\u00edstico del predio.<\/p>\n\n\n\n<figure class=\"wp-block-image\"><img loading=\"lazy\" decoding=\"async\" width=\"1024\" height=\"768\" data-attachment-id=\"97698\" data-permalink=\"https:\/\/www.hoymercedes.com.ar\/principal\/2019\/08\/05\/el-clausura-2019-se-puso-en-marcha\/el-porvenir-jpg\/#main\" data-orig-file=\"https:\/\/www.hoymercedes.com.ar\/principal\/wp-content\/uploads\/2019\/08\/el-porvenir.jpg.jpg\" data-orig-size=\"2080,1560\" data-comments-opened=\"0\" data-image-meta=\"{&quot;aperture&quot;:&quot;0&quot;,&quot;credit&quot;:&quot;&quot;,&quot;camera&quot;:&quot;&quot;,&quot;caption&quot;:&quot;&quot;,&quot;created_timestamp&quot;:&quot;0&quot;,&quot;copyright&quot;:&quot;&quot;,&quot;focal_length&quot;:&quot;0&quot;,&quot;iso&quot;:&quot;0&quot;,&quot;shutter_speed&quot;:&quot;0&quot;,&quot;title&quot;:&quot;&quot;,&quot;orientation&quot;:&quot;0&quot;}\" data-image-title=\"el-porvenir.jpg\" data-image-description=\"\" data-image-caption=\"\" data-large-file=\"https:\/\/www.hoymercedes.com.ar\/principal\/wp-content\/uploads\/2019\/08\/el-porvenir.jpg-1024x768.jpg\" src=\"https:\/\/www.hoymercedes.com.ar\/principal\/wp-content\/uploads\/2019\/08\/el-porvenir.jpg-1024x768.jpg\" alt=\"\" class=\"wp-image-97698\" srcset=\"https:\/\/www.hoymercedes.com.ar\/principal\/wp-content\/uploads\/2019\/08\/el-porvenir.jpg-1024x768.jpg 1024w, https:\/\/www.hoymercedes.com.ar\/principal\/wp-content\/uploads\/2019\/08\/el-porvenir.jpg-150x113.jpg 150w, https:\/\/www.hoymercedes.com.ar\/principal\/wp-content\/uploads\/2019\/08\/el-porvenir.jpg-630x473.jpg 630w, https:\/\/www.hoymercedes.com.ar\/principal\/wp-content\/uploads\/2019\/08\/el-porvenir.jpg-320x240.jpg 320w, https:\/\/www.hoymercedes.com.ar\/principal\/wp-content\/uploads\/2019\/08\/el-porvenir.jpg-100x75.jpg 100w\" sizes=\"auto, (max-width: 1024px) 100vw, 1024px\" \/><\/figure>\n\n\n\n<p>Se extra\u00f1aban las jornadas de buen f\u00fatbol en excelente e impecable complejo de la ciudad de Mercedes. La AJB se volvi\u00f3 a vestir de gala para una vez m\u00e1s recibir a los conjuntos participantes que van a pelear para quedarse con el trofeo de campe\u00f3n.<\/p>\n\n\n\n<p>Los chicos de Monitoreo San Andr\u00e9s-Brascop Nature arrancaron con el pie derecho, y ya sumaron sus tres primera unidades. En la primera fecha del torneo, recibi\u00f3 a los locales, a la AJB Mercedes, y logr\u00f3 quedarse con el ansiado triunfo por cuatro a dos, en una r\u00e1faga de ataques y embates contra el arco del adversario.<\/p>\n\n\n\n<p>Vidrios Mercedes, actual y vigente campe\u00f3n, tuvo que enfrentarse a un poderoso contendiente, como siempre lo es Mantenimiento de parques y jardines Chapelo. A pesar de que el cero a cero no se movi\u00f3 del tanteador, ambos crearon situaciones de gol, pero las mismas quedaron en la nada, y el \u00e1rbitro determin\u00f3 un justo empate, con puntos repartidos.<\/p>\n\n\n\n<p>Los muchachos de Distribuidora Lud Marc tuvieron ideas para poder derrotar a El Trompez\u00f3n, y las concretaron dentro del verde c\u00e9sped. En la cancha 2, estos dos planteles batallaron entre s\u00ed, pero los de Lud Marc pudieron salir beneficiados por dos a uno.<\/p>\n\n\n\n<p>El Porvenir-Polirubros Diego nunca deja de sorprender ante los ojos de mucho p\u00fablico que lleg\u00f3 al complejo. Los de blanco, verde y rojo, fieles a su estilo de juego destacado y buena colectividad entre sus players, le hizo cuatro tantos a Estudio Jur\u00eddico Paola Navarro, que solamente pudo descontar en dos oportunidades.<\/p>\n\n\n\n<p>La UOM Mercedes, es otro de los que comenz\u00f3 liderando el certamen. Fue contundente contra El Resto, y una de las situaciones de gol que gener\u00f3, la convirti\u00f3 en gol para terminar arriba en el resultado por uno a cero.<\/p>\n\n\n\n<p>Club Social y Deportivo Apolo se hizo fuerte para poder empatarle por uno a uno ante los del \u201cTurco\u201d Bacri, AIB &amp; F\u00fatbol.<\/p>\n\n\n\n<p>Resultados completos:<\/p>\n\n\n\n<p>AJB Mercedes: 2 (Fernando Demicheli, Agust\u00edn M\u00f3naco)<\/p>\n\n\n\n<p>Monitoreo San Andr\u00e9s: 4 (Pablo Marconi 2, Facundo Bustos Berrondo, Gonzalo Lab\u00edn)<\/p>\n\n\n\n<p>Vidrios Mercedes: 0<\/p>\n\n\n\n<p>Mantenimiento de parques y jardines Chapelo: 0<\/p>\n\n\n\n<p>Distribuidora Lud Marc: 2 (Jorge Montenegro, Alberto Zuleta)<\/p>\n\n\n\n<p>El Trompez\u00f3n: 1 (Luciano Lecouna)<\/p>\n\n\n\n<p>El Porvenir-Polirubros Diego: 4 (Luciano Burgos, Rub\u00e9n Mansilla, Claudio Delgado, Lautaro Contreras)<\/p>\n\n\n\n<p>Estudio Jur\u00eddico Paola Navarro: 2 (Pablo Giacoy, Lucas Veron)<\/p>\n\n\n\n<p>La UOM Mercedes: 1 (Daniel Ort\u00edz)<\/p>\n\n\n\n<p>El Resto: 0<\/p>\n\n\n\n<p>Club Social y Deportivo Apolo: 1 (N\u00e9stor Lescano)<\/p>\n\n\n\n<p>AIB &amp; F\u00fatbol: 1 (Mario Alday)<\/p>\n\n\n\n<div class=\"wp-block-image\"><figure class=\"aligncenter\"><img loading=\"lazy\" decoding=\"async\" width=\"466\" height=\"361\" data-attachment-id=\"97699\" data-permalink=\"https:\/\/www.hoymercedes.com.ar\/principal\/2019\/08\/05\/el-clausura-2019-se-puso-en-marcha\/2019-clausura-tabla-ajb\/#main\" data-orig-file=\"https:\/\/www.hoymercedes.com.ar\/principal\/wp-content\/uploads\/2019\/08\/2019-clausura-tabla-ajb.png\" data-orig-size=\"466,361\" data-comments-opened=\"0\" data-image-meta=\"{&quot;aperture&quot;:&quot;0&quot;,&quot;credit&quot;:&quot;&quot;,&quot;camera&quot;:&quot;&quot;,&quot;caption&quot;:&quot;&quot;,&quot;created_timestamp&quot;:&quot;0&quot;,&quot;copyright&quot;:&quot;&quot;,&quot;focal_length&quot;:&quot;0&quot;,&quot;iso&quot;:&quot;0&quot;,&quot;shutter_speed&quot;:&quot;0&quot;,&quot;title&quot;:&quot;&quot;,&quot;orientation&quot;:&quot;0&quot;}\" data-image-title=\"2019-clausura-tabla-ajb\" data-image-description=\"\" data-image-caption=\"\" data-large-file=\"https:\/\/www.hoymercedes.com.ar\/principal\/wp-content\/uploads\/2019\/08\/2019-clausura-tabla-ajb.png\" src=\"https:\/\/www.hoymercedes.com.ar\/principal\/wp-content\/uploads\/2019\/08\/2019-clausura-tabla-ajb.png\" alt=\"\" class=\"wp-image-97699\" srcset=\"https:\/\/www.hoymercedes.com.ar\/principal\/wp-content\/uploads\/2019\/08\/2019-clausura-tabla-ajb.png 466w, https:\/\/www.hoymercedes.com.ar\/principal\/wp-content\/uploads\/2019\/08\/2019-clausura-tabla-ajb-150x116.png 150w\" sizes=\"auto, (max-width: 466px) 100vw, 466px\" \/><\/figure><\/div>\n","protected":false},"excerpt":{"rendered":"<p>Con una totalidad de 12 planteles, comenz\u00f3 la segunda parte del calendario futbol\u00edstico del predio. Se extra\u00f1aban las jornadas de &#8230; <a title=\"El Clausura 2019 se puso en marcha\" class=\"read-more\" href=\"https:\/\/www.hoymercedes.com.ar\/principal\/2019\/08\/05\/el-clausura-2019-se-puso-en-marcha\/\" aria-label=\"Leer m\u00e1s sobre El Clausura 2019 se puso en marcha\">Leer m\u00e1s<\/a><\/p>\n","protected":false},"author":1,"featured_media":97698,"comment_status":"closed","ping_status":"open","sticky":false,"template":"","format":"standard","meta":{"_monsterinsights_skip_tracking":false,"_monsterinsights_sitenote_active":false,"_monsterinsights_sitenote_note":"","_monsterinsights_sitenote_category":0,"jetpack_post_was_ever_published":false,"_jetpack_newsletter_access":"","_jetpack_dont_email_post_to_subs":false,"_jetpack_newsletter_tier_id":0,"_jetpack_memberships_contains_paywalled_content":false,"_jetpack_memberships_contains_paid_content":false,"footnotes":"","jetpack_publicize_message":"","jetpack_publicize_feature_enabled":true,"jetpack_social_post_already_shared":true,"jetpack_social_options":{"image_generator_settings":{"template":"highway","default_image_id":0,"font":"","enabled":false},"version":2},"_wpas_customize_per_network":false},"categories":[21],"tags":[],"class_list":["post-97694","post","type-post","status-publish","format-standard","has-post-thumbnail","hentry","category-deportes","generate-columns","tablet-grid-50","mobile-grid-100","grid-parent","grid-50"],"jetpack_publicize_connections":[],"jetpack_featured_media_url":"https:\/\/www.hoymercedes.com.ar\/principal\/wp-content\/uploads\/2019\/08\/el-porvenir.jpg.jpg","wps_subtitle":"Torneo AJB","jetpack_sharing_enabled":true,"_links":{"self":[{"href":"https:\/\/www.hoymercedes.com.ar\/principal\/wp-json\/wp\/v2\/posts\/97694","targetHints":{"allow":["GET"]}}],"collection":[{"href":"https:\/\/www.hoymercedes.com.ar\/principal\/wp-json\/wp\/v2\/posts"}],"about":[{"href":"https:\/\/www.hoymercedes.com.ar\/principal\/wp-json\/wp\/v2\/types\/post"}],"author":[{"embeddable":true,"href":"https:\/\/www.hoymercedes.com.ar\/principal\/wp-json\/wp\/v2\/users\/1"}],"replies":[{"embeddable":true,"href":"https:\/\/www.hoymercedes.com.ar\/principal\/wp-json\/wp\/v2\/comments?post=97694"}],"version-history":[{"count":0,"href":"https:\/\/www.hoymercedes.com.ar\/principal\/wp-json\/wp\/v2\/posts\/97694\/revisions"}],"wp:featuredmedia":[{"embeddable":true,"href":"https:\/\/www.hoymercedes.com.ar\/principal\/wp-json\/wp\/v2\/media\/97698"}],"wp:attachment":[{"href":"https:\/\/www.hoymercedes.com.ar\/principal\/wp-json\/wp\/v2\/media?parent=97694"}],"wp:term":[{"taxonomy":"category","embeddable":true,"href":"https:\/\/www.hoymercedes.com.ar\/principal\/wp-json\/wp\/v2\/categories?post=97694"},{"taxonomy":"post_tag","embeddable":true,"href":"https:\/\/www.hoymercedes.com.ar\/principal\/wp-json\/wp\/v2\/tags?post=97694"}],"curies":[{"name":"wp","href":"https:\/\/api.w.org\/{rel}","templated":true}]}}