{"id":97705,"date":"2019-08-05T18:31:10","date_gmt":"2019-08-05T21:31:10","guid":{"rendered":"http:\/\/www.hoymercedes.com.ar\/principal\/?p=97705"},"modified":"2019-08-05T18:16:49","modified_gmt":"2019-08-05T21:16:49","slug":"propuesta-para-un-dia-del-nino-solidario","status":"publish","type":"post","link":"https:\/\/www.hoymercedes.com.ar\/principal\/2019\/08\/05\/propuesta-para-un-dia-del-nino-solidario\/","title":{"rendered":"Propuesta para un D\u00eda del Ni\u00f1o solidario"},"content":{"rendered":"\n<p>Con el fin de fomentar la solidaridad entre los ni\u00f1os, el comercio Giro Did\u00e1ctico invita a las familias de la ciudad a \u00abdonar un juguete para regalar sonrisas\u00bb. Es as\u00ed que proponen que lleven juguetes, libros o \u00fatiles escolares en buen estado y que las familias no los utilicen m\u00e1s para ser entregado a la Parroquia San Luis en el marco por el D\u00eda del Ni\u00f1o. <\/p>\n\n\n\n<p>\u00abPropusimos a las familias que aprovechen las vacaciones de invierno y el venidero d\u00eda del ni\u00f1o para transmitir el valor de la solidaridad entre los chicos. Es as\u00ed que los invitados a que nos lleven los juguetes o libros que ya no usen a nuestro local que nosotros se lo regalaremos a un ni\u00f1o o ni\u00f1a a trav\u00e9s de la Parroquia San Luis\u00bb, explicaron desde Giro Did\u00e1ctico Mercedes.  e hicieron extensiva la invitaci\u00f3n a quienes se qui\u00e9nes se quieran sumar. <\/p>\n\n\n\n<p>Hasta el 10 de agosto, recibir\u00e1n en su comercio de calle 24, entre 15 y 17, libros, juguetes o \u00fatiles escolares en buen estado para luego donarselos a la Parroquia San Luis, iglesia del barrio donde se encuentra la jugueter\u00eda. <\/p>\n\n\n\n<figure class=\"wp-block-image\"><img loading=\"lazy\" decoding=\"async\" width=\"750\" height=\"612\" data-attachment-id=\"97706\" data-permalink=\"https:\/\/www.hoymercedes.com.ar\/principal\/2019\/08\/05\/propuesta-para-un-dia-del-nino-solidario\/05-giro-juguetes\/#main\" data-orig-file=\"https:\/\/www.hoymercedes.com.ar\/principal\/wp-content\/uploads\/2019\/08\/05-giro-juguetes.jpg\" data-orig-size=\"750,612\" data-comments-opened=\"0\" data-image-meta=\"{&quot;aperture&quot;:&quot;0&quot;,&quot;credit&quot;:&quot;&quot;,&quot;camera&quot;:&quot;&quot;,&quot;caption&quot;:&quot;&quot;,&quot;created_timestamp&quot;:&quot;0&quot;,&quot;copyright&quot;:&quot;&quot;,&quot;focal_length&quot;:&quot;0&quot;,&quot;iso&quot;:&quot;0&quot;,&quot;shutter_speed&quot;:&quot;0&quot;,&quot;title&quot;:&quot;&quot;,&quot;orientation&quot;:&quot;0&quot;}\" data-image-title=\"05-giro-juguetes\" data-image-description=\"\" data-image-caption=\"\" data-large-file=\"https:\/\/www.hoymercedes.com.ar\/principal\/wp-content\/uploads\/2019\/08\/05-giro-juguetes.jpg\" src=\"https:\/\/www.hoymercedes.com.ar\/principal\/wp-content\/uploads\/2019\/08\/05-giro-juguetes.jpg\" alt=\"\" class=\"wp-image-97706\" srcset=\"https:\/\/www.hoymercedes.com.ar\/principal\/wp-content\/uploads\/2019\/08\/05-giro-juguetes.jpg 750w, https:\/\/www.hoymercedes.com.ar\/principal\/wp-content\/uploads\/2019\/08\/05-giro-juguetes-150x122.jpg 150w, https:\/\/www.hoymercedes.com.ar\/principal\/wp-content\/uploads\/2019\/08\/05-giro-juguetes-630x514.jpg 630w\" sizes=\"auto, (max-width: 750px) 100vw, 750px\" \/><\/figure>\n","protected":false},"excerpt":{"rendered":"<p>Con el fin de fomentar la solidaridad entre los ni\u00f1os, el comercio Giro Did\u00e1ctico invita a las familias de la &#8230; <a title=\"Propuesta para un D\u00eda del Ni\u00f1o solidario\" class=\"read-more\" href=\"https:\/\/www.hoymercedes.com.ar\/principal\/2019\/08\/05\/propuesta-para-un-dia-del-nino-solidario\/\" aria-label=\"Leer m\u00e1s sobre Propuesta para un D\u00eda del Ni\u00f1o solidario\">Leer m\u00e1s<\/a><\/p>\n","protected":false},"author":1,"featured_media":97706,"comment_status":"closed","ping_status":"open","sticky":false,"template":"","format":"standard","meta":{"_monsterinsights_skip_tracking":false,"_monsterinsights_sitenote_active":false,"_monsterinsights_sitenote_note":"","_monsterinsights_sitenote_category":0,"jetpack_post_was_ever_published":false,"_jetpack_newsletter_access":"","_jetpack_dont_email_post_to_subs":false,"_jetpack_newsletter_tier_id":0,"_jetpack_memberships_contains_paywalled_content":false,"_jetpack_memberships_contains_paid_content":false,"footnotes":"","jetpack_publicize_message":"","jetpack_publicize_feature_enabled":true,"jetpack_social_post_already_shared":true,"jetpack_social_options":{"image_generator_settings":{"template":"highway","default_image_id":0,"font":"","enabled":false},"version":2},"_wpas_customize_per_network":false},"categories":[8],"tags":[1174,3361],"class_list":["post-97705","post","type-post","status-publish","format-standard","has-post-thumbnail","hentry","category-sociedad","tag-dia-del-nino","tag-solidaridad","generate-columns","tablet-grid-50","mobile-grid-100","grid-parent","grid-50"],"jetpack_publicize_connections":[],"jetpack_featured_media_url":"https:\/\/www.hoymercedes.com.ar\/principal\/wp-content\/uploads\/2019\/08\/05-giro-juguetes.jpg","wps_subtitle":"Solidaridad","jetpack_sharing_enabled":true,"_links":{"self":[{"href":"https:\/\/www.hoymercedes.com.ar\/principal\/wp-json\/wp\/v2\/posts\/97705","targetHints":{"allow":["GET"]}}],"collection":[{"href":"https:\/\/www.hoymercedes.com.ar\/principal\/wp-json\/wp\/v2\/posts"}],"about":[{"href":"https:\/\/www.hoymercedes.com.ar\/principal\/wp-json\/wp\/v2\/types\/post"}],"author":[{"embeddable":true,"href":"https:\/\/www.hoymercedes.com.ar\/principal\/wp-json\/wp\/v2\/users\/1"}],"replies":[{"embeddable":true,"href":"https:\/\/www.hoymercedes.com.ar\/principal\/wp-json\/wp\/v2\/comments?post=97705"}],"version-history":[{"count":0,"href":"https:\/\/www.hoymercedes.com.ar\/principal\/wp-json\/wp\/v2\/posts\/97705\/revisions"}],"wp:featuredmedia":[{"embeddable":true,"href":"https:\/\/www.hoymercedes.com.ar\/principal\/wp-json\/wp\/v2\/media\/97706"}],"wp:attachment":[{"href":"https:\/\/www.hoymercedes.com.ar\/principal\/wp-json\/wp\/v2\/media?parent=97705"}],"wp:term":[{"taxonomy":"category","embeddable":true,"href":"https:\/\/www.hoymercedes.com.ar\/principal\/wp-json\/wp\/v2\/categories?post=97705"},{"taxonomy":"post_tag","embeddable":true,"href":"https:\/\/www.hoymercedes.com.ar\/principal\/wp-json\/wp\/v2\/tags?post=97705"}],"curies":[{"name":"wp","href":"https:\/\/api.w.org\/{rel}","templated":true}]}}