{"id":97710,"date":"2019-08-05T20:30:24","date_gmt":"2019-08-05T23:30:24","guid":{"rendered":"http:\/\/www.hoymercedes.com.ar\/principal\/?p=97710"},"modified":"2019-08-06T20:03:40","modified_gmt":"2019-08-06T23:03:40","slug":"cierre-de-vacaciones-de-inviernos-con-actividades-municipales","status":"publish","type":"post","link":"https:\/\/www.hoymercedes.com.ar\/principal\/2019\/08\/05\/cierre-de-vacaciones-de-inviernos-con-actividades-municipales\/","title":{"rendered":"Cierre de vacaciones de inviernos con actividades municipales"},"content":{"rendered":"\n<p>Este domingo volvi\u00f3 a ser una fiesta La Trocha. Cientos de familias disfrutaron las actividades, el circo y los sorteos en la \u00faltima jornada de las incre\u00edbles vacaciones de invierno. M\u00e1s de 25.000 asistentes en 15 d\u00edas de museos, circo, teatro, galp\u00f3n urbano, semana joven, recitales, CoMuni, Centros Comunitarios Barriales y Galp\u00f3n de la ni\u00f1ez fueron parte del abanico de actividades libres y gratuitas. <\/p>\n\n\n\n<figure class=\"wp-block-image\"><img loading=\"lazy\" decoding=\"async\" width=\"750\" height=\"500\" data-attachment-id=\"97712\" data-permalink=\"https:\/\/www.hoymercedes.com.ar\/principal\/2019\/08\/05\/cierre-de-vacaciones-de-inviernos-con-actividades-municipales\/05-vac-nino-2\/#main\" data-orig-file=\"https:\/\/www.hoymercedes.com.ar\/principal\/wp-content\/uploads\/2019\/08\/05-vac-ni\u00f1o-2.jpg\" data-orig-size=\"750,500\" data-comments-opened=\"0\" data-image-meta=\"{&quot;aperture&quot;:&quot;0&quot;,&quot;credit&quot;:&quot;Emmanuel Badano&quot;,&quot;camera&quot;:&quot;&quot;,&quot;caption&quot;:&quot;&quot;,&quot;created_timestamp&quot;:&quot;0&quot;,&quot;copyright&quot;:&quot;&quot;,&quot;focal_length&quot;:&quot;0&quot;,&quot;iso&quot;:&quot;0&quot;,&quot;shutter_speed&quot;:&quot;0&quot;,&quot;title&quot;:&quot;&quot;,&quot;orientation&quot;:&quot;0&quot;}\" data-image-title=\"05 vac ni\u00f1o 2\" data-image-description=\"\" data-image-caption=\"\" data-large-file=\"https:\/\/www.hoymercedes.com.ar\/principal\/wp-content\/uploads\/2019\/08\/05-vac-ni\u00f1o-2.jpg\" src=\"https:\/\/www.hoymercedes.com.ar\/principal\/wp-content\/uploads\/2019\/08\/05-vac-ni\u00f1o-2.jpg\" alt=\"\" class=\"wp-image-97712\" srcset=\"https:\/\/www.hoymercedes.com.ar\/principal\/wp-content\/uploads\/2019\/08\/05-vac-ni\u00f1o-2.jpg 750w, https:\/\/www.hoymercedes.com.ar\/principal\/wp-content\/uploads\/2019\/08\/05-vac-ni\u00f1o-2-150x100.jpg 150w, https:\/\/www.hoymercedes.com.ar\/principal\/wp-content\/uploads\/2019\/08\/05-vac-ni\u00f1o-2-630x420.jpg 630w, https:\/\/www.hoymercedes.com.ar\/principal\/wp-content\/uploads\/2019\/08\/05-vac-ni\u00f1o-2-720x480.jpg 720w, https:\/\/www.hoymercedes.com.ar\/principal\/wp-content\/uploads\/2019\/08\/05-vac-ni\u00f1o-2-360x240.jpg 360w\" sizes=\"auto, (max-width: 750px) 100vw, 750px\" \/><\/figure>\n\n\n\n<p>\u201cEstamos muy agradecidos. Cada d\u00eda fue una gran fiesta familiar. No hay nada m\u00e1s lindo que ver a los ni\u00f1os y ni\u00f1as disfrutar\u201d coment\u00f3 el jefe comunal, Dr. Juan Ignacio Ustarroz.<\/p>\n\n\n\n<p>La directora de cultura, Luc\u00eda Capaccio, destac\u00f3 la gran tarea de los trabajadores municipales, \u201cde cultura, de prensa, de servicios p\u00fablicos, de deportes, han sido jornadas de uni\u00f3n que permiti\u00f3 dar lo mejor a nuestros vecinos\u201d y afirm\u00f3 que \u201ctambi\u00e9n quiero destacar y agradecer a Federico Lione (Pelambre), D\u00e9bora Blanco (Matambre), a Juan Antunes y Leandro \u201cPollo\u201d L\u00f3pez, junto a Circo Periscopio quienes nos ofrecieron hacer este primer festival de arte y&nbsp;&nbsp;circo independiente que sin duda se convirti\u00f3 en un gran \u00e9xito, teniendo todos los d\u00edas, cada funci\u00f3n, sala llena\u201d<\/p>\n\n\n\n<p>La asistencia se estima super\u00f3 los 25 mil asistentes. Hubo corte de tikets en circo, galp\u00f3n infantil, museos y teatros que dan cuenta de ellos, adem\u00e1s del galp\u00f3n urbano con los cientos de chicos y chicas disfrutan de las presentaciones de \u00abKlan\u00bb, \u00abDtoke\u00bb y \u00abDjZone\u00bb y los miles de j\u00f3venes en el festival que incluy\u00f3 las actuaciones de \u201cDrumritmia\u201d, \u201cNaci\u00f3 Whiphala\u201d y el cierre de \u201cEl Kuelgue\u201d el s\u00e1bado. \u201cEstamos muy felices, han sido otra vez unas vacaciones r\u00e9cord\u201d cont\u00f3 Capaccio.<\/p>\n\n\n\n<figure class=\"wp-block-image\"><img loading=\"lazy\" decoding=\"async\" width=\"750\" height=\"475\" data-attachment-id=\"97711\" data-permalink=\"https:\/\/www.hoymercedes.com.ar\/principal\/2019\/08\/05\/cierre-de-vacaciones-de-inviernos-con-actividades-municipales\/05-vac-nino-1\/#main\" data-orig-file=\"https:\/\/www.hoymercedes.com.ar\/principal\/wp-content\/uploads\/2019\/08\/05-vac-ni\u00f1o-1.jpg\" data-orig-size=\"750,475\" data-comments-opened=\"0\" data-image-meta=\"{&quot;aperture&quot;:&quot;0&quot;,&quot;credit&quot;:&quot;Emmanuel Badano&quot;,&quot;camera&quot;:&quot;&quot;,&quot;caption&quot;:&quot;&quot;,&quot;created_timestamp&quot;:&quot;0&quot;,&quot;copyright&quot;:&quot;&quot;,&quot;focal_length&quot;:&quot;0&quot;,&quot;iso&quot;:&quot;0&quot;,&quot;shutter_speed&quot;:&quot;0&quot;,&quot;title&quot;:&quot;&quot;,&quot;orientation&quot;:&quot;0&quot;}\" data-image-title=\"05 vac ni\u00f1o 1\" data-image-description=\"\" data-image-caption=\"\" data-large-file=\"https:\/\/www.hoymercedes.com.ar\/principal\/wp-content\/uploads\/2019\/08\/05-vac-ni\u00f1o-1.jpg\" src=\"https:\/\/www.hoymercedes.com.ar\/principal\/wp-content\/uploads\/2019\/08\/05-vac-ni\u00f1o-1.jpg\" alt=\"\" class=\"wp-image-97711\" srcset=\"https:\/\/www.hoymercedes.com.ar\/principal\/wp-content\/uploads\/2019\/08\/05-vac-ni\u00f1o-1.jpg 750w, https:\/\/www.hoymercedes.com.ar\/principal\/wp-content\/uploads\/2019\/08\/05-vac-ni\u00f1o-1-150x95.jpg 150w, https:\/\/www.hoymercedes.com.ar\/principal\/wp-content\/uploads\/2019\/08\/05-vac-ni\u00f1o-1-630x399.jpg 630w\" sizes=\"auto, (max-width: 750px) 100vw, 750px\" \/><\/figure>\n\n\n\n<p>Tambi\u00e9n hubo novedades en inflables gigantes incluida una pista de karting que permite, a su vez, jugar y aprender en seguridad vial. En la tarde de domingo, por \u00faltimo, se sortearon 8 bicicletas para ni\u00f1os y ni\u00f1as que lograron \u201cllenar el mapa de entretenimiento y juegos\u201d y contar con los tikets entregados en cada presentaci\u00f3n.<\/p>\n\n\n\n<p><\/p>\n","protected":false},"excerpt":{"rendered":"<p>Este domingo volvi\u00f3 a ser una fiesta La Trocha. Cientos de familias disfrutaron las actividades, el circo y los sorteos &#8230; <a title=\"Cierre de vacaciones de inviernos con actividades municipales\" class=\"read-more\" href=\"https:\/\/www.hoymercedes.com.ar\/principal\/2019\/08\/05\/cierre-de-vacaciones-de-inviernos-con-actividades-municipales\/\" aria-label=\"Leer m\u00e1s sobre Cierre de vacaciones de inviernos con actividades municipales\">Leer m\u00e1s<\/a><\/p>\n","protected":false},"author":1,"featured_media":97712,"comment_status":"closed","ping_status":"open","sticky":false,"template":"","format":"standard","meta":{"_monsterinsights_skip_tracking":false,"_monsterinsights_sitenote_active":false,"_monsterinsights_sitenote_note":"","_monsterinsights_sitenote_category":0,"jetpack_post_was_ever_published":false,"_jetpack_newsletter_access":"","_jetpack_dont_email_post_to_subs":false,"_jetpack_newsletter_tier_id":0,"_jetpack_memberships_contains_paywalled_content":false,"_jetpack_memberships_contains_paid_content":false,"footnotes":"","jetpack_publicize_message":"","jetpack_publicize_feature_enabled":true,"jetpack_social_post_already_shared":true,"jetpack_social_options":{"image_generator_settings":{"template":"highway","default_image_id":0,"font":"","enabled":false},"version":2},"_wpas_customize_per_network":false},"categories":[30],"tags":[15592,244,3147,7629],"class_list":["post-97710","post","type-post","status-publish","format-standard","has-post-thumbnail","hentry","category-municipio","tag-cultural-cc-la-trocha","tag-municipio-2","tag-teatro-argentino","tag-vacaciones-de-invierno","generate-columns","tablet-grid-50","mobile-grid-100","grid-parent","grid-50"],"jetpack_publicize_connections":[],"jetpack_featured_media_url":"https:\/\/www.hoymercedes.com.ar\/principal\/wp-content\/uploads\/2019\/08\/05-vac-ni\u00f1o-2.jpg","wps_subtitle":"Dos semanas de actividades","jetpack_sharing_enabled":true,"_links":{"self":[{"href":"https:\/\/www.hoymercedes.com.ar\/principal\/wp-json\/wp\/v2\/posts\/97710","targetHints":{"allow":["GET"]}}],"collection":[{"href":"https:\/\/www.hoymercedes.com.ar\/principal\/wp-json\/wp\/v2\/posts"}],"about":[{"href":"https:\/\/www.hoymercedes.com.ar\/principal\/wp-json\/wp\/v2\/types\/post"}],"author":[{"embeddable":true,"href":"https:\/\/www.hoymercedes.com.ar\/principal\/wp-json\/wp\/v2\/users\/1"}],"replies":[{"embeddable":true,"href":"https:\/\/www.hoymercedes.com.ar\/principal\/wp-json\/wp\/v2\/comments?post=97710"}],"version-history":[{"count":0,"href":"https:\/\/www.hoymercedes.com.ar\/principal\/wp-json\/wp\/v2\/posts\/97710\/revisions"}],"wp:featuredmedia":[{"embeddable":true,"href":"https:\/\/www.hoymercedes.com.ar\/principal\/wp-json\/wp\/v2\/media\/97712"}],"wp:attachment":[{"href":"https:\/\/www.hoymercedes.com.ar\/principal\/wp-json\/wp\/v2\/media?parent=97710"}],"wp:term":[{"taxonomy":"category","embeddable":true,"href":"https:\/\/www.hoymercedes.com.ar\/principal\/wp-json\/wp\/v2\/categories?post=97710"},{"taxonomy":"post_tag","embeddable":true,"href":"https:\/\/www.hoymercedes.com.ar\/principal\/wp-json\/wp\/v2\/tags?post=97710"}],"curies":[{"name":"wp","href":"https:\/\/api.w.org\/{rel}","templated":true}]}}