{"id":97714,"date":"2019-08-05T21:21:30","date_gmt":"2019-08-06T00:21:30","guid":{"rendered":"http:\/\/www.hoymercedes.com.ar\/principal\/?p=97714"},"modified":"2019-08-06T20:02:58","modified_gmt":"2019-08-06T23:02:58","slug":"dos-dias-de-capacitacion-para-el-desarrollo-e-innovacion-de-emprendimiento","status":"publish","type":"post","link":"https:\/\/www.hoymercedes.com.ar\/principal\/2019\/08\/05\/dos-dias-de-capacitacion-para-el-desarrollo-e-innovacion-de-emprendimiento\/","title":{"rendered":"Dos d\u00edas de capacitaci\u00f3n para el desarrollo e innovaci\u00f3n de emprendimiento"},"content":{"rendered":"\n<p><em>El mi\u00e9rcoles 7 y el jueves 8 de agosto ser\u00e1n dos jornadas de capacitaci\u00f3n gratuita en la sede de la C\u00e1mara Econ\u00f3mica Mercedina. El primer d\u00eda ser\u00e1 un seminario taller de creatividad, innovaci\u00f3n y desarrollo emprendedor y el segundo ser\u00e1 para armar el propio modelo de negocios. <\/em><\/p>\n\n\n\n<figure class=\"wp-block-image\"><img loading=\"lazy\" decoding=\"async\" width=\"800\" height=\"534\" data-attachment-id=\"97715\" data-permalink=\"https:\/\/www.hoymercedes.com.ar\/principal\/2019\/08\/05\/dos-dias-de-capacitacion-para-el-desarrollo-e-innovacion-de-emprendimiento\/2019-innovacion-provincia\/#main\" data-orig-file=\"https:\/\/www.hoymercedes.com.ar\/principal\/wp-content\/uploads\/2019\/08\/2019-innovacion-provincia.jpg\" data-orig-size=\"800,534\" data-comments-opened=\"0\" data-image-meta=\"{&quot;aperture&quot;:&quot;0&quot;,&quot;credit&quot;:&quot;&quot;,&quot;camera&quot;:&quot;&quot;,&quot;caption&quot;:&quot;&quot;,&quot;created_timestamp&quot;:&quot;0&quot;,&quot;copyright&quot;:&quot;&quot;,&quot;focal_length&quot;:&quot;0&quot;,&quot;iso&quot;:&quot;0&quot;,&quot;shutter_speed&quot;:&quot;0&quot;,&quot;title&quot;:&quot;&quot;,&quot;orientation&quot;:&quot;0&quot;}\" data-image-title=\"2019 innovacion provincia\" data-image-description=\"\" data-image-caption=\"\" data-large-file=\"https:\/\/www.hoymercedes.com.ar\/principal\/wp-content\/uploads\/2019\/08\/2019-innovacion-provincia.jpg\" src=\"https:\/\/www.hoymercedes.com.ar\/principal\/wp-content\/uploads\/2019\/08\/2019-innovacion-provincia.jpg\" alt=\"\" class=\"wp-image-97715\" srcset=\"https:\/\/www.hoymercedes.com.ar\/principal\/wp-content\/uploads\/2019\/08\/2019-innovacion-provincia.jpg 800w, https:\/\/www.hoymercedes.com.ar\/principal\/wp-content\/uploads\/2019\/08\/2019-innovacion-provincia-150x100.jpg 150w, https:\/\/www.hoymercedes.com.ar\/principal\/wp-content\/uploads\/2019\/08\/2019-innovacion-provincia-630x421.jpg 630w, https:\/\/www.hoymercedes.com.ar\/principal\/wp-content\/uploads\/2019\/08\/2019-innovacion-provincia-720x480.jpg 720w, https:\/\/www.hoymercedes.com.ar\/principal\/wp-content\/uploads\/2019\/08\/2019-innovacion-provincia-360x240.jpg 360w\" sizes=\"auto, (max-width: 800px) 100vw, 800px\" \/><\/figure>\n\n\n\n<p>La C\u00e1mara Econ\u00f3mica Mercedina ser\u00e1 sede de dos d\u00edas de\ncapacitaci\u00f3n gratuita a cargo del Ministerio de Ciencia, Tecnolog\u00eda e\nInnovaci\u00f3n de la provincia de Buenos Aires. Los d\u00edas 7 y 8 de agosto, de 14 a\n18 horas, se brindar\u00e1n dos jornadas orientadas a emprendedores y productores de\nla peque\u00f1a y mediana empresas. <\/p>\n\n\n\n<p>La capacitaci\u00f3n se enmarca en el programa Sumando Innovaci\u00f3n\n2.0. Los interesados en implementar ideas \u2013 proyecto e iniciativas que puedan\nincorporar la creatividad e innovaci\u00f3n y busquen asesoramiento sobre\nestrategias de financiaci\u00f3n podr\u00e1n inscribirse para participar en uno o en los\ndos encuentros <\/p>\n\n\n\n<p>El primer encuentro, el d\u00eda 7 de agosto, se titula\n\u201cCreatividad, Innovaci\u00f3n y Desarrollo Emprendedor\u201d. Introduce y sensibiliza a\nemprendedores y empresarios acerca de sus potencialidades creativas. All\u00ed se buscar\u00e1\nidentificar los puntos fuertes, los posibles bloqueos y su forma de\nabordarlos., brindando a los participantes las herramientas y conocimientos\nb\u00e1sicos sobre empresas, sociedades, monotributo y marcas, para comprender las cuestiones\njur\u00eddicas y administrativas que deben considerarse en actividades comerciales.<\/p>\n\n\n\n<p>En el segundo encuentro, el d\u00eda 8 de agosto bajo el t\u00edtulo\n\u201cArm\u00e1 tu propio Modelo de Negocio\u201d, se exploran las caracter\u00edsticas de cada\nemprendimiento o empresa, el modelo de negocio y su posible escalabilidad y\nformulaci\u00f3n de proyecto. De esta manera se inspira, consolida e identifica el\ndesarrollo del emprendimiento, y posibilita una mejor planificaci\u00f3n financiera,\nadministrativa, jur\u00eddica y de propiedad intelectual.<\/p>\n\n\n\n<p>La inscripci\u00f3n previa es a trav\u00e9s del sitio web del Ministerio de Ciencia Bonaerense. No obstante, los interesados podr\u00e1n obtener m\u00e1s informaci\u00f3n comunic\u00e1ndose a la sede de la C\u00e1mara Econ\u00f3mica en avenida 29 casi esquina 28 o al tel\u00e9fono 420502. <\/p>\n\n\n\n<p>Fuente: Prensa CEM<\/p>\n","protected":false},"excerpt":{"rendered":"<p>El mi\u00e9rcoles 7 y el jueves 8 de agosto ser\u00e1n dos jornadas de capacitaci\u00f3n gratuita en la sede de la &#8230; <a title=\"Dos d\u00edas de capacitaci\u00f3n para el desarrollo e innovaci\u00f3n de emprendimiento\" class=\"read-more\" href=\"https:\/\/www.hoymercedes.com.ar\/principal\/2019\/08\/05\/dos-dias-de-capacitacion-para-el-desarrollo-e-innovacion-de-emprendimiento\/\" aria-label=\"Leer m\u00e1s sobre Dos d\u00edas de capacitaci\u00f3n para el desarrollo e innovaci\u00f3n de emprendimiento\">Leer m\u00e1s<\/a><\/p>\n","protected":false},"author":1,"featured_media":97715,"comment_status":"closed","ping_status":"open","sticky":false,"template":"","format":"standard","meta":{"_monsterinsights_skip_tracking":false,"_monsterinsights_sitenote_active":false,"_monsterinsights_sitenote_note":"","_monsterinsights_sitenote_category":0,"jetpack_post_was_ever_published":false,"_jetpack_newsletter_access":"","_jetpack_dont_email_post_to_subs":false,"_jetpack_newsletter_tier_id":0,"_jetpack_memberships_contains_paywalled_content":false,"_jetpack_memberships_contains_paid_content":false,"footnotes":"","jetpack_publicize_message":"","jetpack_publicize_feature_enabled":true,"jetpack_social_post_already_shared":true,"jetpack_social_options":{"image_generator_settings":{"template":"highway","default_image_id":0,"font":"","enabled":false},"version":2},"_wpas_customize_per_network":false},"categories":[8],"tags":[1271,8656,682,1803],"class_list":["post-97714","post","type-post","status-publish","format-standard","has-post-thumbnail","hentry","category-sociedad","tag-camara-economica","tag-capacitacion","tag-cem","tag-provincia","generate-columns","tablet-grid-50","mobile-grid-100","grid-parent","grid-50"],"jetpack_publicize_connections":[],"jetpack_featured_media_url":"https:\/\/www.hoymercedes.com.ar\/principal\/wp-content\/uploads\/2019\/08\/2019-innovacion-provincia.jpg","wps_subtitle":"En la C\u00e1mara Econ\u00f3mica Mercedina","jetpack_sharing_enabled":true,"_links":{"self":[{"href":"https:\/\/www.hoymercedes.com.ar\/principal\/wp-json\/wp\/v2\/posts\/97714","targetHints":{"allow":["GET"]}}],"collection":[{"href":"https:\/\/www.hoymercedes.com.ar\/principal\/wp-json\/wp\/v2\/posts"}],"about":[{"href":"https:\/\/www.hoymercedes.com.ar\/principal\/wp-json\/wp\/v2\/types\/post"}],"author":[{"embeddable":true,"href":"https:\/\/www.hoymercedes.com.ar\/principal\/wp-json\/wp\/v2\/users\/1"}],"replies":[{"embeddable":true,"href":"https:\/\/www.hoymercedes.com.ar\/principal\/wp-json\/wp\/v2\/comments?post=97714"}],"version-history":[{"count":0,"href":"https:\/\/www.hoymercedes.com.ar\/principal\/wp-json\/wp\/v2\/posts\/97714\/revisions"}],"wp:featuredmedia":[{"embeddable":true,"href":"https:\/\/www.hoymercedes.com.ar\/principal\/wp-json\/wp\/v2\/media\/97715"}],"wp:attachment":[{"href":"https:\/\/www.hoymercedes.com.ar\/principal\/wp-json\/wp\/v2\/media?parent=97714"}],"wp:term":[{"taxonomy":"category","embeddable":true,"href":"https:\/\/www.hoymercedes.com.ar\/principal\/wp-json\/wp\/v2\/categories?post=97714"},{"taxonomy":"post_tag","embeddable":true,"href":"https:\/\/www.hoymercedes.com.ar\/principal\/wp-json\/wp\/v2\/tags?post=97714"}],"curies":[{"name":"wp","href":"https:\/\/api.w.org\/{rel}","templated":true}]}}