{"id":97733,"date":"2019-08-06T12:15:36","date_gmt":"2019-08-06T15:15:36","guid":{"rendered":"http:\/\/www.hoymercedes.com.ar\/principal\/?p=97733"},"modified":"2019-08-06T20:02:00","modified_gmt":"2019-08-06T23:02:00","slug":"varios-aprehendidos-tras-robo-en-la-via-publica","status":"publish","type":"post","link":"https:\/\/www.hoymercedes.com.ar\/principal\/2019\/08\/06\/varios-aprehendidos-tras-robo-en-la-via-publica\/","title":{"rendered":"Varios aprehendidos tras robo en la v\u00eda p\u00fablica"},"content":{"rendered":"\n<p><em>Un joven de 16 a\u00f1os de Chivilcoy fue agredido por otros cinco j\u00f3venes robandole algunas de sus pertenencias. La Fiscal\u00eda 8, del Foro de Responsabilidad Penal Juvenil, investiga la causa por \u201cRobo agravado por su comisi\u00f3n con arma, en poblado y en banda\u201d. Los detenidos ten\u00edan 16, 15 y 13 a\u00f1os. <\/em><\/p>\n\n\n\n<figure class=\"wp-block-image\"><img loading=\"lazy\" decoding=\"async\" width=\"720\" height=\"540\" data-attachment-id=\"97734\" data-permalink=\"https:\/\/www.hoymercedes.com.ar\/principal\/2019\/08\/06\/varios-aprehendidos-tras-robo-en-la-via-publica\/06robo-en-la-via-publica\/#main\" data-orig-file=\"https:\/\/www.hoymercedes.com.ar\/principal\/wp-content\/uploads\/2019\/08\/06robo-en-la-v\u00eda-p\u00fablica.jpg\" data-orig-size=\"720,540\" data-comments-opened=\"0\" data-image-meta=\"{&quot;aperture&quot;:&quot;0&quot;,&quot;credit&quot;:&quot;&quot;,&quot;camera&quot;:&quot;&quot;,&quot;caption&quot;:&quot;&quot;,&quot;created_timestamp&quot;:&quot;0&quot;,&quot;copyright&quot;:&quot;&quot;,&quot;focal_length&quot;:&quot;0&quot;,&quot;iso&quot;:&quot;0&quot;,&quot;shutter_speed&quot;:&quot;0&quot;,&quot;title&quot;:&quot;&quot;,&quot;orientation&quot;:&quot;0&quot;}\" data-image-title=\"06robo-en-la-v\u00eda-p\u00fablica\" data-image-description=\"\" data-image-caption=\"\" data-large-file=\"https:\/\/www.hoymercedes.com.ar\/principal\/wp-content\/uploads\/2019\/08\/06robo-en-la-v\u00eda-p\u00fablica.jpg\" src=\"https:\/\/www.hoymercedes.com.ar\/principal\/wp-content\/uploads\/2019\/08\/06robo-en-la-v\u00eda-p\u00fablica.jpg\" alt=\"\" class=\"wp-image-97734\" srcset=\"https:\/\/www.hoymercedes.com.ar\/principal\/wp-content\/uploads\/2019\/08\/06robo-en-la-v\u00eda-p\u00fablica.jpg 720w, https:\/\/www.hoymercedes.com.ar\/principal\/wp-content\/uploads\/2019\/08\/06robo-en-la-v\u00eda-p\u00fablica-150x113.jpg 150w, https:\/\/www.hoymercedes.com.ar\/principal\/wp-content\/uploads\/2019\/08\/06robo-en-la-v\u00eda-p\u00fablica-630x473.jpg 630w, https:\/\/www.hoymercedes.com.ar\/principal\/wp-content\/uploads\/2019\/08\/06robo-en-la-v\u00eda-p\u00fablica-320x240.jpg 320w, https:\/\/www.hoymercedes.com.ar\/principal\/wp-content\/uploads\/2019\/08\/06robo-en-la-v\u00eda-p\u00fablica-100x75.jpg 100w\" sizes=\"auto, (max-width: 720px) 100vw, 720px\" \/><\/figure>\n\n\n\n<p>En la madrugada del pasado domingo 28 de julio, un grupo de personas atacaron a un vecino de la localidad de Chivilcoy, cuando este se dirig\u00eda a pie a su morada. La v\u00edctima iba por la calle rumbo a su vivienda, cuando avizor\u00f3 un grupo de personas reunidas. Por precauci\u00f3n opt\u00f3 por tomar una ruta alternativa, pero a los pocos metros empez\u00f3 a escuchar que lo segu\u00edan.<\/p>\n\n\n\n<p>Eran cinco personas\nen bicicleta y uno de ellos, desde atr\u00e1s, le propin\u00f3 un golpe con objeto contundente\nen la regi\u00f3n de lateral de la cabeza y le exigi\u00f3 que entregara el buzo que\nestaba utilizando. Entre todos comenzaron a rodearlo y agredirlo tanto verbal\ncomo f\u00edsicamente. Por la fuerza le quitaron la prenda y lo dejaron ir. Pero no sin\nantes arrojarle piedras con gomeras.<\/p>\n\n\n\n<p>La v\u00edctima opt\u00f3\npor ocultarse y solicitar ayuda a un vecino para que llamara a la polic\u00eda.<\/p>\n\n\n\n<p>Comenzaron a labrarse las actuaciones a instancias de la UFIJ N\u00ba 8 &#8211; Fuero de Responsabilidad Penal Juvenil \u2013 a cargo de la doctora Yanina Colicchio por \u201cRobo agravado por su comisi\u00f3n con arma, en poblado y en banda\u201d.<\/p>\n\n\n\n<p>De la\ninvestigaci\u00f3n surgi\u00f3 que los sospechosos eran menores de edad, se aprehendi\u00f3 a\ncuatro de ellos.&nbsp; Uno contaba con 16 a\u00f1os\npor lo que qued\u00f3 aprehendido, y los tres restantes &#8211; al ser no punibles &#8211; fueron\nentregados a sus progenitores.<\/p>\n\n\n\n<p>Tras el aporte de nuevos elementos se logr\u00f3 identificar al quinto implicado, resultando tambi\u00e9n un menor que estaba en una prisi\u00f3n preventiva bajo la modalidad de arresto domiciliario por un delito previo de similares caracter\u00edsticas. Es por ello que desde la UFIJ N\u00ba 8 se solicit\u00f3 al Juzgado de Garant\u00edas del Joven N\u00ba 2 \u2013 a cargo del Dr. Marcelo Giacoia \u2013 se revoque el beneficio y sea detenido; adem\u00e1s de un allanamiento en su vivienda. El d\u00eda mi\u00e9rcoles \u00faltimo se llev\u00f3 a cabo la medida, y se hallaron prendas de vestir que fueron reconocidas por la v\u00edctima.<\/p>\n\n\n\n<p>En la jornada de este lunes se llev\u00f3 a cabo la audiencia de prisi\u00f3n preventiva para el caso del menor detenido, resultando otorgada la medida por lo que permanecer\u00e1 privado de la libertad y se dispuso su alojamiento en un centro de caracter\u00edsticas cerradas. <\/p>\n\n\n\n<p>Fuente: Ministerio P\u00fablico Fiscal Bonaerense &#8211; Depto Judicial Mercedes y La Raz\u00f3n de Chivilcoy<\/p>\n","protected":false},"excerpt":{"rendered":"<p>Un joven de 16 a\u00f1os de Chivilcoy fue agredido por otros cinco j\u00f3venes robandole algunas de sus pertenencias. La Fiscal\u00eda &#8230; <a title=\"Varios aprehendidos tras robo en la v\u00eda p\u00fablica\" class=\"read-more\" href=\"https:\/\/www.hoymercedes.com.ar\/principal\/2019\/08\/06\/varios-aprehendidos-tras-robo-en-la-via-publica\/\" aria-label=\"Leer m\u00e1s sobre Varios aprehendidos tras robo en la v\u00eda p\u00fablica\">Leer m\u00e1s<\/a><\/p>\n","protected":false},"author":1,"featured_media":97734,"comment_status":"closed","ping_status":"open","sticky":false,"template":"","format":"standard","meta":{"_monsterinsights_skip_tracking":false,"_monsterinsights_sitenote_active":false,"_monsterinsights_sitenote_note":"","_monsterinsights_sitenote_category":0,"jetpack_post_was_ever_published":false,"_jetpack_newsletter_access":"","_jetpack_dont_email_post_to_subs":false,"_jetpack_newsletter_tier_id":0,"_jetpack_memberships_contains_paywalled_content":false,"_jetpack_memberships_contains_paid_content":false,"footnotes":"","jetpack_publicize_message":"","jetpack_publicize_feature_enabled":true,"jetpack_social_post_already_shared":true,"jetpack_social_options":{"image_generator_settings":{"template":"highway","default_image_id":0,"font":"","enabled":false},"version":2},"_wpas_customize_per_network":false},"categories":[85],"tags":[62,96,1057],"class_list":["post-97733","post","type-post","status-publish","format-standard","has-post-thumbnail","hentry","category-policial","tag-chivilcoy","tag-policial-2","tag-regional","generate-columns","tablet-grid-50","mobile-grid-100","grid-parent","grid-50"],"jetpack_publicize_connections":[],"jetpack_featured_media_url":"https:\/\/www.hoymercedes.com.ar\/principal\/wp-content\/uploads\/2019\/08\/06robo-en-la-v\u00eda-p\u00fablica.jpg","wps_subtitle":"En Chivilcoy","jetpack_sharing_enabled":true,"_links":{"self":[{"href":"https:\/\/www.hoymercedes.com.ar\/principal\/wp-json\/wp\/v2\/posts\/97733","targetHints":{"allow":["GET"]}}],"collection":[{"href":"https:\/\/www.hoymercedes.com.ar\/principal\/wp-json\/wp\/v2\/posts"}],"about":[{"href":"https:\/\/www.hoymercedes.com.ar\/principal\/wp-json\/wp\/v2\/types\/post"}],"author":[{"embeddable":true,"href":"https:\/\/www.hoymercedes.com.ar\/principal\/wp-json\/wp\/v2\/users\/1"}],"replies":[{"embeddable":true,"href":"https:\/\/www.hoymercedes.com.ar\/principal\/wp-json\/wp\/v2\/comments?post=97733"}],"version-history":[{"count":0,"href":"https:\/\/www.hoymercedes.com.ar\/principal\/wp-json\/wp\/v2\/posts\/97733\/revisions"}],"wp:featuredmedia":[{"embeddable":true,"href":"https:\/\/www.hoymercedes.com.ar\/principal\/wp-json\/wp\/v2\/media\/97734"}],"wp:attachment":[{"href":"https:\/\/www.hoymercedes.com.ar\/principal\/wp-json\/wp\/v2\/media?parent=97733"}],"wp:term":[{"taxonomy":"category","embeddable":true,"href":"https:\/\/www.hoymercedes.com.ar\/principal\/wp-json\/wp\/v2\/categories?post=97733"},{"taxonomy":"post_tag","embeddable":true,"href":"https:\/\/www.hoymercedes.com.ar\/principal\/wp-json\/wp\/v2\/tags?post=97733"}],"curies":[{"name":"wp","href":"https:\/\/api.w.org\/{rel}","templated":true}]}}