{"id":97742,"date":"2019-08-06T15:25:08","date_gmt":"2019-08-06T18:25:08","guid":{"rendered":"http:\/\/www.hoymercedes.com.ar\/principal\/?p=97742"},"modified":"2019-08-06T20:01:14","modified_gmt":"2019-08-06T23:01:14","slug":"nuevas-luminarias-y-farolas-sobre-las-avenidas","status":"publish","type":"post","link":"https:\/\/www.hoymercedes.com.ar\/principal\/2019\/08\/06\/nuevas-luminarias-y-farolas-sobre-las-avenidas\/","title":{"rendered":"Nuevas luminarias y farolas sobre las avenidas"},"content":{"rendered":"\n<p>Sobre la avenida 29 se suman  farolas realizadas por trabajadores municipales. Con luces LED, las luminarias dan seguridad, adornan y permite mejor visualizaci\u00f3n, adem\u00e1s del ahorro energ\u00e9tico y cuidado del ambiente.  <\/p>\n\n\n\n<figure class=\"wp-block-image\"><img loading=\"lazy\" decoding=\"async\" width=\"750\" height=\"500\" data-attachment-id=\"97744\" data-permalink=\"https:\/\/www.hoymercedes.com.ar\/principal\/2019\/08\/06\/nuevas-luminarias-y-farolas-sobre-las-avenidas\/06-muni-canteros\/#main\" data-orig-file=\"https:\/\/www.hoymercedes.com.ar\/principal\/wp-content\/uploads\/2019\/08\/06-muni-canteros.jpg\" data-orig-size=\"750,500\" data-comments-opened=\"0\" data-image-meta=\"{&quot;aperture&quot;:&quot;0&quot;,&quot;credit&quot;:&quot;&quot;,&quot;camera&quot;:&quot;&quot;,&quot;caption&quot;:&quot;&quot;,&quot;created_timestamp&quot;:&quot;0&quot;,&quot;copyright&quot;:&quot;&quot;,&quot;focal_length&quot;:&quot;0&quot;,&quot;iso&quot;:&quot;0&quot;,&quot;shutter_speed&quot;:&quot;0&quot;,&quot;title&quot;:&quot;&quot;,&quot;orientation&quot;:&quot;0&quot;}\" data-image-title=\"06 muni canteros\" data-image-description=\"\" data-image-caption=\"\" data-large-file=\"https:\/\/www.hoymercedes.com.ar\/principal\/wp-content\/uploads\/2019\/08\/06-muni-canteros.jpg\" src=\"https:\/\/www.hoymercedes.com.ar\/principal\/wp-content\/uploads\/2019\/08\/06-muni-canteros.jpg\" alt=\"\" class=\"wp-image-97744\" srcset=\"https:\/\/www.hoymercedes.com.ar\/principal\/wp-content\/uploads\/2019\/08\/06-muni-canteros.jpg 750w, https:\/\/www.hoymercedes.com.ar\/principal\/wp-content\/uploads\/2019\/08\/06-muni-canteros-150x100.jpg 150w, https:\/\/www.hoymercedes.com.ar\/principal\/wp-content\/uploads\/2019\/08\/06-muni-canteros-630x420.jpg 630w, https:\/\/www.hoymercedes.com.ar\/principal\/wp-content\/uploads\/2019\/08\/06-muni-canteros-720x480.jpg 720w, https:\/\/www.hoymercedes.com.ar\/principal\/wp-content\/uploads\/2019\/08\/06-muni-canteros-360x240.jpg 360w\" sizes=\"auto, (max-width: 750px) 100vw, 750px\" \/><\/figure>\n\n\n\n<p>\u201cEl mismo tipo de farolas que se colocaron en un primer momento en 29 entre 40 y 42 y que despu\u00e9s se pusieron en calle 42 entre 15 y 29, ahora las extenderemos por la Av. 29\u201d inform\u00f3 Mat\u00edas Dematei.\u00a0\u00a0<\/p>\n\n\n\n<p>Asimismo, Dematei indic\u00f3 \u201cla idea es continuar por todos los canteros de la ciudad, por eso estamos prontos a colocar estas farolas en la Av. 17 entre calle 32 y Av. 16\u201d y comunic\u00f3 \u201ciniciaremos tambi\u00e9n la construcci\u00f3n de los canteros entre lo que ser\u00eda la Av.17 entre Av. 16 y calle 12, algo que ya est\u00e1 aprobada la ordenanza y adjudicada la obra, lo que nos parece sumar\u00e1 en lo referente a la seguridad vial\u201d.<\/p>\n\n\n\n<p>Adem\u00e1s, Dematei se\u00f1al\u00f3 \u201cestas farolas las construyen los trabajadores municipales, algo que nos da mucho orgullo\u201d y sostuvo \u201cuno puede ver lo lindo que quedan estos faroles, que modifican y embellecen la estructura y la puesta en valor de la ciudad\u201d.<\/p>\n\n\n\n<p>.<\/p>\n","protected":false},"excerpt":{"rendered":"<p>Sobre la avenida 29 se suman farolas realizadas por trabajadores municipales. Con luces LED, las luminarias dan seguridad, adornan y &#8230; <a title=\"Nuevas luminarias y farolas sobre las avenidas\" class=\"read-more\" href=\"https:\/\/www.hoymercedes.com.ar\/principal\/2019\/08\/06\/nuevas-luminarias-y-farolas-sobre-las-avenidas\/\" aria-label=\"Leer m\u00e1s sobre Nuevas luminarias y farolas sobre las avenidas\">Leer m\u00e1s<\/a><\/p>\n","protected":false},"author":1,"featured_media":97744,"comment_status":"closed","ping_status":"open","sticky":false,"template":"","format":"standard","meta":{"_monsterinsights_skip_tracking":false,"_monsterinsights_sitenote_active":false,"_monsterinsights_sitenote_note":"","_monsterinsights_sitenote_category":0,"jetpack_post_was_ever_published":false,"_jetpack_newsletter_access":"","_jetpack_dont_email_post_to_subs":false,"_jetpack_newsletter_tier_id":0,"_jetpack_memberships_contains_paywalled_content":false,"_jetpack_memberships_contains_paid_content":false,"footnotes":"","jetpack_publicize_message":"","jetpack_publicize_feature_enabled":true,"jetpack_social_post_already_shared":true,"jetpack_social_options":{"image_generator_settings":{"template":"highway","default_image_id":0,"font":"","enabled":false},"version":2},"_wpas_customize_per_network":false},"categories":[30],"tags":[15589,244,8628],"class_list":["post-97742","post","type-post","status-publish","format-standard","has-post-thumbnail","hentry","category-municipio","tag-luminarias","tag-municipio-2","tag-servicios-publicos","generate-columns","tablet-grid-50","mobile-grid-100","grid-parent","grid-50"],"jetpack_publicize_connections":[],"jetpack_featured_media_url":"https:\/\/www.hoymercedes.com.ar\/principal\/wp-content\/uploads\/2019\/08\/06-muni-canteros.jpg","wps_subtitle":"Servicios p\u00fablicos","jetpack_sharing_enabled":true,"_links":{"self":[{"href":"https:\/\/www.hoymercedes.com.ar\/principal\/wp-json\/wp\/v2\/posts\/97742","targetHints":{"allow":["GET"]}}],"collection":[{"href":"https:\/\/www.hoymercedes.com.ar\/principal\/wp-json\/wp\/v2\/posts"}],"about":[{"href":"https:\/\/www.hoymercedes.com.ar\/principal\/wp-json\/wp\/v2\/types\/post"}],"author":[{"embeddable":true,"href":"https:\/\/www.hoymercedes.com.ar\/principal\/wp-json\/wp\/v2\/users\/1"}],"replies":[{"embeddable":true,"href":"https:\/\/www.hoymercedes.com.ar\/principal\/wp-json\/wp\/v2\/comments?post=97742"}],"version-history":[{"count":0,"href":"https:\/\/www.hoymercedes.com.ar\/principal\/wp-json\/wp\/v2\/posts\/97742\/revisions"}],"wp:featuredmedia":[{"embeddable":true,"href":"https:\/\/www.hoymercedes.com.ar\/principal\/wp-json\/wp\/v2\/media\/97744"}],"wp:attachment":[{"href":"https:\/\/www.hoymercedes.com.ar\/principal\/wp-json\/wp\/v2\/media?parent=97742"}],"wp:term":[{"taxonomy":"category","embeddable":true,"href":"https:\/\/www.hoymercedes.com.ar\/principal\/wp-json\/wp\/v2\/categories?post=97742"},{"taxonomy":"post_tag","embeddable":true,"href":"https:\/\/www.hoymercedes.com.ar\/principal\/wp-json\/wp\/v2\/tags?post=97742"}],"curies":[{"name":"wp","href":"https:\/\/api.w.org\/{rel}","templated":true}]}}