{"id":97743,"date":"2019-08-06T19:55:34","date_gmt":"2019-08-06T22:55:34","guid":{"rendered":"http:\/\/www.hoymercedes.com.ar\/principal\/?p=97743"},"modified":"2019-08-06T19:55:39","modified_gmt":"2019-08-06T22:55:39","slug":"pabellon-y-holanda-los-primeros-dos-clasificados-en-reserva","status":"publish","type":"post","link":"https:\/\/www.hoymercedes.com.ar\/principal\/2019\/08\/06\/pabellon-y-holanda-los-primeros-dos-clasificados-en-reserva\/","title":{"rendered":"Pabell\u00f3n y Holanda, los primeros dos clasificados en Reserva"},"content":{"rendered":"\n<p>Si bien hay equipos que est\u00e1n virtualmente clasificados y otros virtualmente eliminados, las matem\u00e1ticas indican que en el torneo de Reserva de la Liga Mercedina s\u00f3lo Pabell\u00f3n y Holanda por ahora est\u00e1n seguros en la Liguilla, mientras que hay muchos que con un punto, o que otro no sume de a tres, ya se asegurar\u00e1n su lugar y pelear\u00e1n s\u00f3lo por ver la posici\u00f3n.<\/p>\n\n\n\n<p>En la Zona A, Uni\u00f3n tiene 24 puntos por jugar, por lo que est\u00e1 obligado a ganar todo y esperar que Estudiantes y La Diego Armando sumen menos de 3 puntos. En la Zona B, Mercedes y Ateneo clasificar\u00e1n con un empate propio o una derrota de Atl\u00e9tico Marcos Paz, mientras que Col\u00f3n y Trocha deber\u00e1n sumar al menos 14 puntos para estar en la siguiente ronda.<\/p>\n\n\n\n<p>En la Zona C, El Front\u00f3n con un empate propio o uno de Talleres, clasifica. El colista, de sacar todos los puntos, podr\u00eda llegar a 35, con los que Quilmes pasa de ronda con 7 puntos, Los Carteros con 17 y Defensores con 20. En la D, V\u00e9lez con un triunfo clasifica, y Juventud con siete unidades, tambi\u00e9n. AMEFIP necesitar\u00e1 15 y Palometas 18, siempre y cuando Costa Brava gane todo lo que tiene por delante.<\/p>\n\n\n\n<table class=\"wp-block-table\"><tbody><tr><td>Holanda\n  0.<\/td><\/tr><tr><td>Ateneo 1:&nbsp;Mauro D\u00edaz.<\/td><\/tr><tr><td>&nbsp;<\/td><\/tr><tr><td>Palometas 1:&nbsp;Francisco\n  Delvento.<\/td><\/tr><tr><td>El Front\u00f3n 4:&nbsp;Santiago\n  Crosetti, Ignacio Leiva 2 y Silvio G\u00f3mez.<\/td><\/tr><tr><td>&nbsp;<\/td><\/tr><tr><td>Club Mercedes 2:&nbsp;Juli\u00e1n\n  Lussello y Bautista Neyra.<\/td><\/tr><tr><td>La Diego Armando 0.<\/td><\/tr><tr><td>&nbsp;<\/td><\/tr><tr><td>AMEFIP San Mart\u00edn\n  1:&nbsp;Joaqu\u00edn Ram\u00edrez.<\/td><\/tr><tr><td>Talleres Payr\u00f3 2:&nbsp;Lucas\n  Fern\u00e1ndez 2.<\/td><\/tr><tr><td>&nbsp;<\/td><\/tr><tr><td>Quilmes 0.<\/td><\/tr><tr><td>V\u00e9lez 1:&nbsp;Marcos Gullo.<\/td><\/tr><tr><td>&nbsp;<\/td><\/tr><tr><td>Los Carteros 3:&nbsp;Juan\n  Cruz Torres 3.<\/td><\/tr><tr><td>El Tim\u00f3n 2:&nbsp;Santiago\n  Zuchi 2.<\/td><\/tr><tr><td>&nbsp;<\/td><\/tr><tr><td>Uni\u00f3n 2:&nbsp;Valent\u00edn P\u00e9rez y\n  Eric Tust.<\/td><\/tr><tr><td>Trocha 6:&nbsp;Ger\u00f3nimo\n  Miratta 2, Maximiliano Castro Ballesteros 2 y Jonathan Niz 2.<\/td><\/tr><tr><td>&nbsp;<\/td><\/tr><tr><td>Juventud 2:&nbsp;Edgardo\n  Su\u00e1rez y Alejo P\u00e9rez Zunino.<\/td><\/tr><tr><td>Defensores Juniors 0.<\/td><\/tr><tr><td>&nbsp;<\/td><\/tr><tr><td>Col\u00f3n 2.<\/td><\/tr><tr><td>Pabell\u00f3n Argentino 0.<\/td><\/tr><tr><td>&nbsp;<\/td><\/tr><tr><td>Atl\u00e9tico Marcos Paz\n  2:&nbsp;Gabriel Ram\u00edrez y Alexis C\u00e1ceres.<\/td><\/tr><tr><td>Estudiantes 1:&nbsp;Ariel\n  Ballesteros.<\/td><\/tr><\/tbody><\/table>\n\n\n\n<figure class=\"wp-block-image\"><img loading=\"lazy\" decoding=\"async\" width=\"658\" height=\"726\" data-attachment-id=\"97749\" data-permalink=\"https:\/\/www.hoymercedes.com.ar\/principal\/2019\/08\/06\/pabellon-y-holanda-los-primeros-dos-clasificados-en-reserva\/reserva-liga-pos-17\/#main\" data-orig-file=\"https:\/\/www.hoymercedes.com.ar\/principal\/wp-content\/uploads\/2019\/08\/RESERVA-LIGA-POS.png\" data-orig-size=\"658,726\" data-comments-opened=\"0\" data-image-meta=\"{&quot;aperture&quot;:&quot;0&quot;,&quot;credit&quot;:&quot;&quot;,&quot;camera&quot;:&quot;&quot;,&quot;caption&quot;:&quot;&quot;,&quot;created_timestamp&quot;:&quot;0&quot;,&quot;copyright&quot;:&quot;&quot;,&quot;focal_length&quot;:&quot;0&quot;,&quot;iso&quot;:&quot;0&quot;,&quot;shutter_speed&quot;:&quot;0&quot;,&quot;title&quot;:&quot;&quot;,&quot;orientation&quot;:&quot;0&quot;}\" data-image-title=\"RESERVA-LIGA-POS\" data-image-description=\"\" data-image-caption=\"\" data-large-file=\"https:\/\/www.hoymercedes.com.ar\/principal\/wp-content\/uploads\/2019\/08\/RESERVA-LIGA-POS.png\" src=\"https:\/\/www.hoymercedes.com.ar\/principal\/wp-content\/uploads\/2019\/08\/RESERVA-LIGA-POS.png\" alt=\"\" class=\"wp-image-97749\" srcset=\"https:\/\/www.hoymercedes.com.ar\/principal\/wp-content\/uploads\/2019\/08\/RESERVA-LIGA-POS.png 658w, https:\/\/www.hoymercedes.com.ar\/principal\/wp-content\/uploads\/2019\/08\/RESERVA-LIGA-POS-136x150.png 136w, https:\/\/www.hoymercedes.com.ar\/principal\/wp-content\/uploads\/2019\/08\/RESERVA-LIGA-POS-562x620.png 562w\" sizes=\"auto, (max-width: 658px) 100vw, 658px\" \/><\/figure>\n\n\n\n<div class=\"wp-block-image\"><figure class=\"aligncenter\"><img loading=\"lazy\" decoding=\"async\" width=\"334\" height=\"644\" data-attachment-id=\"97750\" data-permalink=\"https:\/\/www.hoymercedes.com.ar\/principal\/2019\/08\/06\/pabellon-y-holanda-los-primeros-dos-clasificados-en-reserva\/goles-liga-res-10\/#main\" data-orig-file=\"https:\/\/www.hoymercedes.com.ar\/principal\/wp-content\/uploads\/2019\/08\/GOLES-LIGA-RES.png\" data-orig-size=\"334,644\" data-comments-opened=\"0\" data-image-meta=\"{&quot;aperture&quot;:&quot;0&quot;,&quot;credit&quot;:&quot;&quot;,&quot;camera&quot;:&quot;&quot;,&quot;caption&quot;:&quot;&quot;,&quot;created_timestamp&quot;:&quot;0&quot;,&quot;copyright&quot;:&quot;&quot;,&quot;focal_length&quot;:&quot;0&quot;,&quot;iso&quot;:&quot;0&quot;,&quot;shutter_speed&quot;:&quot;0&quot;,&quot;title&quot;:&quot;&quot;,&quot;orientation&quot;:&quot;0&quot;}\" data-image-title=\"GOLES-LIGA-RES\" data-image-description=\"\" data-image-caption=\"\" data-large-file=\"https:\/\/www.hoymercedes.com.ar\/principal\/wp-content\/uploads\/2019\/08\/GOLES-LIGA-RES.png\" src=\"https:\/\/www.hoymercedes.com.ar\/principal\/wp-content\/uploads\/2019\/08\/GOLES-LIGA-RES.png\" alt=\"\" class=\"wp-image-97750\" srcset=\"https:\/\/www.hoymercedes.com.ar\/principal\/wp-content\/uploads\/2019\/08\/GOLES-LIGA-RES.png 334w, https:\/\/www.hoymercedes.com.ar\/principal\/wp-content\/uploads\/2019\/08\/GOLES-LIGA-RES-78x150.png 78w, https:\/\/www.hoymercedes.com.ar\/principal\/wp-content\/uploads\/2019\/08\/GOLES-LIGA-RES-322x620.png 322w\" sizes=\"auto, (max-width: 334px) 100vw, 334px\" \/><\/figure><\/div>\n","protected":false},"excerpt":{"rendered":"<p>Si bien hay equipos que est\u00e1n virtualmente clasificados y otros virtualmente eliminados, las matem\u00e1ticas indican que en el torneo de &#8230; <a title=\"Pabell\u00f3n y Holanda, los primeros dos clasificados en Reserva\" class=\"read-more\" href=\"https:\/\/www.hoymercedes.com.ar\/principal\/2019\/08\/06\/pabellon-y-holanda-los-primeros-dos-clasificados-en-reserva\/\" aria-label=\"Leer m\u00e1s sobre Pabell\u00f3n y Holanda, los primeros dos clasificados en Reserva\">Leer m\u00e1s<\/a><\/p>\n","protected":false},"author":1,"featured_media":97749,"comment_status":"closed","ping_status":"open","sticky":false,"template":"","format":"standard","meta":{"_monsterinsights_skip_tracking":false,"_monsterinsights_sitenote_active":false,"_monsterinsights_sitenote_note":"","_monsterinsights_sitenote_category":0,"jetpack_post_was_ever_published":false,"_jetpack_newsletter_access":"","_jetpack_dont_email_post_to_subs":false,"_jetpack_newsletter_tier_id":0,"_jetpack_memberships_contains_paywalled_content":false,"_jetpack_memberships_contains_paid_content":false,"footnotes":"","jetpack_publicize_message":"","jetpack_publicize_feature_enabled":true,"jetpack_social_post_already_shared":true,"jetpack_social_options":{"image_generator_settings":{"template":"highway","default_image_id":0,"font":"","enabled":false},"version":2},"_wpas_customize_per_network":false},"categories":[21],"tags":[],"class_list":["post-97743","post","type-post","status-publish","format-standard","has-post-thumbnail","hentry","category-deportes","generate-columns","tablet-grid-50","mobile-grid-100","grid-parent","grid-50"],"jetpack_publicize_connections":[],"jetpack_featured_media_url":"https:\/\/www.hoymercedes.com.ar\/principal\/wp-content\/uploads\/2019\/08\/RESERVA-LIGA-POS.png","wps_subtitle":"Liga Mercedina","jetpack_sharing_enabled":true,"_links":{"self":[{"href":"https:\/\/www.hoymercedes.com.ar\/principal\/wp-json\/wp\/v2\/posts\/97743","targetHints":{"allow":["GET"]}}],"collection":[{"href":"https:\/\/www.hoymercedes.com.ar\/principal\/wp-json\/wp\/v2\/posts"}],"about":[{"href":"https:\/\/www.hoymercedes.com.ar\/principal\/wp-json\/wp\/v2\/types\/post"}],"author":[{"embeddable":true,"href":"https:\/\/www.hoymercedes.com.ar\/principal\/wp-json\/wp\/v2\/users\/1"}],"replies":[{"embeddable":true,"href":"https:\/\/www.hoymercedes.com.ar\/principal\/wp-json\/wp\/v2\/comments?post=97743"}],"version-history":[{"count":0,"href":"https:\/\/www.hoymercedes.com.ar\/principal\/wp-json\/wp\/v2\/posts\/97743\/revisions"}],"wp:featuredmedia":[{"embeddable":true,"href":"https:\/\/www.hoymercedes.com.ar\/principal\/wp-json\/wp\/v2\/media\/97749"}],"wp:attachment":[{"href":"https:\/\/www.hoymercedes.com.ar\/principal\/wp-json\/wp\/v2\/media?parent=97743"}],"wp:term":[{"taxonomy":"category","embeddable":true,"href":"https:\/\/www.hoymercedes.com.ar\/principal\/wp-json\/wp\/v2\/categories?post=97743"},{"taxonomy":"post_tag","embeddable":true,"href":"https:\/\/www.hoymercedes.com.ar\/principal\/wp-json\/wp\/v2\/tags?post=97743"}],"curies":[{"name":"wp","href":"https:\/\/api.w.org\/{rel}","templated":true}]}}