{"id":97746,"date":"2019-08-06T20:00:42","date_gmt":"2019-08-06T23:00:42","guid":{"rendered":"http:\/\/www.hoymercedes.com.ar\/principal\/?p=97746"},"modified":"2019-08-06T20:00:43","modified_gmt":"2019-08-06T23:00:43","slug":"nuevamente-fumigan-en-zonas-rurales-a-metros-de-las-casas","status":"publish","type":"post","link":"https:\/\/www.hoymercedes.com.ar\/principal\/2019\/08\/06\/nuevamente-fumigan-en-zonas-rurales-a-metros-de-las-casas\/","title":{"rendered":"Nuevamente fumigan en zonas rurales a metros de las casas"},"content":{"rendered":"\n<p>En dos d\u00edas consecutivos se produjeron en lugares diferentes (en el cuartel 8 y cuartel 12 del Partido de Mercedes) dos aplicaciones de agroquimicos t\u00f3xicos. Las mismas fueron realizadas sin el pre-aviso por escrito a los vecinos, se efectuaron con mas de 20km\/h de viento y no respetando la distancia m\u00ednima a casas aisladas y\u00a0caminos vecinales, tal como prev\u00e9 la Ordenanza Municipal N\u00ba 6998. <\/p>\n\n\n\n<figure class=\"wp-block-image\"><img loading=\"lazy\" decoding=\"async\" width=\"750\" height=\"448\" data-attachment-id=\"97747\" data-permalink=\"https:\/\/www.hoymercedes.com.ar\/principal\/2019\/08\/06\/nuevamente-fumigan-en-zonas-rurales-a-metros-de-las-casas\/06-ama-fumigaciones\/#main\" data-orig-file=\"https:\/\/www.hoymercedes.com.ar\/principal\/wp-content\/uploads\/2019\/08\/06-ama-fumigaciones.png\" data-orig-size=\"750,448\" data-comments-opened=\"0\" data-image-meta=\"{&quot;aperture&quot;:&quot;0&quot;,&quot;credit&quot;:&quot;&quot;,&quot;camera&quot;:&quot;&quot;,&quot;caption&quot;:&quot;&quot;,&quot;created_timestamp&quot;:&quot;0&quot;,&quot;copyright&quot;:&quot;&quot;,&quot;focal_length&quot;:&quot;0&quot;,&quot;iso&quot;:&quot;0&quot;,&quot;shutter_speed&quot;:&quot;0&quot;,&quot;title&quot;:&quot;&quot;,&quot;orientation&quot;:&quot;0&quot;}\" data-image-title=\"06 ama fumigaciones\" data-image-description=\"\" data-image-caption=\"\" data-large-file=\"https:\/\/www.hoymercedes.com.ar\/principal\/wp-content\/uploads\/2019\/08\/06-ama-fumigaciones.png\" src=\"https:\/\/www.hoymercedes.com.ar\/principal\/wp-content\/uploads\/2019\/08\/06-ama-fumigaciones.png\" alt=\"\" class=\"wp-image-97747\" srcset=\"https:\/\/www.hoymercedes.com.ar\/principal\/wp-content\/uploads\/2019\/08\/06-ama-fumigaciones.png 750w, https:\/\/www.hoymercedes.com.ar\/principal\/wp-content\/uploads\/2019\/08\/06-ama-fumigaciones-150x90.png 150w, https:\/\/www.hoymercedes.com.ar\/principal\/wp-content\/uploads\/2019\/08\/06-ama-fumigaciones-630x376.png 630w\" sizes=\"auto, (max-width: 750px) 100vw, 750px\" \/><\/figure>\n\n\n\n<p>En ambos casos los vecinos realizaron las denuncias al Municipio a trav\u00e9s\u00a0de la linea 147 y a la Polic\u00eda Bonaerense a trav\u00e9s\u00a0del 911. Ya que estas fumigaciones son en terrenos chicos , se realizan r\u00e1pidamente por lo que resta determinar la identidad de los aplicadores como as\u00ed\u00a0tambi\u00e9n\u00a0si poseen Registro de Aplicador (Ordenanza N\u00ba 6998) , Receta Agron\u00f3mica o remito de Compra (Ley 10699 Art.8), Seguro de Responsabilidad Civil (Ley 10699 &#8211; Decreto Regl. 499\/91), etc.<\/p>\n\n\n\n<p>Desde la Asamblea Mercedina por la Agroecolog\u00eda  (AMA), manifestaron: \u00abnos enteramos que nuevamente la desidia pone en peligro la salud de la poblaci\u00f3n de Mercedes. Una nueva fumigaci\u00f3n en zona complementaria (que ni siquiera es zona rural)\u00a0que, trasgrediendo la legislaci\u00f3n al respecto, ha afectado a los vecinos de los cuarteles 12 y 8.\u00a0El hecho, grave en s\u00ed mismo ya que naturaliza el uso de qu\u00edmicos t\u00f3xicos y contaminantes sobre el ambiente para influir en sus ciclos y din\u00e1micas espec\u00edficas, tiene el agravante de que la Polic\u00eda Rural, no llega a tiempo en el lugar de los hechos una vez realizada la denuncia por los vecinos que alertaron sobre la situaci\u00f3n\u00bb.<\/p>\n\n\n\n<p>\u00abExigimos a las autoridades municipales una mayor intervenci\u00f3n en el control y prevenci\u00f3n de este tipo de situaciones. El lucro privado de ninguna manera puede estar por encima de la salud colectiva\u00bb, agregan.  <\/p>\n\n\n\n<p>Desde la AMA, agradecen el accionar del \u00c1rea de Medio Ambiente Municipal,\u00a0que se acerc\u00f3 a los vecinos y colabor\u00f3 con buena voluntad. De todas maneras \u00abes necesario revisar la normativa\u00a0existente que regula la zonificaci\u00f3n y el uso de agroqu\u00edmicos, dada la reconfiguraci\u00f3n poblacional de la ciudad y la trasformaci\u00f3n de los usos del espacio en las zonas aleda\u00f1as al casco urbano.\u00bb concluyen. <\/p>\n\n\n\n<p>La denuncia fue radicada en la comisar\u00eda, y tambi\u00e9n presentada ante UFIMA. <\/p>\n\n\n\n<p><\/p>\n","protected":false},"excerpt":{"rendered":"<p>En dos d\u00edas consecutivos se produjeron en lugares diferentes (en el cuartel 8 y cuartel 12 del Partido de Mercedes) &#8230; <a title=\"Nuevamente fumigan en zonas rurales a metros de las casas\" class=\"read-more\" href=\"https:\/\/www.hoymercedes.com.ar\/principal\/2019\/08\/06\/nuevamente-fumigan-en-zonas-rurales-a-metros-de-las-casas\/\" aria-label=\"Leer m\u00e1s sobre Nuevamente fumigan en zonas rurales a metros de las casas\">Leer m\u00e1s<\/a><\/p>\n","protected":false},"author":1,"featured_media":97747,"comment_status":"closed","ping_status":"open","sticky":false,"template":"","format":"standard","meta":{"_monsterinsights_skip_tracking":false,"_monsterinsights_sitenote_active":false,"_monsterinsights_sitenote_note":"","_monsterinsights_sitenote_category":0,"jetpack_post_was_ever_published":false,"_jetpack_newsletter_access":"","_jetpack_dont_email_post_to_subs":false,"_jetpack_newsletter_tier_id":0,"_jetpack_memberships_contains_paywalled_content":false,"_jetpack_memberships_contains_paid_content":false,"footnotes":"","jetpack_publicize_message":"","jetpack_publicize_feature_enabled":true,"jetpack_social_post_already_shared":true,"jetpack_social_options":{"image_generator_settings":{"template":"highway","default_image_id":0,"font":"","enabled":false},"version":2},"_wpas_customize_per_network":false},"categories":[8],"tags":[9947,13658,15588,14398],"class_list":["post-97746","post","type-post","status-publish","format-standard","has-post-thumbnail","hentry","category-sociedad","tag-agroecologia","tag-ama","tag-denuncian","tag-fumigaciones","generate-columns","tablet-grid-50","mobile-grid-100","grid-parent","grid-50"],"jetpack_publicize_connections":[],"jetpack_featured_media_url":"https:\/\/www.hoymercedes.com.ar\/principal\/wp-content\/uploads\/2019\/08\/06-ama-fumigaciones.png","wps_subtitle":"Sin autorizaci\u00f3n","jetpack_sharing_enabled":true,"_links":{"self":[{"href":"https:\/\/www.hoymercedes.com.ar\/principal\/wp-json\/wp\/v2\/posts\/97746","targetHints":{"allow":["GET"]}}],"collection":[{"href":"https:\/\/www.hoymercedes.com.ar\/principal\/wp-json\/wp\/v2\/posts"}],"about":[{"href":"https:\/\/www.hoymercedes.com.ar\/principal\/wp-json\/wp\/v2\/types\/post"}],"author":[{"embeddable":true,"href":"https:\/\/www.hoymercedes.com.ar\/principal\/wp-json\/wp\/v2\/users\/1"}],"replies":[{"embeddable":true,"href":"https:\/\/www.hoymercedes.com.ar\/principal\/wp-json\/wp\/v2\/comments?post=97746"}],"version-history":[{"count":0,"href":"https:\/\/www.hoymercedes.com.ar\/principal\/wp-json\/wp\/v2\/posts\/97746\/revisions"}],"wp:featuredmedia":[{"embeddable":true,"href":"https:\/\/www.hoymercedes.com.ar\/principal\/wp-json\/wp\/v2\/media\/97747"}],"wp:attachment":[{"href":"https:\/\/www.hoymercedes.com.ar\/principal\/wp-json\/wp\/v2\/media?parent=97746"}],"wp:term":[{"taxonomy":"category","embeddable":true,"href":"https:\/\/www.hoymercedes.com.ar\/principal\/wp-json\/wp\/v2\/categories?post=97746"},{"taxonomy":"post_tag","embeddable":true,"href":"https:\/\/www.hoymercedes.com.ar\/principal\/wp-json\/wp\/v2\/tags?post=97746"}],"curies":[{"name":"wp","href":"https:\/\/api.w.org\/{rel}","templated":true}]}}